{"id":318280,"date":"2021-08-30T01:00:43","date_gmt":"2021-08-29T23:00:43","guid":{"rendered":"https:\/\/www.focolare.org\/chiara-lubich-o-que-de-mais-belo-posso-fazer\/"},"modified":"2024-05-15T21:12:50","modified_gmt":"2024-05-15T19:12:50","slug":"chiara-lubich-o-que-de-mais-belo-posso-fazer","status":"publish","type":"post","link":"https:\/\/www.focolare.org\/pt-pt\/chiara-lubich-o-que-de-mais-belo-posso-fazer\/","title":{"rendered":"Chiara Lubich: O que de mais belo posso fazer"},"content":{"rendered":"<p><em>A pandemia persiste e enquanto isso a crise econ\u00f4mica e social geradas por ela se agravam; a situa\u00e7\u00e3o ambiental do planeta parece dram\u00e1tica e os conflitos em algumas \u00e1reas do mundo n\u00e3o parecem atenuar-se. O que fazer? Para Chiara Lubich o rem\u00e9dio \u00e9 s\u00f3 esse: a fraternidade universal. Fazer da humanidade uma s\u00f3 fam\u00edlia a partir das pequenas, concretas, quotidianas a\u00e7\u00f5es pessoais.<\/em>  Diante das m\u00faltiplas dificuldades por mentalidades t\u00e3o opostas, por povos t\u00e3o diferentes, por culturas t\u00e3o distantes entre si, religi\u00f5es com a presen\u00e7a de extremistas que as distorcem, existe um \u00fanico rem\u00e9dio: a fraternidade universal, fazer da humanidade uma \u00fanica fam\u00edlia, tendo Deus por Pai e todos os homens como irm\u00e3os.  Como realiz\u00e1-la? Quem \u00e9 mais capaz disso?  N\u00e3o h\u00e1 d\u00favidas. Algu\u00e9m que soube morrer pelo pr\u00f3prio ideal e, a seguir, ressuscitar, dando a todos a mesma possibilidade: Jesus. Devemos fazer de tudo para traz\u00ea-lo de volta \u00e0 Terra, por nosso interm\u00e9dio, procurando ser outros Cristo e, como Jesus, ser outro Amor feito homem, Santidade, Perfei\u00e7\u00e3o.  Chegou a hora de encaminharmo-nos decididamente \u00e0 perfei\u00e7\u00e3o.  Mas em que consiste a perfei\u00e7\u00e3o?  Recentemente, num texto sobre a vida espiritual, reli frases maravilhosas de grandes Padres e santos da Igreja, a esse prop\u00f3sito. Creio que as conhecemos, mas talvez seja uma boa ideia record\u00e1-las agora.  Para todas essas pessoas eminentes da Igreja, a perfei\u00e7\u00e3o consiste em n\u00e3o parar de crescer, porque quem n\u00e3o progride, regride. E, j\u00e1 que o nosso \u00e9 o caminho do amor, devemos crescer sempre na caridade.  Portanto, temos que amar de um modo cada vez melhor. Como? Fixando o olhar no nosso modelo perfeito: [\u2026] Deus Amor.  [\u2026] S\u00e3o Francisco de Sales diz: \u00abQuem n\u00e3o ganha, perde; nesta escada, quem n\u00e3o sobe, desce; quem n\u00e3o vence, \u00e9 derrotado\u00bb<a href=\"#_ftn1\" name=\"_ftnref1\">[1]<\/a>.  \u00c9 impressionante esse radicalismo que o amor exige. Mas tudo em Deus \u00e9 radical. [\u2026]  \u00c9 dif\u00edcil? \u00c9 f\u00e1cil?  Experimentem e vejam. \u201cDoar-se\u201d em cada momento \u00e0 vontade de Deus, ao outro, ao irm\u00e3o que devemos amar, ao trabalho, ao estudo, \u00e0 ora\u00e7\u00e3o, ao lazer, \u00e0 atividade que devemos realizar. E isso deve ser feito cada vez melhor, porque, sen\u00e3o, vamos para tr\u00e1s.  Uma ajuda para nos comportarmos assim \u00e9 repetir, antes de cada a\u00e7\u00e3o, at\u00e9 da mais simples e mais banal: \u00abIsto \u00e9 o que de mais belo posso fazer neste momento!\u00bb. [\u2026]  Assim vamos treinando, tamb\u00e9m n\u00f3s, para realizar a tarefa que nos espera e \u00e9 tipicamente nossa: construir a fraternidade universal. <\/p>\n<p style=\"text-align: right;\"><em>Chiara Lubich<\/em><\/p>\n<p> <em>\u00a0<\/em><em>De \u201cConversazioni in collegamento telefonico\u201d Citta Nuova ed. pag. 620 &#8211; <\/em><em>Castel Gandolfo, 27 de setembro de 2001<\/em> <a href=\"#_ftnref1\" name=\"_ftn1\">[1]<\/a> <em>Francisco de Sales, Trattato dell\u2019amor di Dio, III, 1, Citt\u00e0 Nuova, Roma 2011, p. 222.<\/em><\/p>\n","protected":false},"excerpt":{"rendered":"<p>A pandemia persiste e enquanto isso a crise econ\u00f4mica e social geradas por ela se agravam; a situa\u00e7\u00e3o ambiental do planeta parece dram\u00e1tica e os conflitos em algumas \u00e1reas do mundo n\u00e3o parecem atenuar-se. O que fazer? Para Chiara Lubich o rem\u00e9dio \u00e9 s\u00f3 esse: a fraternidade universal. Fazer da humanidade uma s\u00f3 fam\u00edlia a partir das pequenas, concretas, quotidianas a\u00e7\u00f5es pessoais.<\/p>\n","protected":false},"author":33,"featured_media":0,"comment_status":"open","ping_status":"open","sticky":false,"template":"","format":"standard","meta":{"give_campaign_id":0,"_seopress_robots_primary_cat":"","_seopress_titles_title":"","_seopress_titles_desc":"","_seopress_robots_index":"","_et_pb_use_builder":"","_et_pb_old_content":"","_et_gb_content_width":"","footnotes":""},"categories":[129],"tags":[],"class_list":["post-318280","post","type-post","status-publish","format-standard","hentry","category-sem-categoria"],"_links":{"self":[{"href":"https:\/\/www.focolare.org\/pt-pt\/wp-json\/wp\/v2\/posts\/318280","targetHints":{"allow":["GET"]}}],"collection":[{"href":"https:\/\/www.focolare.org\/pt-pt\/wp-json\/wp\/v2\/posts"}],"about":[{"href":"https:\/\/www.focolare.org\/pt-pt\/wp-json\/wp\/v2\/types\/post"}],"author":[{"embeddable":true,"href":"https:\/\/www.focolare.org\/pt-pt\/wp-json\/wp\/v2\/users\/33"}],"replies":[{"embeddable":true,"href":"https:\/\/www.focolare.org\/pt-pt\/wp-json\/wp\/v2\/comments?post=318280"}],"version-history":[{"count":0,"href":"https:\/\/www.focolare.org\/pt-pt\/wp-json\/wp\/v2\/posts\/318280\/revisions"}],"wp:attachment":[{"href":"https:\/\/www.focolare.org\/pt-pt\/wp-json\/wp\/v2\/media?parent=318280"}],"wp:term":[{"taxonomy":"category","embeddable":true,"href":"https:\/\/www.focolare.org\/pt-pt\/wp-json\/wp\/v2\/categories?post=318280"},{"taxonomy":"post_tag","embeddable":true,"href":"https:\/\/www.focolare.org\/pt-pt\/wp-json\/wp\/v2\/tags?post=318280"}],"curies":[{"name":"wp","href":"https:\/\/api.w.org\/{rel}","templated":true}]}}