{"id":318314,"date":"2021-09-25T10:41:49","date_gmt":"2021-09-25T08:41:49","guid":{"rendered":"https:\/\/www.focolare.org\/papa-francisco-aos-bispos-de-diversas-igrejas-amigos-do-movimento-dos-focolares-a-unidade-e-o-sonho-de-deus\/"},"modified":"2024-05-15T21:12:57","modified_gmt":"2024-05-15T19:12:57","slug":"papa-francisco-aos-bispos-de-diversas-igrejas-amigos-do-movimento-dos-focolares-a-unidade-e-o-sonho-de-deus","status":"publish","type":"post","link":"https:\/\/www.focolare.org\/pt-pt\/papa-francisco-aos-bispos-de-diversas-igrejas-amigos-do-movimento-dos-focolares-a-unidade-e-o-sonho-de-deus\/","title":{"rendered":"Papa Francisco aos bispos de diversas Igrejas amigos do Movimento dos Focolares:\u00a0a unidade \u00e9 o \u201csonho\u201d de Deus"},"content":{"rendered":"<p><em>Um apelo decisivo para \u201cter a coragem de ser um\u201d \u200b\u200bna condi\u00e7\u00e3o de fragmenta\u00e7\u00e3o que o mundo est\u00e1 vivendo; a continuar no caminho de amizade empreendido, disse o Santo Padre \u00e0 delega\u00e7\u00e3o de bispos de v\u00e1rias Igrejas crist\u00e3s.<\/em>  <div id=\"attachment_244538\" style=\"width: 358px\" class=\"wp-caption alignright\"><img alt=\"\" alt=\"\" loading=\"lazy\" decoding=\"async\" aria-describedby=\"caption-attachment-244538\" class=\"wp-image-244538\" src=\"https:\/\/www.focolare.org\/wp-content\/uploads\/2021\/09\/vm250921103622_00058-bassa-510x340.jpg\" alt=\"\" width=\"348\" height=\"232\" \/><p id=\"caption-attachment-244538\" class=\"wp-caption-text\">\u00a9 Vatican Media<\/p><\/div>  \u201cDiante das \u2018sombras de um mundo fechado\u2019, onde muitos sonhos de unidade \u2018se despeda\u00e7am\u2019, onde falta \u2018um projeto para todos\u2019 e a globaliza\u00e7\u00e3o navega \u2018sem uma rota comum\u2019, onde h\u00e1 o risco que as desigualdades se agravem com o flagelo da pandemia, o Esp\u00edrito nos chama a \u2018ter a coragem de ser um\u2019, como diz o t\u00edtulo do encontro que os srs. Est\u00e3o realizando. Ousar a unidade&#8221;.  <strong>Com estas <\/strong><a href=\"https:\/\/www.vatican.va\/content\/francesco\/it\/speeches\/2021\/september\/documents\/20210925-vescovi-amicifocolari.html\"><strong>palavras<\/strong><\/a><strong> o papa Francisco encerrou o encontro \u201cA coragem de ser um. A d\u00e1diva da unidade em um mundo dividido\u201d (23-24 de setembro) dos bispos amigos do Movimento dos Focolares pertencentes a v\u00e1rias Igrejas.<\/strong> Esta manh\u00e3, ele os recebeu em audi\u00eancia na Sala dos Papas no Vaticano: estavam presentes 10 bispos, enquanto 180 de 70 Igrejas acompanharam a audi\u00eancia on-line.  <strong>Ele os incentivou a viver a unidade<\/strong>, cora\u00e7\u00e3o do Carisma de Chiara Lubich, um carisma \u201cque cresceu atraindo homens e mulheres de todas as l\u00ednguas e na\u00e7\u00f5es com a for\u00e7a do amor de Deus que cria unidade sem anular as diversidades, mas valorizando-as e harmonizando-as\u201d.  <div id=\"attachment_244539\" style=\"width: 358px\" class=\"wp-caption alignright\"><img alt=\"\" alt=\"\" loading=\"lazy\" decoding=\"async\" aria-describedby=\"caption-attachment-244539\" class=\"wp-image-244539\" src=\"https:\/\/www.focolare.org\/wp-content\/uploads\/2021\/09\/VM250921102226_0070-bassa-510x340.jpg\" alt=\"\" width=\"348\" height=\"232\" \/><p id=\"caption-attachment-244539\" class=\"wp-caption-text\">\u00a9 Vatican Media<\/p><\/div>  O Papa explicou que a unidade que Jesus Cristo nos doou \u201cn\u00e3o \u00e9 humanismo, n\u00e3o \u00e9 viver de acordo a todo custo. Obedece a um crit\u00e9rio fundamental, que \u00e9 o respeito pela pessoa, o respeito pelo rosto do outro, especialmente dos pobres, dos pequenos, dos exclu\u00eddos\u201d. Importante, enfim, o apelo a continuar o caminho ecum\u00eanico empreendido, que deve ser \u2013 ele diz \u2013 \u201csempre aberto, nunca exclusivo\u201d. E conclui com uma nota de afeto: \u201cContinuem sorrindo, que faz parte do carisma de voc\u00eas\u201d.  <strong>Com a delega\u00e7\u00e3o dos bispos tamb\u00e9m estavam presentes, o card. Koch, Presidente do Pontif\u00edcio Conselho para a Promo\u00e7\u00e3o da Unidade dos Crist\u00e3os, Margaret Karram e Jes\u00fas Mor\u00e1n, presidente e copresidente do Movimento dos Focolares<\/strong>.  <div id=\"attachment_244540\" style=\"width: 358px\" class=\"wp-caption alignleft\"><img alt=\"\" alt=\"\" loading=\"lazy\" decoding=\"async\" aria-describedby=\"caption-attachment-244540\" class=\"wp-image-244540\" src=\"https:\/\/www.focolare.org\/wp-content\/uploads\/2021\/09\/vm250921104644_00264-bassa-510x340.jpg\" alt=\"\" width=\"348\" height=\"232\" \/><p id=\"caption-attachment-244540\" class=\"wp-caption-text\">\u00a9 Vatican Media<\/p><\/div>  <strong>Dom Brendan Leahy<\/strong>, bispo cat\u00f3lico de Limerick (Irlanda), coordenador dos bispos amigos do Movimento dos Focolares, apresentou ao Papa os dois dias de encontro, definindo-os como \u201cextraordin\u00e1rios\u201d, enquanto o <strong>bispo<\/strong> <strong>Christian Krause <\/strong>(Alemanha), ex-presidente da Federa\u00e7\u00e3o Mundial Luterana, apresentou ao Santo Padre o empenho dos bispos em \u201calargar o c\u00edrculo destes encontros entre os bispos de v\u00e1rias Igrejas\u201d, a fim de dar uma contribui\u00e7\u00e3o para curar as feridas de um mundo dividido, de jovens que temem enfrentar o futuro. Antecipou tamb\u00e9m o desejo de realizar encontros semelhantes no continente africano e em outros lugares.  <strong>O Metropolita Chrysostomos<\/strong>, da Igreja Ortodoxa de Kyrenia (Chipre), destacou fortemente a experi\u00eancia de unidade vivida durante os dias do encontro: \u201c(&#8230;) nos encontramos \u2018um\u2019 como na Igreja crist\u00e3 primitiva, com o amor evang\u00e9lico entre n\u00f3s. Compartilhamos experi\u00eancias, admitindo os nossos erros; compartilhamos preocupa\u00e7\u00f5es e juntos quisemos abra\u00e7ar Jesus na cruz, solu\u00e7\u00e3o para todo tipo de falta de unidade; rezamos para ir al\u00e9m dessas divis\u00f5es. Desta forma, queremos cooperar para levar a luz de Cristo, a fim de que n\u00e3o falte a esperan\u00e7as \u00e0s pessoas\u201d. <\/p>\n<p style=\"text-align: right;\"><em>Stefania Tanesini<\/em><\/p>\n<p> &nbsp;<\/p>\n","protected":false},"excerpt":{"rendered":"<p>Um apelo decisivo para \u201cter a coragem de ser um\u201d \u200b\u200bna condi\u00e7\u00e3o de fragmenta\u00e7\u00e3o que o mundo est\u00e1 vivendo; a continuar no caminho de amizade empreendido, disse o Santo Padre \u00e0 delega\u00e7\u00e3o de bispos de v\u00e1rias Igrejas crist\u00e3s.<\/p>\n","protected":false},"author":34,"featured_media":0,"comment_status":"open","ping_status":"open","sticky":false,"template":"","format":"standard","meta":{"give_campaign_id":0,"_seopress_robots_primary_cat":"","_seopress_titles_title":"","_seopress_titles_desc":"","_seopress_robots_index":"","_et_pb_use_builder":"","_et_pb_old_content":"","_et_gb_content_width":"","footnotes":""},"categories":[129],"tags":[],"class_list":["post-318314","post","type-post","status-publish","format-standard","hentry","category-sem-categoria"],"_links":{"self":[{"href":"https:\/\/www.focolare.org\/pt-pt\/wp-json\/wp\/v2\/posts\/318314","targetHints":{"allow":["GET"]}}],"collection":[{"href":"https:\/\/www.focolare.org\/pt-pt\/wp-json\/wp\/v2\/posts"}],"about":[{"href":"https:\/\/www.focolare.org\/pt-pt\/wp-json\/wp\/v2\/types\/post"}],"author":[{"embeddable":true,"href":"https:\/\/www.focolare.org\/pt-pt\/wp-json\/wp\/v2\/users\/34"}],"replies":[{"embeddable":true,"href":"https:\/\/www.focolare.org\/pt-pt\/wp-json\/wp\/v2\/comments?post=318314"}],"version-history":[{"count":0,"href":"https:\/\/www.focolare.org\/pt-pt\/wp-json\/wp\/v2\/posts\/318314\/revisions"}],"wp:attachment":[{"href":"https:\/\/www.focolare.org\/pt-pt\/wp-json\/wp\/v2\/media?parent=318314"}],"wp:term":[{"taxonomy":"category","embeddable":true,"href":"https:\/\/www.focolare.org\/pt-pt\/wp-json\/wp\/v2\/categories?post=318314"},{"taxonomy":"post_tag","embeddable":true,"href":"https:\/\/www.focolare.org\/pt-pt\/wp-json\/wp\/v2\/tags?post=318314"}],"curies":[{"name":"wp","href":"https:\/\/api.w.org\/{rel}","templated":true}]}}