{"id":318316,"date":"2021-09-27T01:00:20","date_gmt":"2021-09-26T23:00:20","guid":{"rendered":"https:\/\/www.focolare.org\/chiara-lubich-vamos-servir-a-todos\/"},"modified":"2024-05-15T21:12:57","modified_gmt":"2024-05-15T19:12:57","slug":"chiara-lubich-vamos-servir-a-todos","status":"publish","type":"post","link":"https:\/\/www.focolare.org\/pt-pt\/chiara-lubich-vamos-servir-a-todos\/","title":{"rendered":"Chiara Lubich: Vamos servir a todos!"},"content":{"rendered":"<p><em>A Palavra de Vida deste m\u00eas de setembro nos convida a sermos servidores de todos. \u00c9 a condi\u00e7\u00e3o necess\u00e1ria para ser o primeiro. Se quisermos ser grandes, devemos nos fazer pequenos diante do irm\u00e3o, cuidar de suas necessidades, estar perto dele.<\/em>  Se Jesus, que \u00e9 Senhor e Mestre, lavou os p\u00e9s (um gesto reservado aos escravos), tamb\u00e9m n\u00f3s, se quisermos segui-Lo \u2013 e sobretudo se tivermos responsabilidades especiais \u2013, somos chamados a servir o nosso pr\u00f3ximo com a mesma concretude e dedica\u00e7\u00e3o.  Esse \u00e9 um dos paradoxos de Jesus. Ele s\u00f3 pode ser compreendido quando nos lembramos que a atitude t\u00edpica do crist\u00e3o \u00e9 o amor, o mesmo amor que o leva a colocar-se no \u00faltimo lugar, que o leva a fazer-se pequeno diante do outro, do mesmo modo como faz um pai quando brinca com o filhinho ou quando ajuda o filho maior nas tarefas escolares.  Vicente de Paula chamava os seus pobres de \u201cpatr\u00f5es\u201d e os amava e servia como se eles o fossem realmente, porque reconhecia Jesus neles. Camilo de L\u00e9lis se debru\u00e7ava sobre os doentes, lavando suas feridas, acomodando-os na cama, \u201ccom aquele afeto \u2013 como ele mesmo escreve \u2013 que uma m\u00e3e amorosa costuma ter para com o seu filho \u00fanico adoentado\u201d<a href=\"#_ftn1\" name=\"_ftnref1\">[1]<\/a>.  E como n\u00e3o lembrar \u2013 voltando aos nossos tempos \u2013 da bem-aventurada Teresa de Calcut\u00e1, que se debru\u00e7ou sobre milhares de moribundos, fazendo-se \u201cnada\u201d diante de cada um deles, os mais pobres entre os pobres?  \u201cFazer-se pequeno\u201d diante do outro significa procurar entrar o mais profundamente poss\u00edvel no seu estado de alma, at\u00e9 compartilhar os seus sofrimentos ou os seus interesses, mesmo quando estes nos parecem sem import\u00e2ncia, insignificantes, mas, ao contr\u00e1rio, constituem o tudo da vida dele.  (\u2026) \u201cViver o outro\u201d, portanto, e n\u00e3o conduzir uma vida voltada para n\u00f3s mesmos, cheia das nossas preocupa\u00e7\u00f5es, das nossas coisas, das nossas ideias, de tudo que consideramos nosso.  Esquecer a si mesmo, pospor a si mesmo para pensar no outro, para \u201cfazer-se um\u201d com quem quer que seja, at\u00e9 o ponto de descer com ele e ergu\u00ea-lo, para faz\u00ea-lo sair de suas ang\u00fastias, das suas preocupa\u00e7\u00f5es, dos seus sofrimentos, dos seus complexos, dos seus empecilhos, ou simplesmente para ajud\u00e1-lo a sair de si mesmo e a voltar-se para Deus e para os pr\u00f3ximos, e assim encontrar conjuntamente a plenitude de vida, a felicidade verdadeira.  Tamb\u00e9m os homens de governo, os administradores p\u00fablicos (\u201cos que mandam\u201d), em qualquer n\u00edvel, podem viver a pr\u00f3pria responsabilidade como um servi\u00e7o de amor, para criar e preservar as condi\u00e7\u00f5es que permitem o florescimento de todos os amores (&#8230;).  Da manh\u00e3 \u00e0 noite, de quando nos levantamos at\u00e9 quando vamos dormir, em casa, no trabalho, na escola, nas ruas podemos sempre encontrar a ocasi\u00e3o de servir e, por outro lado, tamb\u00e9m de agradecer quando somos servidos.  Fa\u00e7amos cada coisa por Jesus nos irm\u00e3os, sem esquecer ningu\u00e9m, ou melhor ainda, sendo sempre os primeiros a amar.  Vamos servir a todos! Somente assim seremos os \u201cmaiores\u201d! <\/p>\n<p style=\"text-align: right;\"><em>Chiara Lubich<\/em><\/p>\n<p> (Chiara Lubich, in <em>Parole di Vita<\/em>, a cura di Fabio Ciardi, Opere di Chiara Lubich, Citt\u00e0 Nuova, Roma, 2017, pp. 717-719)  <a name=\"_ftn1\"><\/a><a href=\"#_ftnref1\">[1]<\/a>\u00a0\u00a0\u00a0\u00a0 Cf. <em>Scritti di San Camillo<\/em>, Il Pio Samaritano, Milano-Roma 1965, p. 67.  &nbsp;<\/p>\n","protected":false},"excerpt":{"rendered":"<p>A Palavra de Vida deste m\u00eas de setembro nos convida a sermos servidores de todos. \u00c9 a condi\u00e7\u00e3o necess\u00e1ria para ser o primeiro. Se quisermos ser grandes, devemos nos fazer pequenos diante do irm\u00e3o, cuidar de suas necessidades, estar perto dele.<\/p>\n","protected":false},"author":33,"featured_media":0,"comment_status":"open","ping_status":"open","sticky":false,"template":"","format":"standard","meta":{"give_campaign_id":0,"_seopress_robots_primary_cat":"","_seopress_titles_title":"","_seopress_titles_desc":"","_seopress_robots_index":"","_et_pb_use_builder":"","_et_pb_old_content":"","_et_gb_content_width":"","footnotes":""},"categories":[129],"tags":[],"class_list":["post-318316","post","type-post","status-publish","format-standard","hentry","category-sem-categoria"],"_links":{"self":[{"href":"https:\/\/www.focolare.org\/pt-pt\/wp-json\/wp\/v2\/posts\/318316","targetHints":{"allow":["GET"]}}],"collection":[{"href":"https:\/\/www.focolare.org\/pt-pt\/wp-json\/wp\/v2\/posts"}],"about":[{"href":"https:\/\/www.focolare.org\/pt-pt\/wp-json\/wp\/v2\/types\/post"}],"author":[{"embeddable":true,"href":"https:\/\/www.focolare.org\/pt-pt\/wp-json\/wp\/v2\/users\/33"}],"replies":[{"embeddable":true,"href":"https:\/\/www.focolare.org\/pt-pt\/wp-json\/wp\/v2\/comments?post=318316"}],"version-history":[{"count":0,"href":"https:\/\/www.focolare.org\/pt-pt\/wp-json\/wp\/v2\/posts\/318316\/revisions"}],"wp:attachment":[{"href":"https:\/\/www.focolare.org\/pt-pt\/wp-json\/wp\/v2\/media?parent=318316"}],"wp:term":[{"taxonomy":"category","embeddable":true,"href":"https:\/\/www.focolare.org\/pt-pt\/wp-json\/wp\/v2\/categories?post=318316"},{"taxonomy":"post_tag","embeddable":true,"href":"https:\/\/www.focolare.org\/pt-pt\/wp-json\/wp\/v2\/tags?post=318316"}],"curies":[{"name":"wp","href":"https:\/\/api.w.org\/{rel}","templated":true}]}}