{"id":318320,"date":"2021-09-29T01:00:28","date_gmt":"2021-09-28T23:00:28","guid":{"rendered":"https:\/\/www.focolare.org\/uma-ponte-que-une\/"},"modified":"2024-05-15T21:12:58","modified_gmt":"2024-05-15T19:12:58","slug":"uma-ponte-que-une","status":"publish","type":"post","link":"https:\/\/www.focolare.org\/pt-pt\/uma-ponte-que-une\/","title":{"rendered":"Uma ponte que une"},"content":{"rendered":"<p><em>Fazer a esperan\u00e7a dar frutos. Esta \u00e9 a semente que o Papa Francisco semeou durante sua Viagem Apost\u00f3lica a Budapeste, realizada em 12 de setembro passado, por ocasi\u00e3o da Missa de encerramento do 52\u00ba Congresso Eucar\u00edstico Internacional, pouco antes de ir para a Eslov\u00e1quia. O ponto central desta breve etapa foi a Statio Orbis, &#8220;uma pausa de compromisso e de ora\u00e7\u00e3o&#8221; na qual as Igrejas particulares se uniram em comunh\u00e3o com o Papa em torno do mist\u00e9rio eucar\u00edstico, para aprofundar sua f\u00e9. Alguns membros do Movimento dos Focolares presentes no evento nos d\u00e3o sua experi\u00eancia.<\/em>  \u00c9 a famosa Ponte das Correntes, que mant\u00e9m unidas Buda e Pest sobre o Rio Dan\u00fabio, a imagem evocativa que o Papa Francisco lembrou v\u00e1rias vezes durante sua recente visita apost\u00f3lica \u00e0 Hungria. Os temas desta viagem, que terminou na Eslov\u00e1quia em 15 de setembro, inclu\u00edram o mart\u00edrio e a repress\u00e3o, a miss\u00e3o evangelizadora e, naturalmente, o Di\u00e1logo Ecum\u00eanico e Inter-religioso. Estas \u00faltimas dimens\u00f5es s\u00f3 s\u00e3o poss\u00edveis se, na base, houver &#8220;um grande desejo de unidade&#8221;, salientou o Pont\u00edfice em seu discurso durante a reuni\u00e3o com representantes do Conselho Ecum\u00eanico de Igrejas e algumas comunidades judaicas.  &#8220;N\u00e3o estamos plenamente conscientes de qu\u00e3o especial \u00e9 a presen\u00e7a de tantas denomina\u00e7\u00f5es crist\u00e3s na Hungria. Al\u00e9m disso, o Movimento dos Focolares j\u00e1 faz aqui um trabalho importante, tanto em termos de Di\u00e1logo Ecum\u00eanico como Inter-religioso, mas podemos e devemos fazer mais. A alegria do Papa nos encoraja a fazer mais uso desta nossa especificidade&#8221;.  S\u00e3o palavras de Eszter, 47 anos, casada, m\u00e3e de cinco filhos, diretora da Editora Cidade Nova na Hungria (\u00daj V\u00e1ros) e editora da se\u00e7\u00e3o de espiritualidade da Revista on-line do mesmo nome. Viver pelo irm\u00e3o&#8221;, diz ela, &#8220;significa redescobrir que unidade e Jesus Abandonado s\u00e3o duas faces de uma mesma moeda, e esta viagem s\u00f3 pode ser feita alimentando-se da Eucaristia&#8221;.  Um caminho comum, ascendente, a ser seguido todos juntos. Esta \u00e9 a unidade que este povo tanto precisava, explica \u00c1goston, apresentador de r\u00e1dio que trabalhou como diretor de comunica\u00e7\u00e3o para o Congresso Eucar\u00edstico nos \u00faltimos anos: &#8220;Nunca em minha vida tive um desejo t\u00e3o forte de unidade como agora. A unidade, naturalmente, entendida como di\u00e1logo com os representantes das diversas religi\u00f5es, mas tamb\u00e9m como uma aproxima\u00e7\u00e3o entre n\u00f3s: membros dos Focolares, homens e mulheres h\u00fangaros. Parece-me um grande desafio lutar pela defesa dos valores e, ao mesmo tempo, buscar um relacionamento com as pessoas ao nosso redor. Recentemente parece que estes fatores s\u00e3o mutuamente exclusivos, mas isto n\u00e3o \u00e9 verdade. Temos que ser mais corajosos ao nos aproximarmos, aceitando o risco&#8221;.  \u00c9 por esta raz\u00e3o que o Papa Francisco, no cora\u00e7\u00e3o da Europa, lavrando em lugares que sofreram a viol\u00eancia do totalitarismo, convida todos a se tornarem uma &#8220;raiz&#8221;, uma raiz de paz que, agitando o solo da mem\u00f3ria, \u00e9 capaz de aliment\u00e1-lo e fazer brotar o futuro. Este desejo tamb\u00e9m habita o cora\u00e7\u00e3o de Gergely, um jovem pai h\u00fangaro, que \u00e9 o editor da Cidade Nova.  &#8220;Fiquei muito impressionado com uma frase que o Papa disse durante sua homilia final na Pra\u00e7a dos Her\u00f3is, em Budapeste, no final do Congresso Eucar\u00edstico Internacional: a Eucaristia nos exorta a &#8220;quebrar-nos pelos outros&#8221;. Eu preciso da Eucaristia como alimento espiritual. \u00c9 uma maneira muito poderosa de sairmos de n\u00f3s mesmos e estarmos cada vez menos dispostos a nos ignorar mutuamente. \u201cQuando saio da igreja\u201d, continua ele, \u201ce depois da Sagrada Comunh\u00e3o tenho uma discuss\u00e3o com minha esposa, sinto imediatamente o contraste: Jesus me ama n\u00e3o importa quem eu seja, ent\u00e3o como n\u00e3o posso ver o outro com Seus olhos? Ent\u00e3o a discuss\u00e3o se torna uma conversa profunda que termina em reconcilia\u00e7\u00e3o. Devemos ver o outro como algu\u00e9m para servir, amar e aceitar, e tenho certeza de que a Eucaristia pode nos ajudar neste desafio. Sempre experimentei a presen\u00e7a de tantas igrejas na Hungria como uma riqueza e meu sonho \u00e9 estar unido a todas elas. Gostaria sempre de me concentrar no que realmente nos une, e foi isto que o carisma de Chiara Lubich me ensinou ao longo dos anos: construir pontes e encontrar Jesus em cada pessoa&#8221;. <\/p>\n<p style=\"text-align: right;\"><em>Maria Grazia Berretta<\/em><\/p>\n<p> &nbsp;<\/p>\n","protected":false},"excerpt":{"rendered":"<p>Fazer a esperan\u00e7a dar frutos. Esta \u00e9 a semente que o Papa Francisco semeou durante sua Viagem Apost\u00f3lica a Budapeste, realizada em 12 de setembro passado, por ocasi\u00e3o da Missa de encerramento do 52\u00ba Congresso Eucar\u00edstico Internacional, pouco antes de ir para a Eslov\u00e1quia. O ponto central desta breve etapa foi a Statio Orbis, &#8220;uma pausa de compromisso e de ora\u00e7\u00e3o&#8221; na qual as Igrejas particulares se uniram em comunh\u00e3o com o Papa em torno do mist\u00e9rio eucar\u00edstico, para aprofundar sua f\u00e9. Alguns membros do Movimento dos Focolares presentes no evento nos d\u00e3o sua experi\u00eancia.<\/p>\n","protected":false},"author":33,"featured_media":0,"comment_status":"open","ping_status":"open","sticky":false,"template":"","format":"standard","meta":{"give_campaign_id":0,"_seopress_robots_primary_cat":"","_seopress_titles_title":"","_seopress_titles_desc":"","_seopress_robots_index":"","_et_pb_use_builder":"","_et_pb_old_content":"","_et_gb_content_width":"","footnotes":""},"categories":[129],"tags":[],"class_list":["post-318320","post","type-post","status-publish","format-standard","hentry","category-sem-categoria"],"_links":{"self":[{"href":"https:\/\/www.focolare.org\/pt-pt\/wp-json\/wp\/v2\/posts\/318320","targetHints":{"allow":["GET"]}}],"collection":[{"href":"https:\/\/www.focolare.org\/pt-pt\/wp-json\/wp\/v2\/posts"}],"about":[{"href":"https:\/\/www.focolare.org\/pt-pt\/wp-json\/wp\/v2\/types\/post"}],"author":[{"embeddable":true,"href":"https:\/\/www.focolare.org\/pt-pt\/wp-json\/wp\/v2\/users\/33"}],"replies":[{"embeddable":true,"href":"https:\/\/www.focolare.org\/pt-pt\/wp-json\/wp\/v2\/comments?post=318320"}],"version-history":[{"count":0,"href":"https:\/\/www.focolare.org\/pt-pt\/wp-json\/wp\/v2\/posts\/318320\/revisions"}],"wp:attachment":[{"href":"https:\/\/www.focolare.org\/pt-pt\/wp-json\/wp\/v2\/media?parent=318320"}],"wp:term":[{"taxonomy":"category","embeddable":true,"href":"https:\/\/www.focolare.org\/pt-pt\/wp-json\/wp\/v2\/categories?post=318320"},{"taxonomy":"post_tag","embeddable":true,"href":"https:\/\/www.focolare.org\/pt-pt\/wp-json\/wp\/v2\/tags?post=318320"}],"curies":[{"name":"wp","href":"https:\/\/api.w.org\/{rel}","templated":true}]}}