{"id":318368,"date":"2021-11-09T13:30:20","date_gmt":"2021-11-09T12:30:20","guid":{"rendered":"https:\/\/www.focolare.org\/declaracao-do-movimento-dos-focolares-sobre-a-publicacao-do-livro-la-setta-divina1-de-ferruccio-pinotti-piemme-ed\/"},"modified":"2024-05-15T21:13:07","modified_gmt":"2024-05-15T19:13:07","slug":"declaracao-do-movimento-dos-focolares-sobre-a-publicacao-do-livro-la-setta-divina1-de-ferruccio-pinotti-piemme-ed","status":"publish","type":"post","link":"https:\/\/www.focolare.org\/pt-pt\/declaracao-do-movimento-dos-focolares-sobre-a-publicacao-do-livro-la-setta-divina1-de-ferruccio-pinotti-piemme-ed\/","title":{"rendered":"Declara\u00e7\u00e3o do Movimento dos Focolares sobre a publica\u00e7\u00e3o do livro \u201cLa setta divina\u201d[1] de Ferruccio Pinotti (PIEMME Ed.)"},"content":{"rendered":"<p><em>O Movimento dos Focolares tomou conhecimento da publica\u00e7\u00e3o do livro \u201cLa setta divina\u201d do jornalista Ferruccio Pinotti (PIEMME Ed.), lan\u00e7ado hoje nas livrarias italianas.<\/em>  O volume chega em um momento dif\u00edcil e crucial da hist\u00f3ria do Movimento dos Focolares: o da passagem da fase de funda\u00e7\u00e3o \u00e0 p\u00f3s-funda\u00e7\u00e3o. Ao longo da hist\u00f3ria da Igreja, este \u00e9 um per\u00edodo que muitas vezes p\u00f4s \u00e0 prova ordens religiosas, movimentos e comunidades, nascidos de uma inspira\u00e7\u00e3o carism\u00e1tica.  O livro de Ferruccio Pinotti pretende demonstrar que tamb\u00e9m no Movimento dos Focolares o zelo inicial \u00e0s vezes levou a interpreta\u00e7\u00f5es err\u00f4neas do carisma de Chiara Lubich e\/ou a a\u00e7\u00f5es equivocadas. Todavia, dos documentos que Pinotti granjeou e publicou no livro referentes a alguns debates internos do Movimento dos Focolares, verifica-se maior conscientiza\u00e7\u00e3o, nos membros, destes e de outros desvios de sua hist\u00f3ria e da necessidade de remedi\u00e1-los.  No entanto, o volume n\u00e3o logra oferecer uma apresenta\u00e7\u00e3o objetiva e ponderada de tal carisma, reconhecido pela Igreja Cat\u00f3lica, e n\u00e3o considera o empenho de milhares e milhares de pessoas que, inspiradas na vida e no ensinamento da fundadora, dedicam-se diariamente, no mundo inteiro, com generosidade, a criar rela\u00e7\u00f5es, a sanar feridas e a superar divis\u00f5es em todos os \u00e2mbitos da vida eclesial e social, a fim de construir um mundo mais fraterno e mais unido.  Consideramos indiscut\u00edvel a dor das pessoas que, nessas p\u00e1ginas, contam suas hist\u00f3rias de grandes sofrimentos, decep\u00e7\u00f5es, enganos e abusos sofridos, assim como daquelas que n\u00e3o quiseram tornar p\u00fablicos os pr\u00f3prios testemunhos. O Movimento dos Focolares, na pessoa da Presidente Margaret Karram e do Copresidente Jes\u00fas Mor\u00e1n, exprime mais uma vez a vergonha e a dor em rela\u00e7\u00e3o \u00e0s v\u00edtimas e a todas as pessoas que de algum modo se sentiram ofendidas, bem como a sua proximidade e o desejo de continuar ou de empreender um caminho de di\u00e1logo com elas. Reafirma o seu compromisso no combate a todas as formas de abuso, na continuidade dos percursos de preven\u00e7\u00e3o e de forma\u00e7\u00e3o para os membros e as lideran\u00e7as. Reitera tamb\u00e9m o convite a todas as pessoas que tenham fatos ou hist\u00f3rias de abusos a relat\u00e1-los, entrando em contato com a Comiss\u00e3o Nacional do Movimento dos Focolares para a Prote\u00e7\u00e3o integral de Crian\u00e7as, Adolescentes e Pessoas Vulner\u00e1veis (COPAC<a href=\"#_ftn2\" name=\"_ftnref2\">[2]<\/a>) ou com os respectivos \u00f3rg\u00e3os eclesiais.  Apesar da leitura parcial, unilateral, por vezes imprecisa ou reducionista da hist\u00f3ria, da espiritualidade e da atividade do Movimento, consideramos este livro como um impulso a mais na continua\u00e7\u00e3o dos processos de convers\u00e3o e renova\u00e7\u00e3o em curso, na fidelidade ao carisma de funda\u00e7\u00e3o e no desenvolvimento de um di\u00e1logo aberto, livre e cr\u00edtico dentro do Movimento e com todos os que desejarem compreender plenamente a sua realidade e colaborar com ele. <\/p>\n<p style=\"text-align: right;\"><em>Stefania Tanesini<\/em><\/p>\n<p> <a href=\"#_ftnref1\" name=\"_ftn1\">[1]<\/a>Em tradu\u00e7\u00e3o livre \u201cA seita divina\u201d (n.d.t.).  <a href=\"#_ftnref2\" name=\"_ftn2\">[2]<\/a>Nome e sigla da Comiss\u00e3o brasileira (n.t.d).<\/p>\n","protected":false},"excerpt":{"rendered":"<p>O Movimento dos Focolares tomou conhecimento da publica\u00e7\u00e3o do livro \u201cLa setta divina\u201d do jornalista Ferruccio Pinotti (PIEMME Ed.), lan\u00e7ado hoje nas livrarias italianas.<\/p>\n","protected":false},"author":27,"featured_media":0,"comment_status":"open","ping_status":"open","sticky":false,"template":"","format":"standard","meta":{"give_campaign_id":0,"_seopress_robots_primary_cat":"","_seopress_titles_title":"","_seopress_titles_desc":"","_seopress_robots_index":"","_et_pb_use_builder":"","_et_pb_old_content":"","_et_gb_content_width":"","footnotes":""},"categories":[129],"tags":[],"class_list":["post-318368","post","type-post","status-publish","format-standard","hentry","category-sem-categoria"],"_links":{"self":[{"href":"https:\/\/www.focolare.org\/pt-pt\/wp-json\/wp\/v2\/posts\/318368","targetHints":{"allow":["GET"]}}],"collection":[{"href":"https:\/\/www.focolare.org\/pt-pt\/wp-json\/wp\/v2\/posts"}],"about":[{"href":"https:\/\/www.focolare.org\/pt-pt\/wp-json\/wp\/v2\/types\/post"}],"author":[{"embeddable":true,"href":"https:\/\/www.focolare.org\/pt-pt\/wp-json\/wp\/v2\/users\/27"}],"replies":[{"embeddable":true,"href":"https:\/\/www.focolare.org\/pt-pt\/wp-json\/wp\/v2\/comments?post=318368"}],"version-history":[{"count":0,"href":"https:\/\/www.focolare.org\/pt-pt\/wp-json\/wp\/v2\/posts\/318368\/revisions"}],"wp:attachment":[{"href":"https:\/\/www.focolare.org\/pt-pt\/wp-json\/wp\/v2\/media?parent=318368"}],"wp:term":[{"taxonomy":"category","embeddable":true,"href":"https:\/\/www.focolare.org\/pt-pt\/wp-json\/wp\/v2\/categories?post=318368"},{"taxonomy":"post_tag","embeddable":true,"href":"https:\/\/www.focolare.org\/pt-pt\/wp-json\/wp\/v2\/tags?post=318368"}],"curies":[{"name":"wp","href":"https:\/\/api.w.org\/{rel}","templated":true}]}}