{"id":318378,"date":"2021-11-17T03:00:05","date_gmt":"2021-11-17T02:00:05","guid":{"rendered":"https:\/\/www.focolare.org\/evangelho-vivido-bem-aventurados-os-que-promovem-a-paz-pois-eles-serao-chamados-filhos-de-deus-mt-59\/"},"modified":"2024-05-15T21:13:08","modified_gmt":"2024-05-15T19:13:08","slug":"evangelho-vivido-bem-aventurados-os-que-promovem-a-paz-pois-eles-serao-chamados-filhos-de-deus-mt-59","status":"publish","type":"post","link":"https:\/\/www.focolare.org\/pt-pt\/evangelho-vivido-bem-aventurados-os-que-promovem-a-paz-pois-eles-serao-chamados-filhos-de-deus-mt-59\/","title":{"rendered":"Evangelho Vivido: \u201cBem-aventurados os que promovem a paz, pois eles ser\u00e3o chamados filhos de Deus.\u201d (Mt 5,9)"},"content":{"rendered":"<p><em>Como um canteiro sempre aberto onde cada um \u00e9 chamado a \u201cconstruir\u201d. Essa \u00e9 a paz, e n\u00e3o somente a aus\u00eancia de guerra ou um conceito abstrato. \u00c9 algo a ser constru\u00eddo em conjunto, enfrentando todas as dificuldades e partindo do nosso pequeno gesto.<\/em>  <strong>Um novo Rob<\/strong> Rob saiu de casa depois de uma briga que parecia ter colocado fim ao nosso casamento. Passaram-se dois anos desde que partiu, e n\u00e3o ouvi not\u00edcias suas a n\u00e3o ser alguma coisa que os pais dele me contavam: estava fazendo testes para filmes e come\u00e7ando a entrar no mundo cinematogr\u00e1fico. Quando voltou da It\u00e1lia desiludido e sem nenhum tost\u00e3o, parecia um cachorro sem dono. Chorando, me pediu perd\u00e3o. Aquele homem que eu havia amado, estimado, escolhido como companheiro de vida parecia agora um estranho, um falido para mim. Onde foi parar a sua impetuosidade? E a beleza que era o seu orgulho? Quanto a mim, durante o per\u00edodo de afastamento do meu marido, me aproximei da f\u00e9 e comecei a organizar a vida sobre valores que eu estava negligenciando. Quando ele voltou, tive a impress\u00e3o de que Deus estivesse colocando a minha f\u00e9 \u00e0 prova. Sa\u00ed fortificada. Atualmente, ele tamb\u00e9m encontrou n\u00e3o s\u00f3 uma nova paz, mas estamos descobrindo juntos um novo modo de viver. S\u00f3 agora parece que comecei a conhecer um novo Rob. (R. H. \u2013 Su\u00ed\u00e7a)  <strong>Construtores de unidade<\/strong> Durante uma reuni\u00e3o de trabalho online, no meu grupo formado por membros de diversos pa\u00edses, depois das v\u00e1rias apresenta\u00e7\u00f5es, algu\u00e9m se atreveu de forma imprudente a fazer defini\u00e7\u00f5es alheias segundo as \u201ccores\u201d pol\u00edticas com tons de nacionalismo e fascismo. A tens\u00e3o criada acabou em uma troca de palavras ofensivas. Como jornalista que j\u00e1 viajou tanto e tamb\u00e9m estudou a hist\u00f3ria dos pa\u00edses em quest\u00e3o, meu parecer era bem diferente do daqueles que se baseavam no \u201couvi dizer\u201d e no que a m\u00eddia retrata. Naquele dia, a sess\u00e3o foi verdadeiramente um fracasso. No dia seguinte, me preparando para um outro grupo de trabalho, me dispus a evidenciar em cada participante somente os elementos que constroem e n\u00e3o aqueles que dividem. A coisa foi diferente, tanto que, quando foi a minha vez de falar, todos se sentiram valorizados. Tiro daqui uma reflex\u00e3o: podemos nos tornar, c\u00famplices da desuni\u00e3o, mesmo s\u00f3 ficando calados, ou elementos construtivos e unificadores. Custa caro a realiza\u00e7\u00e3o do sonho de Jesus: \u201cQue todos sejam um\u201d. (G.M. \u2013 Hungria)  <strong>No sil\u00eancio<\/strong> No hospital, eu tinha de dar o plant\u00e3o noturno com outro m\u00e9dico. Ele era crist\u00e3o n\u00e3o praticante e, ao me ver participando da missa quase todos os dias, muitas vezes zombava de mim. Nosso turno durava a noite inteira, mas ele j\u00e1 me deixava no fim da tarde e isso significava muito mais trabalho para mim. Apesar disso, procurei manter uma postura aberta com rela\u00e7\u00e3o a ele, sem julgar, por um m\u00eas, dois&#8230; Um dia, ele expressou o desejo de ir \u00e0 missa comigo (\u201cNesses meses, aprendi muitas coisas com o seu modo de amar em sil\u00eancio\u201d). Desde ent\u00e3o, n\u00e3o s\u00f3 faz o seu turno at\u00e9 o fim, como se preocupa para que eu n\u00e3o me canse tanto durante a noite. (Bashar \u2013 Iraque) <\/p>\n<p style=\"text-align: right;\"><em>Por Maria Grazia Berretta<\/em><\/p>\n<p> <em>(trecho de Il Vangelo del Giorno, Citt\u00e0 Nuova, ano VII, n\u00ba4<\/em><em>, novembro-dezembro de 2021)<\/em><\/p>\n","protected":false},"excerpt":{"rendered":"<p>Como um canteiro sempre aberto onde cada um \u00e9 chamado a \u201cconstruir\u201d. Essa \u00e9 a paz, e n\u00e3o somente a aus\u00eancia de guerra ou um conceito abstrato. \u00c9 algo a ser constru\u00eddo em conjunto, enfrentando todas as dificuldades e partindo do nosso pequeno gesto.<\/p>\n","protected":false},"author":33,"featured_media":0,"comment_status":"open","ping_status":"open","sticky":false,"template":"","format":"standard","meta":{"give_campaign_id":0,"_seopress_robots_primary_cat":"","_seopress_titles_title":"","_seopress_titles_desc":"","_seopress_robots_index":"","_et_pb_use_builder":"","_et_pb_old_content":"","_et_gb_content_width":"","footnotes":""},"categories":[129],"tags":[],"class_list":["post-318378","post","type-post","status-publish","format-standard","hentry","category-sem-categoria"],"_links":{"self":[{"href":"https:\/\/www.focolare.org\/pt-pt\/wp-json\/wp\/v2\/posts\/318378","targetHints":{"allow":["GET"]}}],"collection":[{"href":"https:\/\/www.focolare.org\/pt-pt\/wp-json\/wp\/v2\/posts"}],"about":[{"href":"https:\/\/www.focolare.org\/pt-pt\/wp-json\/wp\/v2\/types\/post"}],"author":[{"embeddable":true,"href":"https:\/\/www.focolare.org\/pt-pt\/wp-json\/wp\/v2\/users\/33"}],"replies":[{"embeddable":true,"href":"https:\/\/www.focolare.org\/pt-pt\/wp-json\/wp\/v2\/comments?post=318378"}],"version-history":[{"count":0,"href":"https:\/\/www.focolare.org\/pt-pt\/wp-json\/wp\/v2\/posts\/318378\/revisions"}],"wp:attachment":[{"href":"https:\/\/www.focolare.org\/pt-pt\/wp-json\/wp\/v2\/media?parent=318378"}],"wp:term":[{"taxonomy":"category","embeddable":true,"href":"https:\/\/www.focolare.org\/pt-pt\/wp-json\/wp\/v2\/categories?post=318378"},{"taxonomy":"post_tag","embeddable":true,"href":"https:\/\/www.focolare.org\/pt-pt\/wp-json\/wp\/v2\/tags?post=318378"}],"curies":[{"name":"wp","href":"https:\/\/api.w.org\/{rel}","templated":true}]}}