{"id":318408,"date":"2021-12-14T03:00:43","date_gmt":"2021-12-14T02:00:43","guid":{"rendered":"https:\/\/www.focolare.org\/escola-abba-uma-flor-com-quatro-petalas\/"},"modified":"2024-05-15T21:13:14","modified_gmt":"2024-05-15T19:13:14","slug":"escola-abba-uma-flor-com-quatro-petalas","status":"publish","type":"post","link":"https:\/\/www.focolare.org\/pt-pt\/escola-abba-uma-flor-com-quatro-petalas\/","title":{"rendered":"Escola Abb\u00e0: uma flor com quatro p\u00e9talas"},"content":{"rendered":"<p><em>Ap\u00f3s a Assembl\u00e9ia Geral do Movimento dos Focolares, no in\u00edcio de 2021, a Escola Abb\u00e0 (Centro de Estudos do Movimento dos Focolares) recome\u00e7ou com uma nova configura\u00e7\u00e3o. Para saber mais, entrevistamos seu diretor, Dom Piero Coda, ex-reitor do Instituto Universit\u00e1rio Sophia em Loppiano (It\u00e1lia), recentemente nomeado pelo Papa Francisco como Secret\u00e1rio Geral da Comiss\u00e3o Teol\u00f3gica Internacional.<\/em>  <strong>Voc\u00ea estava no primeiro grupo convocado por Chiara Lubich para formar a Escola Abba: quais s\u00e3o os objetivos deste grupo de estudo? Como tem sido sua experi\u00eancia intelectual e espiritual em contato com o pensamento e a vida da Lubich? <\/strong> Certamente, por uma d\u00e1diva singular de Deus, eu me vi participando do in\u00edcio desta experi\u00eancia com Monsenhor Klaus Hemmerle, em 1989, antes do in\u00edcio oficial da Escola Abba, em 1990. O objetivo que Chiara Lubich confiou a este Centro de Estudos original, desde o in\u00edcio, foi o de estudar e analisar as implica\u00e7\u00f5es teol\u00f3gicas, culturais e sociais do carisma da unidade. Mas, antes de tudo, o de ter uma experi\u00eancia vivida e compartilhada do Evangelho de Jesus na luz que flui do carisma. Tanto que uma das <img alt=\"\" alt=\"\" loading=\"lazy\" decoding=\"async\" class=\"wp-image-246145 alignright\" src=\"https:\/\/www.focolare.org\/wp-content\/uploads\/2021\/12\/WhatsApp-Image-2021-10-21-at-17.41.22-453x340.jpeg\" alt=\"\" width=\"332\" height=\"249\" \/>\u00faltimas instru\u00e7\u00f5es que Chiara deu \u00e0 Escola Abba em 2004 foi: \u00abSejam um cen\u00e1culo de santidade!\u00bb Esta \u00e9 a d\u00e1diva e a tarefa da Escola Abba: aprender a habitar com a pr\u00f3pria vida, e assim tamb\u00e9m com o pr\u00f3prio pensamento, naquele lugar onde a presen\u00e7a de Jesus ressuscitado no meio nosso meio no coloca, aquele lugar que \u00e9 a vida de Deus, o seio do Pai. Esta vida &#8211; Chiara nos ensinou de acordo com o Evangelho e a f\u00e9 da Igreja &#8211; \u00e9 a pr\u00f3pria vida da Sant\u00edssima Trindade, n\u00e3o somente no c\u00e9u, mas no nosso meio: \u201cna terra como no c\u00e9u\u201d.  Para mim foi e \u00e9 uma experi\u00eancia \u00fanica. Eu poderia descrev\u00ea-la com as palavras da primeira carta de Jo\u00e3o: \u00abmeus olhos viram, minhas m\u00e3os tocaram, meus ouvidos ouviram&#8230; a Palavra da vida\u00bb: os sentidos da alma se acenderam e experimentaram a luz de Jesus abandonado e ressuscitado, com a qual olhar para a realidade de uma nova maneira. Assim, mais do que antes, a teologia tornou-se para mim um fato vital e fascinante e, ao mesmo tempo, uma vez que especialistas de todas as disciplinas est\u00e3o presentes na Escola Abb\u00e0, visando viver a unidade tamb\u00e9m na comunh\u00e3o de pensamento, abriu-se o horizonte da interdisciplinaridade e da transdisciplinaridade, ou seja, da descoberta da raiz e do objetivo comum de todas as formas de conhecimento que, portanto, s\u00e3o chamadas concretamente a dialogar umas com as outras. A teologia que pratico tem sido extraordinariamente enriquecida neste di\u00e1logo conduzido n\u00e3o apenas no plano interpessoal, mas tamb\u00e9m no plano das rela\u00e7\u00f5es entre disciplinas.  <strong><img alt=\"\" alt=\"\" loading=\"lazy\" decoding=\"async\" class=\" wp-image-246144 alignleft\" src=\"https:\/\/www.focolare.org\/wp-content\/uploads\/2021\/12\/WhatsApp-Image-2021-10-21-at-17.41.22-1-453x340.jpeg\" alt=\"\" width=\"310\" height=\"233\" \/>Recentemente, a Escola Abba passou por algumas mudan\u00e7as e voc\u00ea se tornou o novo diretor em mar\u00e7o de 2021. Poderia nos dizer em que consistem estas mudan\u00e7as? <\/strong> A Escola Abba tem agora mais de 30 anos e, ao longo deste tempo, ela foi se desenvolvendo e enriquecendo. Quase 50 pessoas ingressaram na Escola em diferentes momentos, at\u00e9 2004, com a presen\u00e7a constante e decisiva de Chiara. Em seguida, nasceram grupos de v\u00e1rias disciplinas em torno de seus membros: psicologia, sociologia, pol\u00edtica, economia, ci\u00eancias naturais, arte, di\u00e1logo&#8230; atualmente mais de 300 pessoas no mundo inteiro.  Em conjunto com a Assembl\u00e9ia Geral da Obra de Maria e como fruto de um dia inteiro de discernimento comunit\u00e1rio, foi observado que a &#8220;flor&#8221; da Escola Abba nestes anos floresceu com &#8220;quatro p\u00e9talas&#8221;: e assim procuramos dar-lhes uma configura\u00e7\u00e3o unit\u00e1ria e distinta, que reconhece e promove este desenvolvimento a servi\u00e7o da miss\u00e3o da Obra de Maria.  Uma &#8220;p\u00e9tala&#8221; \u00e9 formada por aqueles (cerca de quinze pessoas) que s\u00e3o chamados a continuar o estudo espec\u00edfico do significado carism\u00e1tico e cultural do evento de 1949, como express\u00e3o peculiar do carisma da unidade na experi\u00eancia vivida por Chiara, Foco (Igino Giordani), as primeiras companheiras e depois gradualmente por todos aqueles que participam do carisma, um evento de gra\u00e7a do qual guardamos um precioso testemunho escrito pela pr\u00f3pria Chiara.  Uma segunda &#8220;p\u00e9tala&#8221; \u00e9 aquela comprometida com a transmiss\u00e3o deste patrim\u00f4nio de luz e doutrina para as novas gera\u00e7\u00f5es: um grupo de 27 jovens estudiosos, com diferentes habilidades disciplinares, de v\u00e1rias partes do mundo.  A terceira &#8220;p\u00e9tala&#8221; re\u00fane aqueles que fizeram parte da Escola Abba at\u00e9 agora, e que continuam fazendo parte dela (um bom grupo de 29 pessoas), com o objetivo de realizar projetos de pesquisa inspirados no carisma e a servi\u00e7o da Obra, com base em suas respectivas habilidades e experi\u00eancia.  Finalmente, a quarta &#8220;p\u00e9tala&#8221; \u00e9 a dos grupos disciplinares com alcance internacional.  <strong>Que projetos voc\u00eas t\u00eam para o futuro?<\/strong> Estamos colocando projetos sobre a mesa para discernir o que fazer e como faz\u00ea-lo. Algumas coisas interessantes j\u00e1 est\u00e3o surgindo. A primeira \u00e9 dar forma a um &#8220;l\u00e9xico&#8221; da vida da unidade: uma esp\u00e9cie de <em>vademecum<\/em>, no qual as id\u00e9ias e as for\u00e7as liberadas pelo carisma da unidade s\u00e3o apresentadas de forma universal e enriquecidas \u00e0 luz de todos os progressos realizados at\u00e9 o momento.  Uma outra coisa \u00e9 oferecer uma contribui\u00e7\u00e3o, partindo da especificidade do carisma, para o caminho sinodal da Igreja que o Papa Francisco acabou de lan\u00e7ar. De fato, acreditamos que neste sentido h\u00e1 algo importante: porque Chiara, em 1949, disse que a \u00abAlma\u00bb &#8211; este novo sujeito, pessoal e comunit\u00e1rio ao mesmo tempo, que nasce do pacto de unidade &#8211; est\u00e1 \u00abvestida de Igreja\u00bb que \u00e9 acolhida no seio da Trindade e \u00e9 um \u00abgrupo\u00bb que caminha. E s\u00ednodo, de fato, \u00e9 o nome da Igreja que caminha lado a lado com todos, come\u00e7ando pelos mais pobres e descartados e com todos aqueles em quem reconhecemos o rosto e o grito de Jesus Abandonado.  Depois, h\u00e1 o grande tema antropol\u00f3gico que desafia nosso tempo: em particular, a rela\u00e7\u00e3o entre as pessoas e, especialmente, entre os homens e as mulheres e entre culturas diferentes. E, finalmente, a rela\u00e7\u00e3o entre as religi\u00f5es: um sinal dos tempos e um prop\u00f3sito espec\u00edfico do carisma da unidade.  <strong>Uma pessoa que faz parte do Movimento dos Focolares poderia perguntar: como posso participar da Escola Abba?<\/strong> Toda a Obra de Maria \u00e9 uma Escola Abba! Como Chiara mesma dizia, o Movimento nasceu como uma escola. Na Escola Abba, e portanto tamb\u00e9m na Obra, \u00e9 preciso colocar-se naquela mesma atitude de aprender algo novo e viver, como Deus fez com Chiara, Foco, as primeiras focolarinas e os primeiros focolarinos, especialmente em 1949.  O compromisso, portanto, \u00e9 que a Escola Abba n\u00e3o seja uma casa com as portas fechadas, mas que seja toda ela de janelas e portas, para que todos possam participar. Vejo, por exemplo, a pequena experi\u00eancia que estamos tendo em Loppiano em oferecer alguns <em>insights<\/em> para que todos possam participar dessa luz. \u00c9 algo extremamente positivo: tamb\u00e9m porque quando esta luz chega \u00e0s pessoas em suas diferentes situa\u00e7\u00f5es, em suas diferentes habilidades, em suas diferentes sensibilidades, desperta alegria e criatividade.  A Escola Abba n\u00e3o \u00e9 uma realidade unidirecional: no sentido de que ela parte apenas da luz que \u00e9 oferecida. N\u00e3o! A luz come\u00e7a e retorna enriquecida pela experi\u00eancia, pelas perguntas, pelas solu\u00e7\u00f5es que a vida do povo de Chiara ganha e oferece.  Uma circularidade virtuosa, portanto, que deve ser cada vez mais e cada vez melhor ativada e promovida. <\/p>\n<p style=\"text-align: right;\"><em>Carlos Mana<\/em><\/p>\n","protected":false},"excerpt":{"rendered":"<p>Ap\u00f3s a Assembl\u00e9ia Geral do Movimento dos Focolares, no in\u00edcio de 2021, a Escola Abb\u00e0 (Centro de Estudos do Movimento dos Focolares) recome\u00e7ou com uma nova configura\u00e7\u00e3o. Para saber mais, entrevistamos seu diretor, Dom Piero Coda, ex-reitor do Instituto Universit\u00e1rio Sophia em Loppiano (It\u00e1lia), recentemente nomeado pelo Papa Francisco como Secret\u00e1rio Geral da Comiss\u00e3o Teol\u00f3gica Internacional.<\/p>\n","protected":false},"author":33,"featured_media":0,"comment_status":"open","ping_status":"open","sticky":false,"template":"","format":"standard","meta":{"give_campaign_id":0,"_seopress_robots_primary_cat":"","_seopress_titles_title":"","_seopress_titles_desc":"","_seopress_robots_index":"","_et_pb_use_builder":"","_et_pb_old_content":"","_et_gb_content_width":"","footnotes":""},"categories":[129],"tags":[],"class_list":["post-318408","post","type-post","status-publish","format-standard","hentry","category-sem-categoria"],"_links":{"self":[{"href":"https:\/\/www.focolare.org\/pt-pt\/wp-json\/wp\/v2\/posts\/318408","targetHints":{"allow":["GET"]}}],"collection":[{"href":"https:\/\/www.focolare.org\/pt-pt\/wp-json\/wp\/v2\/posts"}],"about":[{"href":"https:\/\/www.focolare.org\/pt-pt\/wp-json\/wp\/v2\/types\/post"}],"author":[{"embeddable":true,"href":"https:\/\/www.focolare.org\/pt-pt\/wp-json\/wp\/v2\/users\/33"}],"replies":[{"embeddable":true,"href":"https:\/\/www.focolare.org\/pt-pt\/wp-json\/wp\/v2\/comments?post=318408"}],"version-history":[{"count":0,"href":"https:\/\/www.focolare.org\/pt-pt\/wp-json\/wp\/v2\/posts\/318408\/revisions"}],"wp:attachment":[{"href":"https:\/\/www.focolare.org\/pt-pt\/wp-json\/wp\/v2\/media?parent=318408"}],"wp:term":[{"taxonomy":"category","embeddable":true,"href":"https:\/\/www.focolare.org\/pt-pt\/wp-json\/wp\/v2\/categories?post=318408"},{"taxonomy":"post_tag","embeddable":true,"href":"https:\/\/www.focolare.org\/pt-pt\/wp-json\/wp\/v2\/tags?post=318408"}],"curies":[{"name":"wp","href":"https:\/\/api.w.org\/{rel}","templated":true}]}}