{"id":318412,"date":"2021-12-16T03:00:40","date_gmt":"2021-12-16T02:00:40","guid":{"rendered":"https:\/\/www.focolare.org\/evangelho-vivido-bem-aventurada-aquela-que-acreditou-lc-145\/"},"modified":"2024-05-15T21:13:14","modified_gmt":"2024-05-15T19:13:14","slug":"evangelho-vivido-bem-aventurada-aquela-que-acreditou-lc-145","status":"publish","type":"post","link":"https:\/\/www.focolare.org\/pt-pt\/evangelho-vivido-bem-aventurada-aquela-que-acreditou-lc-145\/","title":{"rendered":"Evangelho vivido: \u201cBem-aventurada aquela que acreditou\u201d (Lc 1,45)"},"content":{"rendered":"<p><em>Depois de receber a visita da for\u00e7a do Alt\u00edssimo, Maria correu para a casa da prima Isabel com o cora\u00e7\u00e3o em festa. Foi o primeiro gesto mission\u00e1rio da M\u00e3e de Deus depois de ter dito o seu \u201cSim\u201d: ir ao encontro do pr\u00f3ximo com uma boa not\u00edcia. O Natal \u00e9 a \u00e9poca em que tamb\u00e9m n\u00f3s podemos levar esse an\u00fancio ao mundo com generosidade.<\/em>  <strong>Como uma po\u00e7a<\/strong> Na nossa fam\u00edlia, os filhos perderam todos os limites e respeito em nome da liberdade. Um dia, para n\u00e3o revidar e reencontrar a calma, consegui dar dois passos e, como fa\u00e7o frequentemente, comecei a rezar o ter\u00e7o. Eu pensava em Maria. Ela foi esposa e m\u00e3e. Havia conservado tudo dentro do seu cora\u00e7\u00e3o, inclusive a sua dor. Mesmo sentindo uma mistura de negatividade dentro de mim, rezar e refletir me devolveram a paz e deram a for\u00e7a para tentar levar aquela serenidade para casa. Em um momento, enquanto caminhava, vi uma po\u00e7a, na qual se refletia o c\u00e9u. Eu me sentia um pouco assim: uma po\u00e7a que pode espelhar o c\u00e9u. Isso bastou para recome\u00e7ar com uma alegria nova. (F.A. \u2013 Alb\u00e2nia)  <strong>Juntos<\/strong> Eu havia programado com o meu marido que depois do trabalho ele ficaria em casa para fazer companhia ao nosso filho, John, que tem s\u00edndrome de Down, assim, eu poderia participar de um encontro na par\u00f3quia. No entanto, ultimamente, esse revezamento dos pais para ficar com o John estava acontecendo com muita frequ\u00eancia e, consequentemente, notei rea\u00e7\u00f5es negativas injustificadas nele. Refletindo, decidi renunciar ao encontro para ficar com o meu filho. Quando soube que todos ficar\u00edamos juntos em casa, seu comportamento desafiador diminuiu. Enquanto estava preparando o jantar, ele veio e me disse: \u201cDesculpa por sido mal-educado, mam\u00e3e. Vamos recome\u00e7ar\u201d. Estava se referindo a algo que havia feito no dia anterior e queria dizer \u201cvamos recome\u00e7ar a nos amar\u201d. Fiquei contente porque ele havia se lembrado da ofensa. Meu marido tamb\u00e9m ficou em casa e a harmonia familiar foi refor\u00e7ada. Passamos uma noite bel\u00edssima. Quando John foi dormir, estava visivelmente feliz. (R.S. \u2013 EUA)  <strong>No hospital<\/strong> Ontem de manh\u00e3, no hospital onde fa\u00e7o um trabalho volunt\u00e1rio, fui cumprimentar um paciente j\u00e1 idoso. Quando perguntei se ele gostaria de receber a eucaristia, sorriu balan\u00e7ando a cabe\u00e7a: \u201cFaz tanto tempo que n\u00e3o recebo a comunh\u00e3o&#8230;\u201d. Ent\u00e3o, propus: \u201cQuer pelo menos fazer uma ora\u00e7\u00e3o?\u201d, e ele respondeu: \u201cSim, mas voc\u00ea precisa me ajudar, porque n\u00e3o me lembro como fazer\u201d. Eu comecei e ele foi me acompanhando, palavra por palavra. Ao terminar a ora\u00e7\u00e3o, ele concluiu sorrindo: \u201cMe emocionei\u201d. E pensar que eu achava que ele era dur\u00e3o pela apar\u00eancia. Despedi-me dele com carinho. (Umberto \u2013 It\u00e1lia) <\/p>\n<p style=\"text-align: right;\"><em>por Maria Grazia Berretta<\/em><\/p>\n<p> <em>(<\/em><em>trecho de Il Vangelo del Giorno, Citt\u00e0 Nuova, ano<\/em><em> VII, n.4, novembro-dezembro de 2021)<\/em>  Foto \u00a9 Joachim Schwind &#8211; CSC Audiovisivi<\/p>\n","protected":false},"excerpt":{"rendered":"<p>Depois de receber a visita da for\u00e7a do Alt\u00edssimo, Maria correu para a casa da prima Isabel com o cora\u00e7\u00e3o em festa. Foi o primeiro gesto mission\u00e1rio da M\u00e3e de Deus depois de ter dito o seu \u201cSim\u201d: ir ao encontro do pr\u00f3ximo com uma boa not\u00edcia. O Natal \u00e9 a \u00e9poca em que tamb\u00e9m n\u00f3s podemos levar esse an\u00fancio ao mundo com generosidade.<\/p>\n","protected":false},"author":33,"featured_media":0,"comment_status":"open","ping_status":"open","sticky":false,"template":"","format":"standard","meta":{"give_campaign_id":0,"_seopress_robots_primary_cat":"","_seopress_titles_title":"","_seopress_titles_desc":"","_seopress_robots_index":"","_et_pb_use_builder":"","_et_pb_old_content":"","_et_gb_content_width":"","footnotes":""},"categories":[129],"tags":[],"class_list":["post-318412","post","type-post","status-publish","format-standard","hentry","category-sem-categoria"],"_links":{"self":[{"href":"https:\/\/www.focolare.org\/pt-pt\/wp-json\/wp\/v2\/posts\/318412","targetHints":{"allow":["GET"]}}],"collection":[{"href":"https:\/\/www.focolare.org\/pt-pt\/wp-json\/wp\/v2\/posts"}],"about":[{"href":"https:\/\/www.focolare.org\/pt-pt\/wp-json\/wp\/v2\/types\/post"}],"author":[{"embeddable":true,"href":"https:\/\/www.focolare.org\/pt-pt\/wp-json\/wp\/v2\/users\/33"}],"replies":[{"embeddable":true,"href":"https:\/\/www.focolare.org\/pt-pt\/wp-json\/wp\/v2\/comments?post=318412"}],"version-history":[{"count":0,"href":"https:\/\/www.focolare.org\/pt-pt\/wp-json\/wp\/v2\/posts\/318412\/revisions"}],"wp:attachment":[{"href":"https:\/\/www.focolare.org\/pt-pt\/wp-json\/wp\/v2\/media?parent=318412"}],"wp:term":[{"taxonomy":"category","embeddable":true,"href":"https:\/\/www.focolare.org\/pt-pt\/wp-json\/wp\/v2\/categories?post=318412"},{"taxonomy":"post_tag","embeddable":true,"href":"https:\/\/www.focolare.org\/pt-pt\/wp-json\/wp\/v2\/tags?post=318412"}],"curies":[{"name":"wp","href":"https:\/\/api.w.org\/{rel}","templated":true}]}}