{"id":318442,"date":"2022-01-07T03:00:49","date_gmt":"2022-01-07T02:00:49","guid":{"rendered":"https:\/\/www.focolare.org\/evangelho-vivido-viemos-aqui-para-adora-lo-mt-22\/"},"modified":"2024-05-15T21:13:19","modified_gmt":"2024-05-15T19:13:19","slug":"evangelho-vivido-viemos-aqui-para-adora-lo-mt-22","status":"publish","type":"post","link":"https:\/\/www.focolare.org\/pt-pt\/evangelho-vivido-viemos-aqui-para-adora-lo-mt-22\/","title":{"rendered":"Evangelho vivido: Viemos aqui para ador\u00e1-lo (Mt 2,2"},"content":{"rendered":"<p><em>Seguir a Estrela que leva ao Menino Jesus e tornar-se peregrino. Seguindo o exemplo dos Reis Magos, este tempo \u00e9 uma oportunidade preciosa para retomarmos o caminho juntos novamente, testemunhando todos os dias a cada pr\u00f3ximo a maravilha que habita naquela gruta e vem para renovar todas as coisas.<\/em>  <strong>O positivo na mudan\u00e7a<\/strong> Ao rever a vida de um ano inteiro marcado pela pandemia inesperada, tenho a impress\u00e3o de estar assistindo a um filme de a\u00e7\u00e3o que nos abalou um pouco a todos, pais e filhos. Ter que mudar os planos e o ritmo de vida tem sido muitas vezes dif\u00edcil e cansativo, mas tamb\u00e9m \u00e9 verdade que trouxe uma lufada de ar fresco para nossa fam\u00edlia. Tomamos consci\u00eancia de novas maneiras de nos relacionarmos uns com os outros, de necessidades que n\u00e3o hav\u00edamos considerado anteriormente. Se a f\u00e9 tivesse sido um tabu com nossos filhos, aqui estamos agora diante de nossas pr\u00f3prias fragilidades, com temores de dimens\u00f5es planet\u00e1rias e com perguntas que antes ficavam sem resposta. A verdadeira mudan\u00e7a, por\u00e9m, come\u00e7ou quando nos perguntamos sobre o significado do que estava acontecendo. Acostumados a ter respostas para cada pergunta, desta vez ficamos perplexos com o desconhecido. Em resumo, nos encontramos mais solid\u00e1rios n\u00e3o apenas uns com os outros na fam\u00edlia, mas tamb\u00e9m com os outros que n\u00e3o s\u00e3o da fam\u00edlia. Encontramo-nos por considerar a humanidade como uma s\u00f3 fam\u00edlia. (R.F. &#8211; Fran\u00e7a)  <strong>Amor entre os reclusos<\/strong> Fa\u00e7o trabalho volunt\u00e1rio na pris\u00e3o de minha cidade e, junto com outros volunt\u00e1rios cuido do &#8220;Projeto de leitura Citt\u00e0 Nuova&#8221; (n.d.T. Cidade Nova), no qual muitos prisioneiros participam todas as semanas. Um deles parecia arrependido por n\u00e3o poder se aproximar da Eucaristia porque n\u00e3o tinha forma\u00e7\u00e3o catequ\u00e9tica, por isso sugeri que o preparasse. Feliz, ele me agradeceu e junto com o capel\u00e3o elaboramos um programa para as aulas. Espontaneamente, alguns outros detentos se juntaram a ele. Em poucos meses, est\u00e1vamos prontos e, na data escolhida para receber o Sacramento, para minha grande surpresa, a igreja estava cheia: meus companheiros de se\u00e7\u00e3o, que raramente assistem aos cultos religiosos, vieram \u00e0 missa, bem vestidos. E n\u00e3o apenas isso: buscando lembran\u00e7as da inf\u00e2ncia, eles cuidaram das can\u00e7\u00f5es, das leituras e das ora\u00e7\u00f5es dos fi\u00e9is. Entusiasmados como todos n\u00f3s, eles desfrutaram da atmosfera familiar que foi criada, onde ningu\u00e9m se sentia s\u00f3. (Antonietta &#8211; It\u00e1lia)  <strong>De joelhos<\/strong> Ele vive sozinho em um casebre sujo, \u00e9 semiparalisado e est\u00e1 reduzido a pele e ossos. Deve ter pouco mais de 60 anos de idade, mas parece muito mais velho. Tinha abandonado a f\u00e9 e os sacramentos h\u00e1 anos, e na primeira vez que fui levar-lhe comida e roupas, sugeri que rez\u00e1ssemos juntos. Ele n\u00e3o podia mais se lembrar do Pai Nosso, s\u00f3 conhecia a Ave Maria. Quando sa\u00ed, pedi-lhe uma b\u00ean\u00e7\u00e3o, mesmo sendo mais jovem do que ele, um estrangeiro e, aos seus olhos, um estrangeiro rico. Levantei a sua m\u00e3o paralisada e com ela marquei a cruz na minha cabe\u00e7a. Aquele pobre homem, olhou para mim com os olhos cheios de alegria, surpresa e l\u00e1grimas. Nosso compromisso agora se tornou um compromisso semanal. Cada vez rezamos juntos algumas ora\u00e7\u00f5es que lhe v\u00eam \u00e0 mente. Ele as recita em voz alta. A \u00fanica maneira de me aproximar dele \u00e9 ajoelhar ao lado de sua cama, e enquanto isso penso: &#8220;Aqui estou eu, Senhor, ajoelhado diante de Ti&#8221;. (L.B. &#8211; Tail\u00e2ndia) <\/p>\n<p style=\"text-align: right;\"><em>Por Maria Grazia Berretta<\/em><\/p>\n<p> <em>(extra\u00eddo de Il Vangelo del Giorno, Citt\u00e0 Nuova, ano VIII, n\u00ba 1, janeiro-fevereiro 2022)<\/em><\/p>\n","protected":false},"excerpt":{"rendered":"<p>Seguir a Estrela que leva ao Menino Jesus e tornar-se peregrino. Seguindo o exemplo dos Reis Magos, este tempo \u00e9 uma oportunidade preciosa para retomarmos o caminho juntos novamente, testemunhando todos os dias a cada pr\u00f3ximo a maravilha que habita naquela gruta e vem para renovar todas as coisas.<\/p>\n","protected":false},"author":33,"featured_media":0,"comment_status":"open","ping_status":"open","sticky":false,"template":"","format":"standard","meta":{"give_campaign_id":0,"_seopress_robots_primary_cat":"","_seopress_titles_title":"","_seopress_titles_desc":"","_seopress_robots_index":"","_et_pb_use_builder":"","_et_pb_old_content":"","_et_gb_content_width":"","footnotes":""},"categories":[129],"tags":[],"class_list":["post-318442","post","type-post","status-publish","format-standard","hentry","category-sem-categoria"],"_links":{"self":[{"href":"https:\/\/www.focolare.org\/pt-pt\/wp-json\/wp\/v2\/posts\/318442","targetHints":{"allow":["GET"]}}],"collection":[{"href":"https:\/\/www.focolare.org\/pt-pt\/wp-json\/wp\/v2\/posts"}],"about":[{"href":"https:\/\/www.focolare.org\/pt-pt\/wp-json\/wp\/v2\/types\/post"}],"author":[{"embeddable":true,"href":"https:\/\/www.focolare.org\/pt-pt\/wp-json\/wp\/v2\/users\/33"}],"replies":[{"embeddable":true,"href":"https:\/\/www.focolare.org\/pt-pt\/wp-json\/wp\/v2\/comments?post=318442"}],"version-history":[{"count":0,"href":"https:\/\/www.focolare.org\/pt-pt\/wp-json\/wp\/v2\/posts\/318442\/revisions"}],"wp:attachment":[{"href":"https:\/\/www.focolare.org\/pt-pt\/wp-json\/wp\/v2\/media?parent=318442"}],"wp:term":[{"taxonomy":"category","embeddable":true,"href":"https:\/\/www.focolare.org\/pt-pt\/wp-json\/wp\/v2\/categories?post=318442"},{"taxonomy":"post_tag","embeddable":true,"href":"https:\/\/www.focolare.org\/pt-pt\/wp-json\/wp\/v2\/tags?post=318442"}],"curies":[{"name":"wp","href":"https:\/\/api.w.org\/{rel}","templated":true}]}}