{"id":318448,"date":"2022-01-13T03:00:14","date_gmt":"2022-01-13T02:00:14","guid":{"rendered":"https:\/\/www.focolare.org\/a-sinodalidade-na-america-latina\/"},"modified":"2024-05-15T21:13:21","modified_gmt":"2024-05-15T19:13:21","slug":"a-sinodalidade-na-america-latina","status":"publish","type":"post","link":"https:\/\/www.focolare.org\/pt-pt\/a-sinodalidade-na-america-latina\/","title":{"rendered":"A sinodalidade na Am\u00e9rica Latina"},"content":{"rendered":"<p><em>A Igreja na Am\u00e9rica Latina fez uma experi\u00eancia in\u00e9dita na realiza\u00e7\u00e3o da Assembleia Eclesial: um caminho feito por todo o Povo de Deus, num processo que teve seu ponto forte no final de novembro passado, e que agora continua para atuar as orienta\u00e7\u00f5es pastorais evidenciadas.<\/em>  \u201cVivemos uma verdadeira experi\u00eancia de sinodalidade, na escuta rec\u00edproca e no discernimento comunit\u00e1rio daquilo que o Esp\u00edrito Santo deseja dizer \u00e0 sua Igreja. Caminhamos juntos reconhecendo a nossa poli\u00e9drica diversidade, mas, principalmente, aquilo que nos une e, no di\u00e1logo, o nosso cora\u00e7\u00e3o de disc\u00edpulos olhou para a realidade que o continente vive, nos seus sofrimentos e esperan\u00e7as\u201d.  Assim afirmaram os 885 membros da Assembleia Eclesial da Am\u00e9rica Latina e Caribe, realizada de 21 a 28 de novembro, de modo virtual e presencial, no M\u00e9xico, com representantes de todos os pa\u00edses do continente americano.  <img alt=\"\" alt=\"\" loading=\"lazy\" decoding=\"async\" class=\" wp-image-246617 alignright\" src=\"https:\/\/www.focolare.org\/wp-content\/uploads\/2022\/01\/AE-01-510x340.jpg\" alt=\"\" width=\"401\" height=\"267\" \/>\u201cNo dia 24 de janeiro de 2021 \u2013 diz Susana Nuim, focolarina uruguaia, coordenadora do Cebitepal, \u00f3rg\u00e3o da Conselho Episcopal da Am\u00e9rica Latina e Caribe (CELAM) que se dedica \u00e0 forma\u00e7\u00e3o \u2013 o Papa Francisco abriu o processo desta primeira assembleia eclesial, com a indica\u00e7\u00e3o de que tomasse parte todo o Santo Povo de Deus, isto \u00e9, cardeais, bispos, sacerdotes, religiosos e religiosas, leigos e leigas, incluindo todas as gera\u00e7\u00f5es e todas as culturas\u201d.  Um caminho que envolveu todas as dioceses, as par\u00f3quias, as comunidades e os movimentos em um tempo de \u201cescuta\u201d. Chegaram 70 mil respostas coletivas ou individuais que ser\u00e3o reunidas em um livro. Deste material sa\u00edram as grandes linhas sobre as quais trabalhou-se nos v\u00e1rios grupos.  \u201cNa minha opini\u00e3o \u2013 continua Susana Naim \u2013 os grupos constitu\u00edram um espa\u00e7o muito interessante, pelo compromisso e o interesse dos participantes. Trabalh\u00e1vamos durante tr\u00eas horas seguidas, com muita liberdade de express\u00e3o, com vontade de mudan\u00e7a\u201d.  <img alt=\"\" alt=\"\" loading=\"lazy\" decoding=\"async\" class=\"wp-image-246618 alignleft\" src=\"https:\/\/www.focolare.org\/wp-content\/uploads\/2022\/01\/Foto-Oficial-Asamblea-Eclesial-800x445-1-611x340.jpg\" alt=\"\" width=\"412\" height=\"229\" \/>\u201cPara mim foi uma verdadeira experi\u00eancia de sinodalidade \u2013 interv\u00eam Sandra Ferreira Ribeiro, focolarina brasileira, correspons\u00e1vel no Centro Uno, a secretaria para o di\u00e1logo entre crist\u00e3os de diferentes Igrejas do Movimento dos Focolares -. Todo dia, nos trabalhos de grupo, havia uma nova pergunta a ser respondida com base na tem\u00e1tica vista na primeira parte do dia. No nosso grupo \u00e9ramos 14 pessoas de v\u00e1rios pa\u00edses, voca\u00e7\u00f5es e idades, todos conectados via Zoom. Inicialmente ouv\u00edamos o pensamento de cada um, depois procur\u00e1vamos identificar uma prioridade naquilo que viera em relevo, fazendo uma s\u00edntese\u201d.  Um trabalho intenso e fecundo, com breves pausas de intervalo que \u00e0s vezes eram at\u00e9 deixadas de lado para continuar o di\u00e1logo, e assim enviar \u00e0 equipe de coordena\u00e7\u00e3o alguma reflex\u00e3o pessoal. Os recursos online permitiram uma participa\u00e7\u00e3o maior, ainda que isso tenha representado um limite no conhecimento m\u00fatuo, aquele que nasce espontaneamente \u201cnos corredores\u201d, nos intervalos e que faz tamb\u00e9m parte da sinodalidade. Os momentos de ora\u00e7\u00e3o, muito bem preparados especialmente pelas religiosas e religiosos, exprimiram as contribui\u00e7\u00f5es culturais com s\u00edmbolos e express\u00f5es musicais, sempre fundamentados na Palavra.  Como em qualquer caminho sinodal houve inclusive espa\u00e7o para a discord\u00e2ncia, para a troca entre pontos de vista \u00e0s vezes divergentes, mas que nunca levaram a confrontos ou rupturas.  De maneira expressa decidiu-se n\u00e3o redigir um documento final, porque h\u00e1 ainda muito o que colocar em pr\u00e1tica no Documento de Aparecida (2007). Al\u00e9m disso, esta Assembleia \u00e9 apenas um passo no caminho iniciado que deve continuar, e continuar\u00e1. A decis\u00e3o foi lan\u00e7ar uma mensagem a todo o Povo de Deus da Am\u00e9rica Latina e Caribe, que cont\u00e9m os desafios e as orienta\u00e7\u00f5es pastorais priorit\u00e1rias, que v\u00e3o do novo impulso enquanto Igreja em sa\u00edda ao protagonismo dos jovens e das mulheres; da promo\u00e7\u00e3o da vida humana, da concep\u00e7\u00e3o \u00e0 morte natural, \u00e0 forma\u00e7\u00e3o \u00e0 sinodalidade. Desafios que incluem a escuta e o acompanhamento dos pobres, exclu\u00eddos e descartados, com a finalidade de redescobrir o valor dos povos origin\u00e1rios, a incultura\u00e7\u00e3o e a interculturalidade; prioridade em colocar em pr\u00e1tica os sonhos de \u201cQuerida Amaz\u00f4nia\u201d<sup>1<\/sup> pela defesa da vida, da terra e das culturas origin\u00e1rias e afrodescendentes. E, n\u00e3o por \u00faltimo, dar cuidadosa aten\u00e7\u00e3o \u00e0s v\u00edtimas de abusos ocorridos no contexto eclesial, e trabalhar para a preven\u00e7\u00e3o.  Entre os convidados, estavam presentes o cardeal Marc Ouelet, prefeito da Congrega\u00e7\u00e3o para os Bispos e presidente da Pontif\u00edcia Comiss\u00e3o para a Am\u00e9rica Latina; o cardeal Mario Grech, secret\u00e1rio geral do S\u00ednodo dos Bispos; representantes das confer\u00eancias episcopais regionais, que acompanharam os trabalhos com grande interesse.  \u201cFoi um momento privilegiado para poder encontrar a Igreja da Am\u00e9rica Latina \u2013 conclui Sandra Ferreira Ribeiro -. No meu grupo havia bispos, sacerdotes, religiosos, leigos. Reencontrei a Igreja justamente nos seus membros, nas pessoas que exprimiam as pr\u00f3prias ansiedades e preocupa\u00e7\u00f5es. Foi emocionante ver a Igreja latino-americana viva, din\u00e2mica, e o seu desejo de levar a fraternidade, o Reino de Deus. O desejo de levar, verdadeiramente, Jesus a todos\u201d. <\/p>\n<p style=\"text-align: right;\"><em>Carlos Mana<\/em><\/p>\n<p> <em>\u00a0<\/em><em>Para baixar a mensagem final: <\/em><em><a href=\"https:\/\/www.cec.org.co\/sites\/default\/files\/MENSAJE%20FINAL-Asamblea-Eclesial.pdf\">https:\/\/www.cec.org.co\/sites\/default\/files\/MENSAJE%20FINAL-Asamblea-Eclesial.pdf<\/a><\/em>  1 \u201cQuerida Amaz\u00f4nia\u201d \u00e9 uma exorta\u00e7\u00e3o apost\u00f3lica p\u00f3s-sinodal de 2020, do Papa Francisco, em resposta ao S\u00ednodo dos Bispos da regi\u00e3o Pan-Amaz\u00f4nica, realizado em Roma, em outubro de 2019.<\/p>\n","protected":false},"excerpt":{"rendered":"<p>A Igreja na Am\u00e9rica Latina fez uma experi\u00eancia in\u00e9dita na realiza\u00e7\u00e3o da Assembleia Eclesial: um caminho feito por todo o Povo de Deus, num processo que teve seu ponto forte no final de novembro passado, e que agora continua para atuar as orienta\u00e7\u00f5es pastorais evidenciadas.<\/p>\n","protected":false},"author":33,"featured_media":0,"comment_status":"open","ping_status":"open","sticky":false,"template":"","format":"standard","meta":{"give_campaign_id":0,"_seopress_robots_primary_cat":"","_seopress_titles_title":"","_seopress_titles_desc":"","_seopress_robots_index":"","_et_pb_use_builder":"","_et_pb_old_content":"","_et_gb_content_width":"","footnotes":""},"categories":[129],"tags":[],"class_list":["post-318448","post","type-post","status-publish","format-standard","hentry","category-sem-categoria"],"_links":{"self":[{"href":"https:\/\/www.focolare.org\/pt-pt\/wp-json\/wp\/v2\/posts\/318448","targetHints":{"allow":["GET"]}}],"collection":[{"href":"https:\/\/www.focolare.org\/pt-pt\/wp-json\/wp\/v2\/posts"}],"about":[{"href":"https:\/\/www.focolare.org\/pt-pt\/wp-json\/wp\/v2\/types\/post"}],"author":[{"embeddable":true,"href":"https:\/\/www.focolare.org\/pt-pt\/wp-json\/wp\/v2\/users\/33"}],"replies":[{"embeddable":true,"href":"https:\/\/www.focolare.org\/pt-pt\/wp-json\/wp\/v2\/comments?post=318448"}],"version-history":[{"count":0,"href":"https:\/\/www.focolare.org\/pt-pt\/wp-json\/wp\/v2\/posts\/318448\/revisions"}],"wp:attachment":[{"href":"https:\/\/www.focolare.org\/pt-pt\/wp-json\/wp\/v2\/media?parent=318448"}],"wp:term":[{"taxonomy":"category","embeddable":true,"href":"https:\/\/www.focolare.org\/pt-pt\/wp-json\/wp\/v2\/categories?post=318448"},{"taxonomy":"post_tag","embeddable":true,"href":"https:\/\/www.focolare.org\/pt-pt\/wp-json\/wp\/v2\/tags?post=318448"}],"curies":[{"name":"wp","href":"https:\/\/api.w.org\/{rel}","templated":true}]}}