{"id":318482,"date":"2022-02-10T03:00:22","date_gmt":"2022-02-10T02:00:22","guid":{"rendered":"https:\/\/www.focolare.org\/o-evangelho-vivido-quem-vem-a-mim-eu-nao-o-lancarei-fora-joao-637\/"},"modified":"2024-05-15T21:13:27","modified_gmt":"2024-05-15T19:13:27","slug":"o-evangelho-vivido-quem-vem-a-mim-eu-nao-o-lancarei-fora-joao-637","status":"publish","type":"post","link":"https:\/\/www.focolare.org\/pt-pt\/o-evangelho-vivido-quem-vem-a-mim-eu-nao-o-lancarei-fora-joao-637\/","title":{"rendered":"O Evangelho vivido \u201cQuem vem a mim eu n\u00e3o o lan\u00e7arei fora.\u201d (Jo\u00e3o 6,37)"},"content":{"rendered":"<p><em>Encontrar Jesus no pr\u00f3ximo \u00e9 descobrir a ternura e a beleza do Seu amor. A abertura ao outro nos permite ser um dom para todos os que passam por n\u00f3s e receber um c\u00eantuplo inesperado.<\/em>  <strong>O cora\u00e7\u00e3o pleno de alegria<\/strong> Em nossa cidade vive uma fam\u00edlia muito pobre com cinco filhos. O pai \u00e9 um alc\u00f3olatra. Tr\u00eas deles est\u00e3o na mesma classe dos meus filhos. Uma noite, quando est\u00e1vamos saindo da escola, estava chovendo muito. Coloquei meus filhos no carro e, vendo aquelas tr\u00eas crian\u00e7as na rua, as fiz entrar e as levei para casa. O mais novo me disse: &#8220;Venha conhecer a minha m\u00e3e!\u201d. Entramos na casa, muito humilde, e a mulher me agradeceu; ent\u00e3o, conversando, ela me disse que estava procurando uma cama de segunda m\u00e3o para o \u00faltimo filho nascido e me mostrou os quartos cujos revestimentos das paredes estavam se desprendendo por causa da umidade. As outras quatro crian\u00e7as dormem todas no mesmo quarto. A menor, de dois anos, estava quase despida, estava com um vestidinho que era comprido demais para ela. Eu prometi que no dia seguinte levaria uma cama dobr\u00e1vel que n\u00f3s raramente usamos. No dia seguinte, quando chegamos na casa daquela fam\u00edlia com a cama, alguns brinquedos e algumas roupas, as crian\u00e7as saltaram de alegria, inclusive as minhas. N\u00f3s nos despedimos com a promessa de voltar e, no retorno a casa, minha filhinha exclamou: &#8220;Mam\u00e3e, meu cora\u00e7\u00e3o est\u00e1 cheio de alegria&#8221;. (M.O.D. \u2013 Fran\u00e7a)  <strong>O ex-diretor<\/strong> Um dia, na rua, me deparei com o diretor do instituto onde eu estava ensinando: foi ele quem me demitiu algum tempo antes, sob um pretexto. Na \u00e9poca ele ainda era sacerdote, mas havia deixado o minist\u00e9rio e tinha se casado. Quando ele me reconheceu, tentou me evitar, mas eu fui at\u00e9 ele. Para quebrar o gelo pedi not\u00edcias suas. Ele me disse que estava morando em outra cidade, que tinha se casado com uma vi\u00fava, m\u00e3e de dois filhos, e que tinha vindo \u00e0 procura de trabalho. Com dificuldade consegui seu endere\u00e7o e nos despedimos. No dia seguinte, a not\u00edcia se espalhou entre meus amigos que eu estava procurando um emprego para algu\u00e9m necessitado. A resposta n\u00e3o demorou muito para chegar e me contataram para uma proposta que poderia responder ao meu pedido. Quando entrei em contato com ele para comunicar, ele mal podia acreditar! Aceitou com profunda gratid\u00e3o. Ficou comovido por eu ter me interessado por ele. (J. \u2013 Argentina)  <strong>O av\u00f4<\/strong> Desde que meu av\u00f4 come\u00e7ou a ter s\u00e9rios problemas para se locomover, ele desistiu de suas caminhadas habituais e est\u00e1 sempre em casa lendo, em uma poltrona, e cochilando, mesmo que o geriatra o tenha encorajado a se exercitar e sair. Como podemos reavivar nele o desejo de se recuperar, de lutar pela vida? Nossas filhas amorosamente inventaram a melhor maneira de ajudar ao av\u00f4 que estava sempre cansado e deprimido. De vez em quando, elas pegavam as cartas de baralho e o convidavam para uma partida de bisca. Ele tentava se desviar, dizendo que n\u00e3o podia mais jogar, mas elas n\u00e3o desistiam. E no jogo, conduzido com o entusiasmo e a anima\u00e7\u00e3o das crian\u00e7as, ele reencontrou a alegria e o desejo de estarmos juntos. Al\u00e9m disso, as meninas sempre o lembravam dos exerc\u00edcios que ele deveria fazer, como por exemplo a prova do &#8220;passo cadenciado&#8221;: para ajudar o av\u00f4 a levantar os joelhos e n\u00e3o arrastar os p\u00e9s, elas se sentavam no ch\u00e3o com as pernas estendidas, ent\u00e3o ele tinha que passar por cima delas levantando bem os p\u00e9s. (F.G. &#8211; It\u00e1lia) <\/p>\n<p style=\"text-align: right;\"><em>Redigido por Maria Grazia Berretta<\/em><\/p>\n<p> <em>Extra\u00eddo de<\/em><em>\u00a0\u201cIl Vangelo del Giorno, Citt\u00e0 Nuova, anno VIII, n.1, gennaio-febbraio 2022)<\/em><\/p>\n","protected":false},"excerpt":{"rendered":"<p>Encontrar Jesus no pr\u00f3ximo \u00e9 descobrir a ternura e a beleza do Seu amor. A abertura ao outro nos permite ser um dom para todos os que passam por n\u00f3s e receber um c\u00eantuplo inesperado.<\/p>\n","protected":false},"author":33,"featured_media":0,"comment_status":"open","ping_status":"open","sticky":false,"template":"","format":"standard","meta":{"give_campaign_id":0,"_seopress_robots_primary_cat":"","_seopress_titles_title":"","_seopress_titles_desc":"","_seopress_robots_index":"","_et_pb_use_builder":"","_et_pb_old_content":"","_et_gb_content_width":"","footnotes":""},"categories":[129],"tags":[],"class_list":["post-318482","post","type-post","status-publish","format-standard","hentry","category-sem-categoria"],"_links":{"self":[{"href":"https:\/\/www.focolare.org\/pt-pt\/wp-json\/wp\/v2\/posts\/318482","targetHints":{"allow":["GET"]}}],"collection":[{"href":"https:\/\/www.focolare.org\/pt-pt\/wp-json\/wp\/v2\/posts"}],"about":[{"href":"https:\/\/www.focolare.org\/pt-pt\/wp-json\/wp\/v2\/types\/post"}],"author":[{"embeddable":true,"href":"https:\/\/www.focolare.org\/pt-pt\/wp-json\/wp\/v2\/users\/33"}],"replies":[{"embeddable":true,"href":"https:\/\/www.focolare.org\/pt-pt\/wp-json\/wp\/v2\/comments?post=318482"}],"version-history":[{"count":0,"href":"https:\/\/www.focolare.org\/pt-pt\/wp-json\/wp\/v2\/posts\/318482\/revisions"}],"wp:attachment":[{"href":"https:\/\/www.focolare.org\/pt-pt\/wp-json\/wp\/v2\/media?parent=318482"}],"wp:term":[{"taxonomy":"category","embeddable":true,"href":"https:\/\/www.focolare.org\/pt-pt\/wp-json\/wp\/v2\/categories?post=318482"},{"taxonomy":"post_tag","embeddable":true,"href":"https:\/\/www.focolare.org\/pt-pt\/wp-json\/wp\/v2\/tags?post=318482"}],"curies":[{"name":"wp","href":"https:\/\/api.w.org\/{rel}","templated":true}]}}