{"id":318498,"date":"2022-02-24T03:00:21","date_gmt":"2022-02-24T02:00:21","guid":{"rendered":"https:\/\/www.focolare.org\/o-poder-das-religioes-para-o-meio-ambiente\/"},"modified":"2024-05-15T21:13:30","modified_gmt":"2024-05-15T19:13:30","slug":"o-poder-das-religioes-para-o-meio-ambiente","status":"publish","type":"post","link":"https:\/\/www.focolare.org\/pt-pt\/o-poder-das-religioes-para-o-meio-ambiente\/","title":{"rendered":"O poder das religi\u00f5es para o meio ambiente"},"content":{"rendered":"<p><em>O papel das comunidades de f\u00e9 na condu\u00e7\u00e3o da mudan\u00e7a clim\u00e1tica e na constru\u00e7\u00e3o do futuro. Potencial e humildade. <\/em><em>O programa Faith Plans <\/em>(n.d.t. Planos de F\u00e9)<em>. <\/em><em>O papel do Movimento dos Focolares. Entrevista com Martin Palmer<\/em>  <img alt=\"\" alt=\"\" loading=\"lazy\" decoding=\"async\" class=\"wp-image-247133 alignright\" src=\"https:\/\/www.focolare.org\/wp-content\/uploads\/2022\/02\/Martin-Palmer-495x340.jpg\" alt=\"\" width=\"281\" height=\"193\" \/>A Confer\u00eancia das Na\u00e7\u00f5es Unidas sobre Mudan\u00e7a Clim\u00e1tica (<strong>COP 26<\/strong>) em Glasgow concluiu-se em novembro de 2021. <strong>Martin Palmer<\/strong>, ex-Secret\u00e1rio Geral da Alian\u00e7a das Religi\u00f5es e Conserva\u00e7\u00e3o (ARC) e atual CEO da <strong><em>FaithInvest<\/em><\/strong> nos ajuda a desvendar <strong>o potencial que as comunidades de f\u00e9 t\u00eam na condu\u00e7\u00e3o das mudan\u00e7as clim\u00e1ticas<\/strong> e o papel que os Focolares podem desempenhar neste contexto. Martin Palmer \u00e9 um especialista internacional nas principais tradi\u00e7\u00f5es e culturas religiosas e autor de mais de 20 livros sobre quest\u00f5es religiosas e ambientais. Colabora regularmente com a BBC e \u00e9 <strong>pregador leigo<\/strong> na Igreja da Inglaterra.  <strong>Qual \u00e9 o papel espec\u00edfico das comunidades de f\u00e9 diante de uma crise ecol\u00f3gica sem precedentes?<\/strong>  &#8220;As grandes f\u00e9s n\u00e3o s\u00e3o apenas antigas fontes de sabedoria espiritual. <strong>Elas tamb\u00e9m est\u00e3o entre os atores mais importantes do planeta.<\/strong> Sem o trabalho educacional, m\u00e9dico, assistencial e caritativo das comunidades de f\u00e9 atrav\u00e9s de escolas, hospitais, trabalho juvenil, ag\u00eancias assistenciais, etc, <strong>a sociedade civil entraria em colapso em quest\u00e3o de semanas<\/strong>.  <img alt=\"\" alt=\"\" loading=\"lazy\" decoding=\"async\" class=\"wp-image-247131 alignleft\" src=\"https:\/\/www.focolare.org\/wp-content\/uploads\/2022\/02\/Glasgow-Cop26-602x340.jpg\" alt=\"\" width=\"349\" height=\"197\" \/>Portanto, embora o aspecto espiritual seja vital porque nos d\u00e1 uma perspectiva mais ampla de tempo, espa\u00e7o e significado, <strong>se ignorarmos nosso papel como partes interessadas na constru\u00e7\u00e3o de nosso futuro, acabamos ficando de lado<\/strong> gritando e esperando que algu\u00e9m nos escute&#8221;.  <strong>Um papel ativo das comunidades de f\u00e9 na condu\u00e7\u00e3o da mudan\u00e7a \u00e9 importante. Voc\u00ea tem notado uma mudan\u00e7a de atitude nos \u00faltimos anos?<\/strong>  &#8220;Vejo uma <strong>enorme mudan\u00e7a<\/strong>. Pela primeira vez todos os grandes grupos religiosos ambientais como <em>GreenFaith<\/em>, <em>Eco-Sikh<\/em>, <em>Daoist Ecological Temple Network<\/em>, <em>Hazon<\/em> &#8211; o maior grupo ambientalista judeu e, claro, agora o Vaticano atrav\u00e9s do <em>Movimento Laudato Si\u2019<\/em>\u00a0 e os <em>Focolares<\/em> &#8211; est\u00e3o trabalhando juntos, lado a lado trazendo o maravilhoso pluralismo de diferentes cren\u00e7as, valores e redes, especialmente atrav\u00e9s do <strong>programa <em>Faith Plans<\/em><\/strong>&#8220;.  <strong>Em outubro de 2021, na festa de S\u00e3o Francisco de Assis, o Papa Francisco e outros l\u00edderes religiosos incluindo o Arcebispo de Canterbury Justin Welby e o Patriarca Ecum\u00eanico de Constantinopla Bartolomeu, lan\u00e7aram um apelo sobre a mudan\u00e7a clim\u00e1tica e um assumiram um compromisso p\u00fablico para criar planos para o meio ambiente. Por que \u00e9 importante fazer um plano?<\/strong>  &#8220;Para que as f\u00e9s sejam verdadeiramente eficazes, precisamos n\u00e3o apenas das maravilhosas palavras e sabedoria extra\u00eddas das grandes correntes espirituais, mas tamb\u00e9m precisamos saber onde elas podem ser agentes de mudan\u00e7a. Isto significa saber qu\u00e3o extenso \u00e9 seu papel na educa\u00e7\u00e3o em cada lugar ou pa\u00eds; quantas cl\u00ednicas e hospitais possuem; onde est\u00e3o seus investimentos; quanto terreno possuem; que gama de habilidades profissionais existem na comunidade de f\u00e9 e assim por diante&#8221;.  <strong>Na sua opini\u00e3o, qual \u00e9 a contribui\u00e7\u00e3o espec\u00edfica do Movimento dos Focolares para realizar esta convers\u00e3o ecol\u00f3gica?<\/strong>  &#8220;O papel dos Focolares \u00e9 \u00fanico. Voc\u00eas n\u00e3o s\u00e3o apenas uma grande organiza\u00e7\u00e3o de leigos em uma das f\u00e9s mais hier\u00e1rquicas do mundo, mas s\u00e3o uma inspira\u00e7\u00e3o para muito al\u00e9m de seus membros. Durante d\u00e9cadas voc\u00ea trabalharam atrav\u00e9s da Economia de Comunh\u00e3o sobre as realidades da vida e do trabalho da f\u00e9 na pr\u00e1tica do mercado. Criar novos modelos e iniciativas parece ser conatural para voc\u00eas, seu estilo de compartilhar o que voc\u00eas fazem \u00e9 uma inspira\u00e7\u00e3o.  Voc\u00eas t\u00eam d\u00e9cadas de trabalho inter-religioso e uma profundidade e integridade n\u00e3o facilmente encontradas no mundo inter-religioso, muitas vezes superficial. As liga\u00e7\u00f5es que voc\u00eas t\u00eam com outras religi\u00f5es mostram uma alegria pelo pluralismo que n\u00e3o se encontra com frequ\u00eancia em organiza\u00e7\u00f5es religiosas da escala e do impacto dos Focolares.  Enfim, parece que voc\u00eas j\u00e1 envolveram algumas das pessoas mais carism\u00e1ticas, altamente motivadas, habilidosas e comprometidas do mundo, que j\u00e1 est\u00e3o em a\u00e7\u00e3o&#8221;. <\/p>\n<p style=\"text-align: right;\"><em>Nino Puglisi por <\/em><a href=\"https:\/\/www.cittanuova.it\/la-forza-delle-religioni-lambiente\/?ms=003&amp;se=001\"><em>cittanuova.it<\/em><\/a><\/p>\n","protected":false},"excerpt":{"rendered":"<p>O papel das comunidades de f\u00e9 na condu\u00e7\u00e3o da mudan\u00e7a clim\u00e1tica e na constru\u00e7\u00e3o do futuro. Potencial e humildade. O programa Faith Plans (n.d.t. Planos de F\u00e9). O papel do Movimento dos Focolares. Entrevista com Martin Palmer<\/p>\n","protected":false},"author":33,"featured_media":0,"comment_status":"open","ping_status":"open","sticky":false,"template":"","format":"standard","meta":{"give_campaign_id":0,"_seopress_robots_primary_cat":"","_seopress_titles_title":"","_seopress_titles_desc":"","_seopress_robots_index":"","_et_pb_use_builder":"","_et_pb_old_content":"","_et_gb_content_width":"","footnotes":""},"categories":[129],"tags":[],"class_list":["post-318498","post","type-post","status-publish","format-standard","hentry","category-sem-categoria"],"_links":{"self":[{"href":"https:\/\/www.focolare.org\/pt-pt\/wp-json\/wp\/v2\/posts\/318498","targetHints":{"allow":["GET"]}}],"collection":[{"href":"https:\/\/www.focolare.org\/pt-pt\/wp-json\/wp\/v2\/posts"}],"about":[{"href":"https:\/\/www.focolare.org\/pt-pt\/wp-json\/wp\/v2\/types\/post"}],"author":[{"embeddable":true,"href":"https:\/\/www.focolare.org\/pt-pt\/wp-json\/wp\/v2\/users\/33"}],"replies":[{"embeddable":true,"href":"https:\/\/www.focolare.org\/pt-pt\/wp-json\/wp\/v2\/comments?post=318498"}],"version-history":[{"count":0,"href":"https:\/\/www.focolare.org\/pt-pt\/wp-json\/wp\/v2\/posts\/318498\/revisions"}],"wp:attachment":[{"href":"https:\/\/www.focolare.org\/pt-pt\/wp-json\/wp\/v2\/media?parent=318498"}],"wp:term":[{"taxonomy":"category","embeddable":true,"href":"https:\/\/www.focolare.org\/pt-pt\/wp-json\/wp\/v2\/categories?post=318498"},{"taxonomy":"post_tag","embeddable":true,"href":"https:\/\/www.focolare.org\/pt-pt\/wp-json\/wp\/v2\/tags?post=318498"}],"curies":[{"name":"wp","href":"https:\/\/api.w.org\/{rel}","templated":true}]}}