{"id":318502,"date":"2022-02-25T15:13:51","date_gmt":"2022-02-25T14:13:51","guid":{"rendered":"https:\/\/www.focolare.org\/parar-a-guerra-na-ucrania-reconstruindo-o-espaco-para-o-dialogo-e-a-negociacao-politica\/"},"modified":"2024-05-15T21:13:30","modified_gmt":"2024-05-15T19:13:30","slug":"parar-a-guerra-na-ucrania-reconstruindo-o-espaco-para-o-dialogo-e-a-negociacao-politica","status":"publish","type":"post","link":"https:\/\/www.focolare.org\/pt-pt\/parar-a-guerra-na-ucrania-reconstruindo-o-espaco-para-o-dialogo-e-a-negociacao-politica\/","title":{"rendered":"Parar a guerra na Ucr\u00e2nia: reconstruindo o espa\u00e7o para o di\u00e1logo e a negocia\u00e7\u00e3o pol\u00edtica"},"content":{"rendered":"<p lang=\"it\"><em>Diante dos acontecimentos que v\u00eam perturbando o mundo inteiro h\u00e1 dias, o Movimento Pol\u00edtico pela Unidade, que se inspira na experi\u00eancia e nos ideais do Movimento dos Focolares, afirma seu compromisso comum com a paz, que s\u00f3 pode ser alcan\u00e7ado atrav\u00e9s do &#8220;fazer&#8221; concreto.<\/em><\/p>\n<p class=\"western\" lang=\"it\"><span style=\"color: #222222;\"><span lang=\"pt-BR\">&#8220;Se voc\u00ea quer a paz, prepare a paz&#8221; assim dizia Igino Giordani, um pol\u00edtico pacifista do s\u00e9culo 20. Somente um esfor\u00e7o quotidiano multiforme pela paz pode <\/span><\/span><span style=\"color: #222222;\"><span lang=\"pt-BR\"><b>parar a guerra<\/b><\/span><\/span><span style=\"color: #222222;\"><span lang=\"pt-BR\"> que a hist\u00f3ria j\u00e1 declarou demasiadas vezes como uma <\/span><\/span><span style=\"color: #222222;\"><span lang=\"pt-BR\"><b>escolha insensata.<\/b><\/span><\/span><\/p>\n<p class=\"western\" lang=\"it\"><span style=\"color: #222222;\"><span lang=\"pt-BR\">Os meios de oposi\u00e7\u00e3o est\u00e3o ultrapassados e abrem o caminho para uma maior inseguran\u00e7a, tanto em \u00e2mbito local quanto global.<\/span><\/span><\/p>\n<p class=\"western\" lang=\"it\"><span style=\"color: #222222;\"><span lang=\"pt-BR\">Esta \u00e9 a nossa convic\u00e7\u00e3o: pol\u00edticos, funcion\u00e1rios, cidad\u00e3os, diplomatas do Movimento Pol\u00edtico pela Unidade, e de todo o mundo expressamos a nossa proximidade aos povos que sofrem esta tr\u00e1gica guerra, enquanto apoiamos fortemente aqueles que, em v\u00e1rias frentes, continuam a <\/span><\/span><span style=\"color: #222222;\"><span lang=\"pt-BR\"><b>negociar a paz, a \u00fanica solu\u00e7\u00e3o verdadeira<\/b><\/span><\/span><span style=\"color: #222222;\"><span lang=\"pt-BR\">.<\/span><\/span><\/p>\n<p class=\"western\" lang=\"it\"><span style=\"color: #222222;\"><span lang=\"pt-BR\">Nunca \u00e9 tarde demais para reabrir a negocia\u00e7\u00e3o e o di\u00e1logo, a curto e longo prazo.<\/span><\/span><\/p>\n<p class=\"western\" lang=\"it\"><span style=\"color: #222222;\"><span lang=\"pt-BR\">Que o <\/span><\/span><span style=\"color: #222222;\"><span lang=\"pt-BR\"><b>dever<\/b><\/span><\/span><span style=\"color: #222222;\"><span lang=\"pt-BR\"> de construir a paz nos guie.<\/span><\/span><\/p>\n<p class=\"western\" lang=\"it\"><span style=\"color: #222222;\"><span lang=\"pt-BR\">Identificamos estas tr\u00eas linhas principais de compromisso: <\/span><\/span><\/p>\n<p class=\"western\" lang=\"it\"><span style=\"color: #222222;\"><span lang=\"pt-BR\">1 &#8211; A cria\u00e7\u00e3o de Pa\u00edses-na\u00e7\u00e3o, muitas vezes n\u00e3o foi uma escolha livre dos povos, mas o resultado de mesas de negocia\u00e7\u00f5es p\u00f3s-guerra, legados de imperialismos. Velhas e novas divis\u00f5es exigem um esfor\u00e7o pol\u00edtico corajoso que d\u00ea um novo significado \u00e0s identidades nacionais, que desafiem as uni\u00f5es continentais, antes de tudo a Uni\u00e3o Europeia, para al\u00e9m dos interesses imediatos.<\/span><\/span><\/p>\n<p class=\"western\" lang=\"it\"><span style=\"color: #222222;\"><span lang=\"pt-BR\">2- A hist\u00f3ria nos ensina que as san\u00e7\u00f5es econ\u00f4micas deixam os governos inc\u00f3lumes e empobrecem a sociedade civil, mulheres e homens, especialmente as crian\u00e7as. A S\u00edria \u00e9 o mais recente e mais s\u00e9rio exemplo. <\/span><\/span><\/p>\n<p class=\"western\" lang=\"it\"><span style=\"color: #222222;\"><span lang=\"pt-BR\">A escolha das san\u00e7\u00f5es deve ser considerada com cautela, para que n\u00e3o se torne parte da l\u00f3gica da guerra e das lutas pelo poder. A pol\u00edtica deve ser capaz de controlar os circuitos das armas e da ind\u00fastria de carbono, e s\u00f3 desta maneira construir\u00e1 a verdadeira paz.<\/span><\/span><\/p>\n<p class=\"western\" lang=\"it\"><span style=\"color: #222222;\"><span lang=\"pt-BR\">3- Diante do aumento agravante das armas nucleares com seu aprimoramento estrat\u00e9gico, hoje n\u00f3s apelamos fortemente aos nossos governos para que assinem e implementem o Tratado sobre a Proibi\u00e7\u00e3o de Armas Nucleares, adotado por apenas 122 pa\u00edses em 7 de julho de 2017. A for\u00e7a pol\u00edtica da ONU deve retomar a a\u00e7\u00e3o e a voz dos governos deve ser integrada \u00e0 voz das cidades do planeta, reunidas em uma assembleia mundial especial, para dar poder aos nossos povos.<\/span><\/span><\/p>\n<p class=\"western\" lang=\"it\"><span style=\"color: #222222;\"><span lang=\"pt-BR\">Neste momento em que o poder absoluto da for\u00e7a parece prevalecer, n\u00f3s afirmamos sem hesita\u00e7\u00e3o que ainda e sempre acreditamos na constru\u00e7\u00e3o da paz, nos processos de di\u00e1logo, nos instrumentos da pol\u00edtica. <\/span><\/span><\/p>\n<p class=\"western\" lang=\"it\"><span style=\"color: #222222;\"><span lang=\"pt-BR\">S\u00e3o as articula\u00e7\u00f5es da sociedade civil, com a for\u00e7a espiritual e cultural de suas convic\u00e7\u00f5es religiosas, com in\u00fameras boas pr\u00e1ticas, que ir\u00e3o evidenciar os grandes ideais para sustentar a hist\u00f3ria. <\/span><\/span><\/p>\n<p class=\"western\" lang=\"it\"><span style=\"color: #222222;\"><span lang=\"pt-BR\">Que nossos representantes silenciem as armas o mais r\u00e1pido poss\u00edvel e ou\u00e7am as mulheres e os homens de paz!<\/span><\/span><\/p>\n<p class=\"western\" lang=\"it\" style=\"text-align: right;\"><em>Mario Bruno, presidente MPPU<\/em><\/p>\n","protected":false},"excerpt":{"rendered":"<p>Diante dos acontecimentos que v\u00eam perturbando o mundo inteiro h\u00e1 dias, o Movimento Pol\u00edtico pela Unidade, que se inspira na experi\u00eancia e nos ideais do Movimento dos Focolares, afirma seu compromisso comum com a paz, que s\u00f3 pode ser alcan\u00e7ado atrav\u00e9s do &#8220;fazer&#8221; concreto.<\/p>\n","protected":false},"author":24,"featured_media":0,"comment_status":"open","ping_status":"open","sticky":false,"template":"","format":"standard","meta":{"give_campaign_id":0,"_seopress_robots_primary_cat":"","_seopress_titles_title":"","_seopress_titles_desc":"","_seopress_robots_index":"","_et_pb_use_builder":"","_et_pb_old_content":"","_et_gb_content_width":"","footnotes":""},"categories":[129],"tags":[],"class_list":["post-318502","post","type-post","status-publish","format-standard","hentry","category-sem-categoria"],"_links":{"self":[{"href":"https:\/\/www.focolare.org\/pt-pt\/wp-json\/wp\/v2\/posts\/318502","targetHints":{"allow":["GET"]}}],"collection":[{"href":"https:\/\/www.focolare.org\/pt-pt\/wp-json\/wp\/v2\/posts"}],"about":[{"href":"https:\/\/www.focolare.org\/pt-pt\/wp-json\/wp\/v2\/types\/post"}],"author":[{"embeddable":true,"href":"https:\/\/www.focolare.org\/pt-pt\/wp-json\/wp\/v2\/users\/24"}],"replies":[{"embeddable":true,"href":"https:\/\/www.focolare.org\/pt-pt\/wp-json\/wp\/v2\/comments?post=318502"}],"version-history":[{"count":0,"href":"https:\/\/www.focolare.org\/pt-pt\/wp-json\/wp\/v2\/posts\/318502\/revisions"}],"wp:attachment":[{"href":"https:\/\/www.focolare.org\/pt-pt\/wp-json\/wp\/v2\/media?parent=318502"}],"wp:term":[{"taxonomy":"category","embeddable":true,"href":"https:\/\/www.focolare.org\/pt-pt\/wp-json\/wp\/v2\/categories?post=318502"},{"taxonomy":"post_tag","embeddable":true,"href":"https:\/\/www.focolare.org\/pt-pt\/wp-json\/wp\/v2\/tags?post=318502"}],"curies":[{"name":"wp","href":"https:\/\/api.w.org\/{rel}","templated":true}]}}