{"id":318506,"date":"2022-02-28T03:00:20","date_gmt":"2022-02-28T02:00:20","guid":{"rendered":"https:\/\/www.focolare.org\/chiara-lubich-a-atualidade-do-evangelho\/"},"modified":"2024-05-15T21:13:32","modified_gmt":"2024-05-15T19:13:32","slug":"chiara-lubich-a-atualidade-do-evangelho","status":"publish","type":"post","link":"https:\/\/www.focolare.org\/pt-pt\/chiara-lubich-a-atualidade-do-evangelho\/","title":{"rendered":"Chiara Lubich: a atualidade do Evangelho"},"content":{"rendered":"<p><em>Aproximar-se ao Evangelho, hoje, significa encontrar a Palavra de Deus viva. Chiara Lubich, mediante sua experi\u00eancia, com a primeira comunidade do Movimento em Trento, nos faz experimentar os efeitos de sua aplica\u00e7\u00e3o pr\u00e1tica.<\/em>  Se um Deus nos fala, como podemos deixar de acolher a sua Palavra? A B\u00edblia repete nada menos que 1.153 vezes o convite a escut\u00e1-lo. O mesmo convite, \u201cEscutai-o\u201d<a href=\"#_ftn1\" name=\"_ftnref1\">[1]<\/a>, foi dirigido pelo Pai aos disc\u00edpulos quando a Palavra \u2013 seu Filho \u2013 veio viver entre n\u00f3s.  Mas a escuta mencionada na B\u00edblia se atua mais no cora\u00e7\u00e3o do que nos ouvidos. Significa aderir totalmente, obedecer, adequar-se \u00e0quilo que Deus fala, com a confian\u00e7a de uma crian\u00e7a que se abandona nos bra\u00e7os da m\u00e3e e se deixa carregar por ela.  (\u2026) Percebe-se que nessa frase ressoa o ensinamento de Jesus. Ele declara feliz aquele que, tendo escutado a Palavra de Deus, a observa<a href=\"#_ftn2\" name=\"_ftnref2\">[2]<\/a>. E reconhece como sua m\u00e3e e seus irm\u00e3os os que a escutam e a p\u00f5em em pr\u00e1tica<a href=\"#_ftn3\" name=\"_ftnref3\">[3]<\/a>.  (\u2026) Jesus afirma ainda, no final do \u201cserm\u00e3o da montanha\u201d, que o bom ouvinte da Palavra \u00e9 aquele que a p\u00f5e em pr\u00e1tica, dando solidez \u00e0 sua vida como a uma casa constru\u00edda sobre a rocha<a href=\"#_ftn4\" name=\"_ftnref4\">[4]<\/a>.  Em cada Palavra sua Jesus exprime todo o seu amor por n\u00f3s. Vamos concretiz\u00e1-la, assumi-la como coisa nossa. Experimentemos quanta pot\u00eancia de vida ela irradia em n\u00f3s e ao nosso redor quando a vivemos. Apaixonemo-nos pelo Evangelho at\u00e9 o ponto de deixar-nos transformar por ele e de transbord\u00e1-lo sobre os outros. Esse \u00e9 o modo de retribuirmos com o nosso amor o amor de Jesus.  N\u00e3o seremos mais n\u00f3s a viver: Cristo se formar\u00e1 em n\u00f3s.  Sentiremos claramente, de modo palp\u00e1vel, a liberta\u00e7\u00e3o de n\u00f3s mesmos, dos nossos limites, das nossas escravid\u00f5es. E n\u00e3o \u00e9 s\u00f3: j\u00e1 que demos a Jesus a liberdade de viver em n\u00f3s, veremos explodir a revolu\u00e7\u00e3o de amor que ele provocar\u00e1 no ambiente social que nos envolve.  \u00c9 essa a nossa experi\u00eancia desde o in\u00edcio do Movimento em Trento, durante a Segunda Guerra Mundial, quando, devido aos frequentes bombardeios, corr\u00edamos para os abrigos antia\u00e9reos levando conosco apenas o pequeno livro do Evangelho.  N\u00f3s o abr\u00edamos e l\u00edamos. E, penso, devido a uma gra\u00e7a especial de Deus, aquelas Palavras, j\u00e1 t\u00e3o conhecidas, se iluminavam com uma luz nov\u00edssima. Eram Palavras <em>de vida<\/em>, que podiam ser traduzidas em vida.  (\u2026) Assim, vimos nascer ao nosso redor uma comunidade viva que, depois de apenas poucos meses, j\u00e1 contava 500 pessoas.  Tudo era fruto da comunh\u00e3o com a Palavra: uma comunh\u00e3o constante, uma din\u00e2mica realizada minuto por minuto. Viv\u00edamos inebriados pela Palavra. Podemos dizer que era a Palavra que vivia em n\u00f3s. Para aumentar em n\u00f3s a acelera\u00e7\u00e3o em viv\u00ea-la, bastava dizer um ao outro: \u201cVoc\u00ea vive a Palavra?\u201d, \u201cVoc\u00ea \u00e9 a Palavra viva?\u201d  Devemos voltar \u00e0queles tempos. O Evangelho \u00e9 sempre atual. Cabe a n\u00f3s acreditar nele e comprov\u00e1-lo. <\/p>\n<p style=\"text-align: right;\"><em>Chiara Lubich<\/em><\/p>\n<p> <em>\u00a0<\/em><em>(Chiara Lubich, in Parole di Vita, Citt\u00e0 Nuova, 2017, pag. 789-791)<\/em>  <a href=\"#_ftnref1\" name=\"_ftn1\">[1]<\/a> <em>Mt <\/em>17:5 <a href=\"#_ftnref2\" name=\"_ftn2\">[2]<\/a> <em>Lc <\/em>11:28 <a href=\"#_ftnref3\" name=\"_ftn3\">[3]<\/a> <em>Lc <\/em>8:20-21 <a href=\"#_ftnref4\" name=\"_ftn4\">[4]<\/a> <em>Mt <\/em>22:39<\/p>\n","protected":false},"excerpt":{"rendered":"<p>Aproximar-se ao Evangelho, hoje, significa encontrar a Palavra de Deus viva. Chiara Lubich, mediante sua experi\u00eancia, com a primeira comunidade do Movimento em Trento, nos faz experimentar os efeitos de sua aplica\u00e7\u00e3o pr\u00e1tica.<\/p>\n","protected":false},"author":33,"featured_media":0,"comment_status":"open","ping_status":"open","sticky":false,"template":"","format":"standard","meta":{"give_campaign_id":0,"_seopress_robots_primary_cat":"","_seopress_titles_title":"","_seopress_titles_desc":"","_seopress_robots_index":"","_et_pb_use_builder":"","_et_pb_old_content":"","_et_gb_content_width":"","footnotes":""},"categories":[129],"tags":[],"class_list":["post-318506","post","type-post","status-publish","format-standard","hentry","category-sem-categoria"],"_links":{"self":[{"href":"https:\/\/www.focolare.org\/pt-pt\/wp-json\/wp\/v2\/posts\/318506","targetHints":{"allow":["GET"]}}],"collection":[{"href":"https:\/\/www.focolare.org\/pt-pt\/wp-json\/wp\/v2\/posts"}],"about":[{"href":"https:\/\/www.focolare.org\/pt-pt\/wp-json\/wp\/v2\/types\/post"}],"author":[{"embeddable":true,"href":"https:\/\/www.focolare.org\/pt-pt\/wp-json\/wp\/v2\/users\/33"}],"replies":[{"embeddable":true,"href":"https:\/\/www.focolare.org\/pt-pt\/wp-json\/wp\/v2\/comments?post=318506"}],"version-history":[{"count":0,"href":"https:\/\/www.focolare.org\/pt-pt\/wp-json\/wp\/v2\/posts\/318506\/revisions"}],"wp:attachment":[{"href":"https:\/\/www.focolare.org\/pt-pt\/wp-json\/wp\/v2\/media?parent=318506"}],"wp:term":[{"taxonomy":"category","embeddable":true,"href":"https:\/\/www.focolare.org\/pt-pt\/wp-json\/wp\/v2\/categories?post=318506"},{"taxonomy":"post_tag","embeddable":true,"href":"https:\/\/www.focolare.org\/pt-pt\/wp-json\/wp\/v2\/tags?post=318506"}],"curies":[{"name":"wp","href":"https:\/\/api.w.org\/{rel}","templated":true}]}}