{"id":318530,"date":"2022-03-18T11:33:59","date_gmt":"2022-03-18T10:33:59","guid":{"rendered":"https:\/\/www.focolare.org\/margaret-karram-que-cesse-o-fogo-da-guerra-e-venca-o-dialogo-na-procura-de-caminhos-de-paz\/"},"modified":"2024-05-15T21:13:36","modified_gmt":"2024-05-15T19:13:36","slug":"margaret-karram-que-cesse-o-fogo-da-guerra-e-venca-o-dialogo-na-procura-de-caminhos-de-paz","status":"publish","type":"post","link":"https:\/\/www.focolare.org\/pt-pt\/margaret-karram-que-cesse-o-fogo-da-guerra-e-venca-o-dialogo-na-procura-de-caminhos-de-paz\/","title":{"rendered":"Margaret Karram: Que cesse o fogo da guerra  e ven\u00e7a o di\u00e1logo \u201cna procura de caminhos de paz\u201d"},"content":{"rendered":"<p lang=\"de-DE\" align=\"justify\"><span style=\"font-family: Times New Roman, serif;\"><span style=\"font-size: medium;\"><span style=\"color: #000000;\"><span style=\"font-family: Calibri, serif;\"><span lang=\"pt-BR\"><i>A \u201cora\u00e7\u00e3o pela paz universal\u201d, pronunciada hoje pela presidente do Movimento dos Focolares em Assis, diante do t\u00famulo de S\u00e3o Francisco, ecoa as palavras do Papa Francisco. A vers\u00e3o completa est\u00e1 em anexo.<\/i><\/span><\/span><\/span><\/span><\/span><\/p>\n<p class=\"western\" lang=\"de-DE\" align=\"justify\"><span style=\"color: #000000;\">\u201c<span style=\"font-size: medium;\"><span lang=\"pt-BR\">N\u00f3s Te pedimos com a f\u00e9 que remove montanhas,<\/span><\/span><\/span><span style=\"color: #000000;\"><span style=\"font-size: medium;\"><span lang=\"pt-BR\"> que \u2018cesse o fogo\u2019 da guerra e que ven\u00e7a o di\u00e1logo \u2018na busca de caminhos de paz\u2019 entre a R\u00fassia e a Ucr\u00e2nia. Pedimos a gra\u00e7a de cessar todos os conflitos em curso, <\/span><\/span><\/span><span style=\"color: #28272c;\"><span style=\"font-size: medium;\"><span lang=\"pt-BR\">especialmente os mais esquecidos.\u201d<\/span><\/span><\/span><\/p>\n<p lang=\"de-DE\" align=\"justify\"><span style=\"font-family: Times New Roman, serif;\"><span style=\"font-size: medium;\"><span style=\"color: #000000;\"><span style=\"font-family: Calibri, serif;\"><span lang=\"pt-BR\"><img alt=\"\" alt=\"\" loading=\"lazy\" decoding=\"async\" class=\"alignright wp-image-247719\" src=\"https:\/\/www.focolare.org\/wp-content\/uploads\/2022\/03\/WhatsApp-Image-2022-03-18-at-13.02.22-548x340.jpeg\" alt=\"\" width=\"408\" height=\"253\" \/>Esta ardente invoca\u00e7\u00e3o est\u00e1 no cerne da <\/span><\/span><\/span><span style=\"color: #000000;\"><span style=\"font-family: Calibri, serif;\"><span lang=\"pt-BR\"><b>\u201cora\u00e7\u00e3o pela paz universal\u201d<\/b><\/span><\/span><\/span><span style=\"color: #000000;\"><span style=\"font-family: Calibri, serif;\"><span lang=\"pt-BR\">, pronunciada esta manh\u00e3 em Assis por Margaret Karram, presidente do Movimento dos Focolares. Na cripta de S\u00e3o Francisco, na Bas\u00edlica Inferior, ela estava acompanhada pelo Conselho Geral do Movimento, reunido na \u201ccidade da paz\u201d para alguns dias de retiro.<\/span><\/span><\/span><\/span><\/span><\/p>\n<p lang=\"de-DE\"><span style=\"color: #28272c;\">\u201c<span style=\"font-family: Times New Roman, serif;\"><span style=\"font-size: medium;\"><span style=\"font-family: Calibri, serif;\"><span lang=\"pt-BR\"><i>Representando todos os membros do Movimento \u2013 crist\u00e3os de diferentes Igrejas, adeptos de v\u00e1rias religi\u00f5es, pessoas que se reconhecem irm\u00e3os e irm\u00e3s na \u00fanica fam\u00edlia humana.<\/i><\/span><\/span><\/span><\/span><\/span><\/p>\n<p class=\"western\" lang=\"de-DE\" align=\"justify\"><span style=\"color: #28272c;\"><span style=\"font-size: medium;\"><span lang=\"pt-BR\"><i>Assumimos o grito e o desespero dos povos que atualmente sofrem por causa da viol\u00eancia, dos <\/i><\/span><\/span><\/span><span style=\"color: #28272c;\"><span style=\"font-size: medium;\"><span lang=\"pt-BR\"><i>conflitos armados e das guerras\u201d,<\/i><\/span><\/span><\/span><span style=\"color: #28272c;\"><span style=\"font-size: medium;\"><span lang=\"pt-BR\"> prosseguiu Margaret Karram.<\/span><\/span><\/span><\/p>\n<p lang=\"de-DE\"><span style=\"color: #28272c;\">\u201c<span style=\"font-family: Times New Roman, serif;\"><span style=\"font-size: medium;\"><span style=\"font-family: Calibri, serif;\"><span lang=\"pt-BR\"><i>D\u00e1-nos a gra\u00e7a de acolhermo-nos uns aos outros,\u00a0<\/i><\/span><\/span><\/span><\/span><\/span><span style=\"font-family: Times New Roman, serif;\"><span style=\"font-size: medium;\"><span style=\"color: #28272c;\"><span style=\"font-family: Calibri, serif;\"><span lang=\"pt-BR\"><i>de nos perdoarmos, de vivermos como uma \u00fanica fam\u00edlia humana.<\/i><\/span><\/span><\/span><\/span><\/span><\/p>\n<p class=\"western\" lang=\"de-DE\" align=\"justify\"><span style=\"color: #28272c;\"><span style=\"font-size: medium;\"><span lang=\"pt-BR\"><i>D\u00e1-nos <\/i><\/span><\/span><\/span><span style=\"font-size: medium;\"><span lang=\"pt-BR\"><i>de amar a p\u00e1tria do outro como a nossa! <\/i><\/span><\/span><span style=\"font-size: medium;\"><span lang=\"pt-BR\"><i>Deus de miseric\u00f3rdia, de conc\u00f3rdia, faz de n<\/i><\/span><\/span><span style=\"font-size: medium;\"><span lang=\"pt-BR\"><i>\u00f3<\/i><\/span><\/span><span style=\"font-size: medium;\"><span lang=\"pt-BR\"><i>s \u201cinstrumentos da Tua paz\u201d.<\/i><\/span><\/span><\/p>\n<p class=\"western\" lang=\"de-DE\" align=\"justify\"><span lang=\"pt-BR\">A uma semana (25 de mar\u00e7o) da consagra\u00e7\u00e3o da R\u00fassia e da Ucr\u00e2nia ao Imaculado Cora\u00e7\u00e3o de Maria pelo Papa Francisco, esta s\u00faplica \u00e9 parte da ora\u00e7\u00e3o coral pela paz que se eleva no mundo e acompanha a grande rede de solidariedade \u00e0 qual integram tamb\u00e9m os membros do Movimento. As comunidades do Focolare est\u00e3o presentes em mais de 180 pa\u00edses, incluindo muitos lugares onde ainda h\u00e1 conflitos e guerras. <\/span><\/p>\n<p class=\"western\" lang=\"de-DE\" align=\"right\"><span lang=\"pt-BR\">Stefania Tanesini<\/span><\/p>\n<p class=\"western\" lang=\"de-DE\"><a href=\"https:\/\/www.focolare.org\/wp-content\/uploads\/2022\/03\/MK-Assisi-PT.pdf\"><span lang=\"pt-BR\">O texto completo da \u201cora\u00e7\u00e3o universal pela paz\u201d.<\/span><\/a><\/p>\n<p class=\"western\" lang=\"de-DE\">\n","protected":false},"excerpt":{"rendered":"<p>La\u00a0 pri\u00e8re pour la paix universelle\u00bb prononc\u00e9e aujourd&#8217;hui par la Pr\u00e9sidente des Focolari \u00e0 Assise, sur la tombe de saint Fran\u00e7ois, fait \u00e9cho aux propos du pape Fran\u00e7ois. En annexe, la version int\u00e9grale.<\/p>\n","protected":false},"author":27,"featured_media":0,"comment_status":"open","ping_status":"open","sticky":false,"template":"","format":"standard","meta":{"give_campaign_id":0,"_seopress_robots_primary_cat":"","_seopress_titles_title":"","_seopress_titles_desc":"","_seopress_robots_index":"","_et_pb_use_builder":"","_et_pb_old_content":"","_et_gb_content_width":"","footnotes":""},"categories":[910],"tags":[],"class_list":["post-318530","post","type-post","status-publish","format-standard","hentry","category-senza-categoria-2-4"],"_links":{"self":[{"href":"https:\/\/www.focolare.org\/pt-pt\/wp-json\/wp\/v2\/posts\/318530","targetHints":{"allow":["GET"]}}],"collection":[{"href":"https:\/\/www.focolare.org\/pt-pt\/wp-json\/wp\/v2\/posts"}],"about":[{"href":"https:\/\/www.focolare.org\/pt-pt\/wp-json\/wp\/v2\/types\/post"}],"author":[{"embeddable":true,"href":"https:\/\/www.focolare.org\/pt-pt\/wp-json\/wp\/v2\/users\/27"}],"replies":[{"embeddable":true,"href":"https:\/\/www.focolare.org\/pt-pt\/wp-json\/wp\/v2\/comments?post=318530"}],"version-history":[{"count":0,"href":"https:\/\/www.focolare.org\/pt-pt\/wp-json\/wp\/v2\/posts\/318530\/revisions"}],"wp:attachment":[{"href":"https:\/\/www.focolare.org\/pt-pt\/wp-json\/wp\/v2\/media?parent=318530"}],"wp:term":[{"taxonomy":"category","embeddable":true,"href":"https:\/\/www.focolare.org\/pt-pt\/wp-json\/wp\/v2\/categories?post=318530"},{"taxonomy":"post_tag","embeddable":true,"href":"https:\/\/www.focolare.org\/pt-pt\/wp-json\/wp\/v2\/tags?post=318530"}],"curies":[{"name":"wp","href":"https:\/\/api.w.org\/{rel}","templated":true}]}}