{"id":318534,"date":"2022-03-22T03:00:29","date_gmt":"2022-03-22T02:00:29","guid":{"rendered":"https:\/\/www.focolare.org\/evangelho-vivo-perdoai-nos-as-nossas-ofensas-assim-como-nos-perdoamos-a-quem-nos-tem-ofendido-mt-612\/"},"modified":"2024-05-15T21:13:36","modified_gmt":"2024-05-15T19:13:36","slug":"evangelho-vivo-perdoai-nos-as-nossas-ofensas-assim-como-nos-perdoamos-a-quem-nos-tem-ofendido-mt-612","status":"publish","type":"post","link":"https:\/\/www.focolare.org\/pt-pt\/evangelho-vivo-perdoai-nos-as-nossas-ofensas-assim-como-nos-perdoamos-a-quem-nos-tem-ofendido-mt-612\/","title":{"rendered":"Evangelho vivo: &#8220;Perdoai-nos as nossas ofensas assim como n\u00f3s perdoamos a quem nos tem ofendido&#8221; (Mt 6,12)"},"content":{"rendered":"<p><em>\u00c9 poss\u00edvel imitar o Pai praticando um amor que vai at\u00e9 o perd\u00e3o? <\/em><em>Isso \u00e9 realmente complicado, mas a verdadeira condi\u00e7\u00e3o que nos permite fazer um gesto t\u00e3o grande \u00e9 ter recebido na vida &#8220;a gra\u00e7a da vergonha&#8221;, como diz o Papa Francisco, e a consequente alegria de ter sido perdoado. <\/em><em>Este \u00e9 um caminho misterioso no qual a Quaresma nos pede para caminhar, para que, no final, possamos desfrutar de paisagens maravilhosas.<\/em>  <strong>Feridas curadas<\/strong> Um dia, uma pessoa me atirou uma censura que, de acordo com meu orgulho, eu n\u00e3o merecia. Durante algum tempo, essa falta de respeito ardeu em mim. Fui tentado a limitar a rela\u00e7\u00e3o, porque n\u00e3o queria ter mais nada a ver com aquela pessoa indesejada, mas isso n\u00e3o seria coerente com minha escolha de viver o Evangelho. Como eu poderia curar a ferida? Voltei-me para Jesus e pensei imediatamente: &#8220;N\u00e3o fa\u00e7a aos outros o que voc\u00ea n\u00e3o gostaria que fosse feito a voc\u00ea&#8221;. Durante dias eu pratiquei com aqueles com quem eu tinha neg\u00f3cios, inclusive aqueles que me machucaram, e em vez de pensamentos problem\u00e1ticos eu sentia algo curar dentro de mim. Essa sensa\u00e7\u00e3o de al\u00edvio que s\u00f3 o perd\u00e3o pode dar. (R. &#8211; It\u00e1lia)  <strong>Amor incondicional<\/strong> J\u00e1 h\u00e1 algum tempo, as discuss\u00f5es entre minha esposa e eu haviam se intensificado. Quem sabe por que, bastava um pequeno desacordo, uma palavra fora de lugar, um pouco de nada para come\u00e7armos a levantar nossas vozes e a refazer velhas hist\u00f3rias. Uma dessas noites, quando a atmosfera se tornou el\u00e9trica, nossa filha de nove anos parecia estar brincando de atirar avi\u00f5es de papel das escadas do andar de cima. Ela estava sorrindo e seu irm\u00e3ozinho parecia estar tendo o momento de sua vida. Intrigado, peguei alguns deles e os mostrei \u00e0 minha esposa. Em uma inspe\u00e7\u00e3o mais detalhada, cada um dos avi\u00f5es foi decorado com cora\u00e7\u00f5es e mensagens como: &#8220;N\u00f3s te amamos tanto&#8221;, &#8220;Voc\u00eas s\u00e3o os pais mais bonitos do mundo&#8221; e &#8220;Queremos te ouvir cantar&#8221;. Enquanto minha esposa as lia, l\u00e1grimas inundavam seu rosto. Olhamos um para o outro com vergonha, depois nos abra\u00e7amos, prometendo encontrar nossa unidade naquele &#8220;sim&#8221; amoroso que dissemos anos atr\u00e1s. (M. &#8211; Portugal)  <strong>O primeiro passo<\/strong> A partir da adolesc\u00eancia, meu pai e eu n\u00e3o pod\u00edamos suportar um ao outro. Minha m\u00e3e sofreu, mas ela n\u00e3o viu nenhuma solu\u00e7\u00e3o para nossa fam\u00edlia. Durante uma viagem ao exterior, conversei sobre isso com um amigo meu que estava envolvido em um movimento cat\u00f3lico. Em casos dif\u00edceis, ele costumava fazer a pergunta: &#8220;Se eu n\u00e3o amo essa pessoa, quem a amar\u00e1 em meu lugar?&#8221; Voltei daquela viagem valorizando estas palavras fortes e, estranhamente, fui lembrando de tantas oportunidades perdidas quando eu poderia ter feito um gesto de amor para com meus pais. Para reparar as minhas faltas, comecei com pequenas coisas, servi\u00e7os simples relacionados \u00e0 minha compet\u00eancia, que eu evitava&#8230; Em suma, algo mudou em mim. D\u00e9cadas se passaram desde ent\u00e3o, e agora que tenho fam\u00edlia e filhos, compreendo a import\u00e2ncia de dar o primeiro passo, como se a alegria da outra pessoa dependesse apenas de mim. (R.T. &#8211; Hungria) <\/p>\n<p style=\"text-align: right;\"><em>Por Maria Grazia Berretta<\/em><\/p>\n<p> <em>(extra\u00eddo de \u201cIl Vangelo del Giorno\u201d, Citt\u00e0 Nuova, ano VIII, n\u00ba 2, mar\u00e7o-abril de 2022)<\/em><\/p>\n","protected":false},"excerpt":{"rendered":"<p>\u00c9 poss\u00edvel imitar o Pai praticando um amor que vai at\u00e9 o perd\u00e3o? Isso \u00e9 realmente complicado, mas a verdadeira condi\u00e7\u00e3o que nos permite fazer um gesto t\u00e3o grande \u00e9 ter recebido na vida &#8220;a gra\u00e7a da vergonha&#8221;, como diz o Papa Francisco, e a consequente alegria de ter sido perdoado. Este \u00e9 um caminho misterioso no qual a Quaresma nos pede para caminhar, para que, no final, possamos desfrutar de paisagens maravilhosas.<\/p>\n","protected":false},"author":33,"featured_media":0,"comment_status":"open","ping_status":"open","sticky":false,"template":"","format":"standard","meta":{"give_campaign_id":0,"_seopress_robots_primary_cat":"","_seopress_titles_title":"","_seopress_titles_desc":"","_seopress_robots_index":"","_et_pb_use_builder":"","_et_pb_old_content":"","_et_gb_content_width":"","footnotes":""},"categories":[129],"tags":[],"class_list":["post-318534","post","type-post","status-publish","format-standard","hentry","category-sem-categoria"],"_links":{"self":[{"href":"https:\/\/www.focolare.org\/pt-pt\/wp-json\/wp\/v2\/posts\/318534","targetHints":{"allow":["GET"]}}],"collection":[{"href":"https:\/\/www.focolare.org\/pt-pt\/wp-json\/wp\/v2\/posts"}],"about":[{"href":"https:\/\/www.focolare.org\/pt-pt\/wp-json\/wp\/v2\/types\/post"}],"author":[{"embeddable":true,"href":"https:\/\/www.focolare.org\/pt-pt\/wp-json\/wp\/v2\/users\/33"}],"replies":[{"embeddable":true,"href":"https:\/\/www.focolare.org\/pt-pt\/wp-json\/wp\/v2\/comments?post=318534"}],"version-history":[{"count":0,"href":"https:\/\/www.focolare.org\/pt-pt\/wp-json\/wp\/v2\/posts\/318534\/revisions"}],"wp:attachment":[{"href":"https:\/\/www.focolare.org\/pt-pt\/wp-json\/wp\/v2\/media?parent=318534"}],"wp:term":[{"taxonomy":"category","embeddable":true,"href":"https:\/\/www.focolare.org\/pt-pt\/wp-json\/wp\/v2\/categories?post=318534"},{"taxonomy":"post_tag","embeddable":true,"href":"https:\/\/www.focolare.org\/pt-pt\/wp-json\/wp\/v2\/tags?post=318534"}],"curies":[{"name":"wp","href":"https:\/\/api.w.org\/{rel}","templated":true}]}}