{"id":318554,"date":"2022-04-09T01:00:56","date_gmt":"2022-04-08T23:00:56","guid":{"rendered":"https:\/\/www.focolare.org\/evangelho-vivo-ide-pelo-mundo-inteiro-e-proclamai-o-evangelho-a-toda-criatura-mc-1615\/"},"modified":"2024-05-15T21:13:40","modified_gmt":"2024-05-15T19:13:40","slug":"evangelho-vivo-ide-pelo-mundo-inteiro-e-proclamai-o-evangelho-a-toda-criatura-mc-1615","status":"publish","type":"post","link":"https:\/\/www.focolare.org\/pt-pt\/evangelho-vivo-ide-pelo-mundo-inteiro-e-proclamai-o-evangelho-a-toda-criatura-mc-1615\/","title":{"rendered":"Evangelho vivo: &#8220;Ide pelo mundo inteiro e proclamai o Evangelho a toda criatura&#8221; (Mc 16,15)"},"content":{"rendered":"<p><em>Proclamar a Palavra n\u00e3o \u00e9 simplesmente falar, mas \u00e9 uma a\u00e7\u00e3o concreta, que se manifesta na vida, na rela\u00e7\u00e3o com os outros, com a cria\u00e7\u00e3o. \u00c9 uma miss\u00e3o: ser irm\u00e3os e irm\u00e3s, ser a imagem do Reino de Deus em nosso tempo.<\/em>  <strong>Artes\u00e3os da paz<\/strong> Burundi \u00e9 um pa\u00eds muito bonito, mas, depois da guerra civil, milhares de pessoas de diferentes etnias emigraram e agora estamos espalhados por todo o mundo. Os Tutsis fugiram dos Hutus e vice-versa, sem mencionar o regionalismo que coloca o povo do Sul contra o povo do Norte e isso \u00e9 muito forte, especialmente quando se trata da divis\u00e3o do poder. E o que \u00e9 que n\u00f3s, crist\u00e3os, fazemos? Aqui no Canad\u00e1, meu marido e eu pensamos em criar um pequeno mundo novo dentro da comunidade burundiana: atrav\u00e9s de v\u00e1rias atividades culturais e esportivas, damos n\u00e3o apenas aos nossos compatriotas, mas tamb\u00e9m a outros africanos e aos nossos amigos e vizinhos no Quebec, a oportunidade de se encontrarem em torno de uma refei\u00e7\u00e3o tradicional, uma bebida e boa m\u00fasica. Nosso principal objetivo \u00e9 contribuir para a realiza\u00e7\u00e3o da vontade de nosso Senhor: &#8220;Que todos sejam um&#8221;. Estamos convencidos de que cada crist\u00e3o deve contribuir, \u00e0 sua maneira, para a realiza\u00e7\u00e3o deste projeto. Agora, v\u00e1rios burundianos est\u00e3o em contato permanente uns com os outros e apertam as m\u00e3os, o que antes n\u00e3o faziam. (Florida K. \u2013 Canad\u00e1)  <strong>Uma decis\u00e3o compartilhada<\/strong> Um dia, percebendo que algo estava incomodando uma colega, aproximei-me dela e perguntei gentilmente o que estava acontecendo. Foi ent\u00e3o que ela confiou em mim e contou que havia decidido acolher uma irm\u00e3 com c\u00e2ncer terminal. Como ela me disse que precisava de alimentos especiais, incluindo um tipo de leite muito caro, senti que queria contribuir. Eu poderia tirar uma quantia de minha conta, certa de que meu marido concordaria, mas desta vez eu queria tomar essa decis\u00e3o junto com ele. No passado, eu nem sempre tinha feito isso, especialmente para as pequenas despesas. Mas como nos comprometemos a viver as palavras do Evangelho com mais convic\u00e7\u00e3o, t\u00ednhamos nos tornado mais sens\u00edveis ao fato de que &#8220;\u00e9 melhor juntos&#8221;. Ent\u00e3o, depois que ambos chegamos do trabalho, eu lhe falei de minha colega e da ajuda que eu queria dar a ela. Imediatamente, ele me apoiou. N\u00e3o apenas isso, ele sugeriu dar o dobro da quantia que eu havia planejado. Seu rosto expressou grande alegria. Esta aten\u00e7\u00e3o a este nosso pr\u00f3ximo que estava sofrendo fez-nos sentir mais unidos. (Thanh \u2013 Vietn\u00e3)  <strong>Otimizando as rela\u00e7\u00f5es<\/strong> Muitas vezes me sinto tentado a &#8220;otimizar meu tempo&#8221; de acordo com meu pr\u00f3prio hor\u00e1rio, mas fico meio desapontado quando a ordem das coisas que tenho para fazer \u00e9 perturbada pelos imprevistos: o inesperado que tantas vezes transmite a vontade de Deus e d\u00e1 um sabor diferente ao dia. Cada vez mais, no entanto, estou percebendo que, na trama da vida cotidiana, a melhor atitude \u00e9 &#8220;otimizar as rela\u00e7\u00f5es&#8221; com cada pr\u00f3ximo que encontro. E aqui, a pressa \u00e9 o grande inimigo! Por isso, tento parar, por exemplo, com os aposentados que moram no t\u00e9rreo do edif\u00edcio, com a vizinha que encontro na escada, que recentemente saiu do hospital. Paro para dizer &#8220;bom dia&#8221; ao residente em pris\u00e3o domiciliar, que muitos marginalizam por medo, e tamb\u00e9m para adverti-lo que hoje a \u00e1gua ser\u00e1 cortada para toda a vizinhan\u00e7a por causa de trabalhos de manuten\u00e7\u00e3o. (Ciro \u2013 It\u00e1lia) <\/p>\n<p style=\"text-align: right;\"><em>Por Maria Grazia Berretta<\/em><\/p>\n<p> <em>(extra\u00eddo do Il Vangelo del Giorno, O Evangelho do Dia (n.d.t.), Citt\u00e0 Nuova, ano VIII, n\u00ba 2, mar\u00e7o-abril 2022)<\/em><\/p>\n","protected":false},"excerpt":{"rendered":"<p>Proclamar a Palavra n\u00e3o \u00e9 simplesmente falar, mas \u00e9 uma a\u00e7\u00e3o concreta, que se manifesta na vida, na rela\u00e7\u00e3o com os outros, com a cria\u00e7\u00e3o. \u00c9 uma miss\u00e3o: ser irm\u00e3os e irm\u00e3s, ser a imagem do Reino de Deus em nosso tempo.<\/p>\n","protected":false},"author":33,"featured_media":0,"comment_status":"open","ping_status":"open","sticky":false,"template":"","format":"standard","meta":{"give_campaign_id":0,"_seopress_robots_primary_cat":"","_seopress_titles_title":"","_seopress_titles_desc":"","_seopress_robots_index":"","_et_pb_use_builder":"","_et_pb_old_content":"","_et_gb_content_width":"","footnotes":""},"categories":[129],"tags":[],"class_list":["post-318554","post","type-post","status-publish","format-standard","hentry","category-sem-categoria"],"_links":{"self":[{"href":"https:\/\/www.focolare.org\/pt-pt\/wp-json\/wp\/v2\/posts\/318554","targetHints":{"allow":["GET"]}}],"collection":[{"href":"https:\/\/www.focolare.org\/pt-pt\/wp-json\/wp\/v2\/posts"}],"about":[{"href":"https:\/\/www.focolare.org\/pt-pt\/wp-json\/wp\/v2\/types\/post"}],"author":[{"embeddable":true,"href":"https:\/\/www.focolare.org\/pt-pt\/wp-json\/wp\/v2\/users\/33"}],"replies":[{"embeddable":true,"href":"https:\/\/www.focolare.org\/pt-pt\/wp-json\/wp\/v2\/comments?post=318554"}],"version-history":[{"count":0,"href":"https:\/\/www.focolare.org\/pt-pt\/wp-json\/wp\/v2\/posts\/318554\/revisions"}],"wp:attachment":[{"href":"https:\/\/www.focolare.org\/pt-pt\/wp-json\/wp\/v2\/media?parent=318554"}],"wp:term":[{"taxonomy":"category","embeddable":true,"href":"https:\/\/www.focolare.org\/pt-pt\/wp-json\/wp\/v2\/categories?post=318554"},{"taxonomy":"post_tag","embeddable":true,"href":"https:\/\/www.focolare.org\/pt-pt\/wp-json\/wp\/v2\/tags?post=318554"}],"curies":[{"name":"wp","href":"https:\/\/api.w.org\/{rel}","templated":true}]}}