{"id":318580,"date":"2022-04-30T01:00:02","date_gmt":"2022-04-29T23:00:02","guid":{"rendered":"https:\/\/www.focolare.org\/uma-vocacao-a-servico-do-dialogo\/"},"modified":"2024-05-15T21:13:45","modified_gmt":"2024-05-15T19:13:45","slug":"uma-vocacao-a-servico-do-dialogo","status":"publish","type":"post","link":"https:\/\/www.focolare.org\/pt-pt\/uma-vocacao-a-servico-do-dialogo\/","title":{"rendered":"Uma voca\u00e7\u00e3o a servi\u00e7o do di\u00e1logo"},"content":{"rendered":"<p><em>No dia 30 de abril de 1982, 7000 sacerdotes, religiosos e seminaristas provenientes do mundo inteiro e unidos pela espiritualidade da unidade, se reuniram em Roma para o evento \u201cO sacerdote hoje, o religioso hoje\u201d. Recordemos essa jornada que ocorreu h\u00e1 40 anos.<\/em>  Sacerdotes que se sentiram chamados a ser, antes de tudo, testemunhas do Evangelho e homens do di\u00e1logo; religiosos que encontraram na espiritualidade do Movimento dos Focolares um impulso para encarnar o carisma de seus fundadores com maior plenitude; seminaristas que entenderam querer escolher Deus e confirmar o pr\u00f3prio chamado.  Essas foram as experi\u00eancias de muitos dentre os participantes do Congresso internacional com o t\u00edtulo \u201cO sacerdote hoje, o religioso hoje\u201d, que aconteceu no dia 30 de abril de 1982 na Sala Nervi, no Vaticano.  Foi um encontro que contou com a participa\u00e7\u00e3o de cerca de 7000 pessoas e que, por meio de testemunhos de todas as partes do mundo, evidenciou os frutos do encontro do carisma da unidade com os ministros da Igreja cat\u00f3lica e de outras Igrejas e a renova\u00e7\u00e3o levada a muitas comunidades religiosas.  Chiara Lubich, em sua participa\u00e7\u00e3o naquele dia, evidenciou os dois pontos principais dessa experi\u00eancia: Jesus crucificado e abandonado como modelo do sacerdote e do religioso; o amor rec\u00edproco e a unidade como estilo e o objetivo de sua miss\u00e3o.  Ser homens do \u201cdi\u00e1logo\u201d. \u00c9 esse o mandamento que, j\u00e1 naquela \u00e9poca, continha em si o desejo da Igreja de sair, como se deduz das palavras mais do que nunca atuais da fundadora do Movimento dos Focolares:  \u201cNunca como nos tempos de hoje, em que a Igreja deve olhar para fora de si mesma, para todos os crist\u00e3os, para quem tem outras cren\u00e7as, para quem n\u00e3o cr\u00ea, vem em relevo o que alguns chamam de tarefa mission\u00e1ria do IV Evangelho. Jo\u00e3o usa estes termos: \u2018Nisto todos conhecer\u00e3o que sois meus disc\u00edpulos, se vos amardes uns aos outros\u2019. (&#8230;) Hoje os crist\u00e3os s\u00e3o chamados a evangelizar tamb\u00e9m deste modo: amando-se e apresentando aos outros a experi\u00eancia de sua vida nova. Ela n\u00e3o pode n\u00e3o tocar, n\u00e3o maravilhar, n\u00e3o gerar perguntas. E eis que floresce o di\u00e1logo\u201d.  Naquele dia, Jo\u00e3o Paulo II, o Santo Padre daquela \u00e9poca, presidiu \u201ca maior concelebra\u00e7\u00e3o da institui\u00e7\u00e3o da Eucaristia\u201d, como chamou o Observat\u00f3rio Romano. Foi um momento de alegria e partilha, uma oportunidade de fazer balan\u00e7os, um ponto de partida para novos desenvolvimentos.  Hoje, a 40 anos de dist\u00e2ncia, escutemos o depoimento de alguns que estiveram entre os participantes. <\/p>\n<p style=\"text-align: right;\"><em>por Maria Grazia Berretta<\/em><\/p>\n<p> &nbsp;  https:\/\/youtu.be\/QNENjaOt-Lw<\/p>\n","protected":false},"excerpt":{"rendered":"<p>No dia 30 de abril de 1982, 7000 sacerdotes, religiosos e seminaristas provenientes do mundo inteiro e unidos pela espiritualidade da unidade, se reuniram em Roma para o evento \u201cO sacerdote hoje, o religioso hoje\u201d. Recordemos essa jornada que ocorreu h\u00e1 40 anos.<\/p>\n","protected":false},"author":33,"featured_media":0,"comment_status":"open","ping_status":"open","sticky":false,"template":"","format":"standard","meta":{"give_campaign_id":0,"_seopress_robots_primary_cat":"","_seopress_titles_title":"","_seopress_titles_desc":"","_seopress_robots_index":"","_et_pb_use_builder":"","_et_pb_old_content":"","_et_gb_content_width":"","footnotes":""},"categories":[129],"tags":[],"class_list":["post-318580","post","type-post","status-publish","format-standard","hentry","category-sem-categoria"],"_links":{"self":[{"href":"https:\/\/www.focolare.org\/pt-pt\/wp-json\/wp\/v2\/posts\/318580","targetHints":{"allow":["GET"]}}],"collection":[{"href":"https:\/\/www.focolare.org\/pt-pt\/wp-json\/wp\/v2\/posts"}],"about":[{"href":"https:\/\/www.focolare.org\/pt-pt\/wp-json\/wp\/v2\/types\/post"}],"author":[{"embeddable":true,"href":"https:\/\/www.focolare.org\/pt-pt\/wp-json\/wp\/v2\/users\/33"}],"replies":[{"embeddable":true,"href":"https:\/\/www.focolare.org\/pt-pt\/wp-json\/wp\/v2\/comments?post=318580"}],"version-history":[{"count":0,"href":"https:\/\/www.focolare.org\/pt-pt\/wp-json\/wp\/v2\/posts\/318580\/revisions"}],"wp:attachment":[{"href":"https:\/\/www.focolare.org\/pt-pt\/wp-json\/wp\/v2\/media?parent=318580"}],"wp:term":[{"taxonomy":"category","embeddable":true,"href":"https:\/\/www.focolare.org\/pt-pt\/wp-json\/wp\/v2\/categories?post=318580"},{"taxonomy":"post_tag","embeddable":true,"href":"https:\/\/www.focolare.org\/pt-pt\/wp-json\/wp\/v2\/tags?post=318580"}],"curies":[{"name":"wp","href":"https:\/\/api.w.org\/{rel}","templated":true}]}}