{"id":318602,"date":"2022-05-19T07:02:08","date_gmt":"2022-05-19T05:02:08","guid":{"rendered":"https:\/\/www.focolare.org\/il-movimento-dei-focolari-rende-note-le-misure-sulla-tutela-dei-minori-e-delle-persone-vulnerabili-in-risposta-allindagine-indipendente-di-gcps-consulting\/"},"modified":"2024-05-15T21:13:50","modified_gmt":"2024-05-15T19:13:50","slug":"il-movimento-dei-focolari-rende-note-le-misure-sulla-tutela-dei-minori-e-delle-persone-vulnerabili-in-risposta-allindagine-indipendente-di-gcps-consulting","status":"publish","type":"post","link":"https:\/\/www.focolare.org\/pt-pt\/il-movimento-dei-focolari-rende-note-le-misure-sulla-tutela-dei-minori-e-delle-persone-vulnerabili-in-risposta-allindagine-indipendente-di-gcps-consulting\/","title":{"rendered":"Il Movimento dei Focolari rende note le misure sulla tutela dei minori e delle persone vulnerabili in risposta all\u2019indagine indipendente\u00a0di GCPS Consulting"},"content":{"rendered":"<p><em>Prende il via un deciso percorso di ampliamento e rafforzamento delle misure di prevenzione, formazione, risarcimento e valutazione delle responsabilit\u00e0, per garantire giustizia a tutte le vittime e implementare in ogni ambiente del Movimento una cultura del primato della carit\u00e0, della dignit\u00e0 della persona, della sicurezza e della trasparenza.<\/em>  \u201cQuella che presentiamo oggi \u00e8 una prima risposta alle raccomandazioni indicate dal <a href=\"https:\/\/www.focolare.org\/news\/2022\/03\/30\/il-movimento-dei-focolari-pubblica-i-risultati-di-uninchiesta-indipendente-sui-casi-di-abuso-di-un-ex-membro-consacrato-in-francia\/\">rapporto di GCPS Consulting<\/a> sui casi di abuso su minori ad opera di un ex membro dei Focolari in Francia. Siamo coscienti che queste prime misure non sono esaustive, ma fanno parte di <strong>un deciso processo di riorientamento della vita e delle attivit\u00e0 del Movimento dove il minore e la persona, in tutta la sua complessit\u00e0, \u00e8 al centro di ogni cura, protezione, processo di riparazione e rinascita<\/strong>\u201d.  Con queste parole Margaret Karram, Presidente dei Focolari, presenta il percorso che il Movimento intraprende ora, grazie anche alle raccomandazioni di GCPS Consulting. Sono misure che vanno ad aggiungersi alle Linee Guida per la Tutela dei Minori e delle Persone Vulnerabili (in vigore nel Movimento dei Focolari dal 2014 e attualmente in fase di revisione, in base agli standard internazionali) e ai corsi di formazione sui temi della tutela, per i membri del Movimento.  \u201cCome prima cosa e pi\u00f9 importante \u2013 spiega la Presidente \u2013 <strong>voglio rivolgermi a tutte le vittime di abusi sessuali, in particolare in Francia<\/strong>: desidero ringraziarvi a titolo personale e a nome del Movimento, perch\u00e9 il coraggio delle vostre testimonianze, del vostro dolore comunicato, sono per noi il punto di partenza imprescindibile di questo cammino di purificazione e vorrei anche ringraziare la comunit\u00e0 francese del Movimento per il suo coraggio nell\u2019affrontare una tale sofferenza.  <strong>La Commissione disciplinare<\/strong> centrale della quale annunciamo ora l\u2019istituzione avr\u00e0 il compito di valutare le responsabilit\u00e0 dei dirigenti del Movimento coinvolti in casi di abuso, allo scopo di fare chiarezza e rendere giustizia alle vittime.  A fondamento di questo <strong>cammino di rinnovamento<\/strong> poniamo prima di tutto il Vangelo che vogliamo rimettere al centro della nostra azione \u2013 conclude Margaret Karram \u2013, inoltre, le gravi sfide che l\u2019umanit\u00e0 vive oggi domandano un\u2019attualizzazione della spiritualit\u00e0 dell\u2019unit\u00e0 perch\u00e9 possa essere strumento di fraternit\u00e0 e pace\u201d.  <strong>Le misure esposte di seguito<\/strong> verranno implementate su un breve, medio e lungo termine e sono ritenute le pi\u00f9 urgenti e necessarie per innestare saldamente il Movimento su un cammino di riparazione e ripartenza positiva. <\/p>\n<ul>\n<li><strong>Le vittime al centro: la richiesta di perdono personale della Presidente<\/strong><\/li>\n<\/ul>\n<p> Le persone che hanno subito abusi occupano in questo processo un posto centrale e prioritario. Pertanto, l\u2019ascolto, la richiesta di perdono, l\u2019offerta di aiuto e il percorso riparativo sono il punto di partenza.  Margaret Karram si \u00e8 messa in contatto personalmente con le vittime in Francia con cui \u00e8 stato possibile farlo e nel rispetto della privacy. Il suo desiderio \u00e8 di raggiungerle tutte, sempre nel rispetto della loro volont\u00e0 di mantenere l\u2019anonimato.\u00a0<strong>\u00a0<\/strong> <\/p>\n<ul>\n<li><strong>Una rete per l\u2019accoglienza e l\u2019ascolto delle vittime<\/strong><\/li>\n<\/ul>\n<p> Verranno rafforzate (dove sono gi\u00e0 presenti e operative) o istituite <em>ex novo<\/em> le Commissioni locali per il benessere e la tutela dei minori e delle persone vulnerabili con la presenza di professionisti negli ambiti del sostegno psicologico, legale, pedagogico e formativo. Tali commissioni sono indipendenti dagli organi di governo del Movimento dei Focolari e hanno il compito di accogliere denunce, testimonianze e di avviare i procedimenti d\u2019indagine. Le commissioni locali potranno offrire un ulteriore servizio: un punto d\u2019ascolto e di prima accoglienza per chiunque desideri condividere la propria esperienza di abuso, violenza, disagio o vissuto traumatico di vario tipo, avvalendosi anche \u2013 se richiesto \u2013 di una consulenza per un percorso successivo.  A questo riguardo in alcuni Paesi, come in Francia, in Germania e in altre nazioni, sono gi\u00e0 attivi punti d\u2019ascolto. <\/p>\n<ul>\n<li><strong>Elaborazione di un protocollo per il risarcimento di vittime di abusi commessi in seno al Movimento dei Focolari <\/strong><\/li>\n<\/ul>\n<p> \u00c8 in fase di elaborazione un protocollo del Movimento dei Focolari per il risarcimento delle vittime. <\/p>\n<ul>\n<li><strong>Istituzione di una Commissione disciplinare<\/strong><\/li>\n<\/ul>\n<p> Verr\u00e0 istituita una Commissione disciplinare centrale, composta in maggioranza da professionisti esterni, in ambito legale e psicologico al fine di valutare la responsabilit\u00e0 dei dirigenti del Movimento dei Focolari nella gestione degli abusi sessuali, spirituali e di autorit\u00e0. Essa operer\u00e0 in base ad un Codice disciplinare che sar\u00e0 elaborato in accordo con la Commissione stessa e stabilir\u00e0 i principi etici e le sanzioni. <\/p>\n<ul>\n<li><strong>Pubblicazione di un rapporto annuale a livello mondiale <\/strong><\/li>\n<\/ul>\n<p> Verr\u00e0 pubblicato, a cadenza annuale, un rapporto sul lavoro effettuato dalla Commissione Centrale per il Benessere e la Tutela dei Minori e delle Persone Vulnerabili (CO.BE.TU), relativamente ai casi di abuso e alle misure di prevenzione e tutela dei minori. <\/p>\n<ul>\n<li><strong>La tutela \u00e8 responsabilit\u00e0 di tutti i membri del Movimento<\/strong><\/li>\n<\/ul>\n<p> Per rafforzare tale riconoscimento, il Movimento ritiene obbligatorio per ogni membro, inclusi i minori stessi e quanti desiderano farne parte, la frequenza di un corso base sulla tutela dei minori e delle persone vulnerabili, organizzato dalle Commissioni locali per il benessere e la tutela dei minori e le persone vulnerabili. <\/p>\n<ul>\n<li><strong>Corsi di formazione per dirigenti<\/strong><\/li>\n<\/ul>\n<p> Sono in fase di definizione corsi di formazione obbligatori per preparare i dirigenti \u2013 a qualsiasi livello siano chiamati ad operare \u2013 a mettere in atto forme di corresponsabilit\u00e0, maggiore trasparenza nei processi decisionali, alternanza delle cariche, accompagnamento delle persone, alla luce della distinzione tra ambito di governo e ambito di coscienza. <\/p>\n<ul>\n<li><strong>Percorsi di condivisione e formazione per comunit\u00e0 del Movimento dei Focolari<\/strong><\/li>\n<\/ul>\n<p> Le comunit\u00e0 dei Focolari, nelle loro diverse forme devono favorire il necessario processo di discernimento, dialogo aperto e comprensione delle corrette dinamiche relazionali. In seguito alla pubblicazione dell\u2019indagine indipendente di GCPS Consulting tanti gruppi e comunit\u00e0 del Movimento hanno gi\u00e0 dato vita a momenti di condivisione e dialogo sulle tematiche degli abusi. Il Movimento incoraggia tali percorsi con il supporto di esperti e professionisti, dove necessario o richiesto, tenendo conto delle diverse sensibilit\u00e0 culturali. <\/p>\n<p style=\"text-align: right;\"><em>Stefania Tanesini\u00a0<\/em><\/p>\n","protected":false},"excerpt":{"rendered":"<p>Prende il via un deciso percorso di ampliamento e rafforzamento delle misure di prevenzione, formazione, risarcimento e valutazione delle responsabilit\u00e0, per garantire giustizia a tutte le vittime e implementare in ogni ambiente del Movimento una cultura del primato della carit\u00e0, della dignit\u00e0 della persona, della sicurezza e della trasparenza.<\/p>\n","protected":false},"author":34,"featured_media":0,"comment_status":"open","ping_status":"open","sticky":false,"template":"","format":"standard","meta":{"give_campaign_id":0,"_seopress_robots_primary_cat":"","_seopress_titles_title":"","_seopress_titles_desc":"","_seopress_robots_index":"","_et_pb_use_builder":"","_et_pb_old_content":"","_et_gb_content_width":"","footnotes":""},"categories":[2957,129,3306],"tags":[3198],"class_list":["post-318602","post","type-post","status-publish","format-standard","hentry","category-centro-internazionale-3","category-sem-categoria","category-tutela-minori-pt-pt","tag-ppg-pt-pt"],"_links":{"self":[{"href":"https:\/\/www.focolare.org\/pt-pt\/wp-json\/wp\/v2\/posts\/318602","targetHints":{"allow":["GET"]}}],"collection":[{"href":"https:\/\/www.focolare.org\/pt-pt\/wp-json\/wp\/v2\/posts"}],"about":[{"href":"https:\/\/www.focolare.org\/pt-pt\/wp-json\/wp\/v2\/types\/post"}],"author":[{"embeddable":true,"href":"https:\/\/www.focolare.org\/pt-pt\/wp-json\/wp\/v2\/users\/34"}],"replies":[{"embeddable":true,"href":"https:\/\/www.focolare.org\/pt-pt\/wp-json\/wp\/v2\/comments?post=318602"}],"version-history":[{"count":0,"href":"https:\/\/www.focolare.org\/pt-pt\/wp-json\/wp\/v2\/posts\/318602\/revisions"}],"wp:attachment":[{"href":"https:\/\/www.focolare.org\/pt-pt\/wp-json\/wp\/v2\/media?parent=318602"}],"wp:term":[{"taxonomy":"category","embeddable":true,"href":"https:\/\/www.focolare.org\/pt-pt\/wp-json\/wp\/v2\/categories?post=318602"},{"taxonomy":"post_tag","embeddable":true,"href":"https:\/\/www.focolare.org\/pt-pt\/wp-json\/wp\/v2\/tags?post=318602"}],"curies":[{"name":"wp","href":"https:\/\/api.w.org\/{rel}","templated":true}]}}