{"id":318610,"date":"2022-05-28T01:00:49","date_gmt":"2022-05-27T23:00:49","guid":{"rendered":"https:\/\/www.focolare.org\/familias-em-crise-e-o-mundo-da-separacao-a-ajuda-de-familias-novas\/"},"modified":"2024-05-15T21:13:52","modified_gmt":"2024-05-15T19:13:52","slug":"familias-em-crise-e-o-mundo-da-separacao-a-ajuda-de-familias-novas","status":"publish","type":"post","link":"https:\/\/www.focolare.org\/pt-pt\/familias-em-crise-e-o-mundo-da-separacao-a-ajuda-de-familias-novas\/","title":{"rendered":"Fam\u00edlias em crise e o mundo da separa\u00e7\u00e3o: a ajuda de Fam\u00edlias Novas"},"content":{"rendered":"<p><em>A esfera dos casais em dificuldade, das pessoas separadas e separadas que vivem novas uni\u00f5es, \u00e9 um grito de dor, no mundo, que pede ajuda. O Movimento Fam\u00edlias Novas, uma das ramifica\u00e7\u00f5es do Movimento dos Focolares, iniciou percursos de acompanhamento para estas fam\u00edlias.<\/em>  S\u00e3o muitos os casais que se encontram em dificuldades e que, devido a incompreens\u00f5es, escassez de di\u00e1logo, frieza na rela\u00e7\u00e3o chegam \u00e0 decis\u00e3o mais dr\u00e1stica: a separa\u00e7\u00e3o. Fam\u00edlias em crise que se desfazem e novas uni\u00f5es que se formam. Muitas vezes os problemas de casal, grandes ou pequenos, n\u00e3o se resolvem somente entre eles, mas \u00e9 necess\u00e1ria uma ajuda externa. H\u00e1 alguns anos o Movimento Fam\u00edlias Novas tem cuidado destas fam\u00edlias que se sentem &#8216;\u2018diferentes\u2019&#8217; s\u00f3 porque n\u00e3o tiveram um caminho linear na vida.  Giulia e Andr\u00e9 (nomes fict\u00edcios) s\u00e3o a prova de que, apesar das imperfei\u00e7\u00f5es da vida, ainda \u00e9 poss\u00edvel ser uma fam\u00edlia.  Durante sua adolesc\u00eancia, ela conheceu o Movimento dos Focolares e descobriu o \u00fanico ideal pelo qual vale a pena viver: Deus Amor.  O tempo passou, suas amigas ficaram noivas, se casaram, uma se consagrou a Deus, mas para ela ainda n\u00e3o havia uma perspectiva de futuro seguro. Enquanto isso, ela se formou, mas seus pais se separaram.  \u201cEu vivi a dor de uma fam\u00edlia e descobri, depois de quase 30 anos, que era diferente de como eu a imaginava\u201d, disse ela. &#8220;Mas o amor \u00e9 poss\u00edvel mesmo depois de tantos anos, porque eu o experimentei neste ideal de vida!  Neste \u00ednterim, Giulia mudou-se para outra cidade para realizar seu sonho profissional. Uma noite, uma amiga insistiu para sa\u00edrem com outros amigos para uma festa da cidade. E assim ela conheceu Andr\u00e9, simp\u00e1tico e gentil\u2026, mas era separado e tinha dois filhos.  &#8220;N\u00e3o, obrigada! Eu respondia \u00e0s suas liga\u00e7\u00f5es, mas quando ele me convidava para sair, eu ficava chateada porque n\u00e3o queria e n\u00e3o podia ter um relacionamento com um homem separado. Como conciliaria a minha vida, meu compromisso crist\u00e3o com algu\u00e9m como ele&#8221;?  Com o tempo a hist\u00f3ria adquiriu forma, mas o seu cora\u00e7\u00e3o tornou-se cada vez mais inquieto.  &#8220;Conhecendo o pensamento da Igreja sobre estas uni\u00f5es, assistia \u00e0 missa, mas decidi n\u00e3o comungar mais, pois n\u00e3o me sentia digna. Decidi compartilhar esta hist\u00f3ria com um padre que me conhecia ao longo de toda a minha vida. E assim n\u00f3s nos entregamos a Maria&#8221;.  A hist\u00f3ria continua.  &#8220;Eu sentia que minha hist\u00f3ria com ele talvez fosse a &#8220;minha estrada&#8221;, acrescentou Giulia, &#8220;mas o que me fazia sofrer era sobretudo a ideia de n\u00e3o poder mais receber Jesus na Eucaristia&#8221;. Todavia, se aquela era a indica\u00e7\u00e3o da Igreja, eu a respeitava e seguia em frente. Portanto, permaneci fiel \u00e0 Missa dominical, mesmo n\u00e3o recebendo a Eucaristia.  Em 2016, recebi um convite de Fam\u00edlias Novas para participar de um congresso em Roma para casais separados que vivem uma nova uni\u00e3o.  &#8220;Andr\u00e9 e eu aderimos \u00e0 proposta. Por um lado, eu temia a rea\u00e7\u00e3o que ele poderia ter, por outro eu sentia que era uma oportunidade para n\u00f3s. Foram tr\u00eas dias intensos. Eu via Andr\u00e9 bem inserido e muito feliz. Quanto a mim, eu me sentia \u201cem casa\u201d com a pessoa que era importante para mim, mesmo se canonicamente n\u00e3o fosse perfeito. Andrea levou para casa a percep\u00e7\u00e3o de que era uma parte viva da Igreja. N\u00e3o como uma pessoa marginalizada, devido a um casamento desfeito, mas como membro de um Corpo vivo e n\u00e3o mais isolado ou exclu\u00eddo.  Eu disse a Andr\u00e9 que a fam\u00edlia que eu desejava na minha vida deveria ser constru\u00edda sobre a base do amor que t\u00ednhamos experimentado naqueles dias, naquela medida e dimens\u00e3o, e se ele tamb\u00e9m compartilhasse o meu pensamento, poder\u00edamos nos casar. Sim, um casamento civil, mas a fam\u00edlia que nasceria deveria ter esse selo: o amor m\u00fatuo que nos foi revelado&#8221;.  Em setembro de 2017 celebramos o casamento no cart\u00f3rio. &#8220;Eu penso que meu grande desejo de juventude de sair pelo mundo se realizou, justamente no dia do nosso casamento, onde todas as gera\u00e7\u00f5es e culturas estavam representadas, onde havia pessoas de v\u00e1rias origens, crentes e n\u00e3o-crentes, mas todos felizes em poder compartilhar nossa alegria.  H\u00e1 alguns anos, estamos inseridos em um grupo de Fam\u00edlias Novas onde h\u00e1 casais que vivem a nossa mesma realidade, e isto nos d\u00e1 a oportunidade de nos expressarmos livremente, sem o temor de sermos julgados. Isto n\u00e3o nos faz mais sentir que somos de segunda classe, mas aceitos plenamente e reconhecidos como uma fam\u00edlia. Isso nos ajuda na caminhada de casal a n\u00e3o nos fecharmos, a mantermos vivo o di\u00e1logo entre n\u00f3s, compartilhando com outros casais e cultivando rela\u00e7\u00f5es positivas e boas amizades&#8221;. <\/p>\n<p style=\"text-align: right;\"><em>Lorenzo Russo<\/em><\/p>\n","protected":false},"excerpt":{"rendered":"<p>La sph\u00e8re des couples en difficult\u00e9, des personnes s\u00e9par\u00e9es et des personnes s\u00e9par\u00e9es qui vivent de nouvelles unions est un cri de d\u00e9tresse qui appelle \u00e0 l&#8217;aide. Le Mouvement Familles Nouvelles, une ramification des Focolari, a mis en place des parcours de soutien pour ces familles.<\/p>\n","protected":false},"author":33,"featured_media":0,"comment_status":"open","ping_status":"open","sticky":false,"template":"","format":"standard","meta":{"give_campaign_id":0,"_seopress_robots_primary_cat":"","_seopress_titles_title":"","_seopress_titles_desc":"","_seopress_robots_index":"","_et_pb_use_builder":"","_et_pb_old_content":"","_et_gb_content_width":"","footnotes":""},"categories":[129],"tags":[],"class_list":["post-318610","post","type-post","status-publish","format-standard","hentry","category-sem-categoria"],"_links":{"self":[{"href":"https:\/\/www.focolare.org\/pt-pt\/wp-json\/wp\/v2\/posts\/318610","targetHints":{"allow":["GET"]}}],"collection":[{"href":"https:\/\/www.focolare.org\/pt-pt\/wp-json\/wp\/v2\/posts"}],"about":[{"href":"https:\/\/www.focolare.org\/pt-pt\/wp-json\/wp\/v2\/types\/post"}],"author":[{"embeddable":true,"href":"https:\/\/www.focolare.org\/pt-pt\/wp-json\/wp\/v2\/users\/33"}],"replies":[{"embeddable":true,"href":"https:\/\/www.focolare.org\/pt-pt\/wp-json\/wp\/v2\/comments?post=318610"}],"version-history":[{"count":0,"href":"https:\/\/www.focolare.org\/pt-pt\/wp-json\/wp\/v2\/posts\/318610\/revisions"}],"wp:attachment":[{"href":"https:\/\/www.focolare.org\/pt-pt\/wp-json\/wp\/v2\/media?parent=318610"}],"wp:term":[{"taxonomy":"category","embeddable":true,"href":"https:\/\/www.focolare.org\/pt-pt\/wp-json\/wp\/v2\/categories?post=318610"},{"taxonomy":"post_tag","embeddable":true,"href":"https:\/\/www.focolare.org\/pt-pt\/wp-json\/wp\/v2\/tags?post=318610"}],"curies":[{"name":"wp","href":"https:\/\/api.w.org\/{rel}","templated":true}]}}