{"id":318634,"date":"2022-06-17T01:00:21","date_gmt":"2022-06-16T23:00:21","guid":{"rendered":"https:\/\/www.focolare.org\/evangelho-vivido-es-tu-o-meu-senhor-fora-de-ti-nao-tenho-bem-algum-sl-16-152\/"},"modified":"2024-05-15T21:13:55","modified_gmt":"2024-05-15T19:13:55","slug":"evangelho-vivido-es-tu-o-meu-senhor-fora-de-ti-nao-tenho-bem-algum-sl-16-152","status":"publish","type":"post","link":"https:\/\/www.focolare.org\/pt-pt\/evangelho-vivido-es-tu-o-meu-senhor-fora-de-ti-nao-tenho-bem-algum-sl-16-152\/","title":{"rendered":"Evangelho vivido: \u201c\u00c9s tu o meu Senhor, fora de ti n\u00e3o tenho bem algum\u201d (Sl 16 [15],2)"},"content":{"rendered":"<p><em>Dar a Deus um lugar central e ter a certeza de n\u00e3o vacilar. Viver na plenitude o que este salmo exprime \u00e9 a maior consola\u00e7\u00e3o que se possa receber: sentir-nos guiados e saber, no profundo do cora\u00e7\u00e3o, que somente Ele faz bem todas as coisas.<\/em>  <strong>Sementes de paz<\/strong> No nosso condom\u00ednio estavam crescendo as reclama\u00e7\u00f5es ligadas \u00e0 administra\u00e7\u00e3o, aos consertos, ao barulho. Um dia refleti sobre as palavras de um sacerdote: a paz \u2013 ele dizia \u2013 come\u00e7a dentro de n\u00f3s, na consci\u00eancia, onde est\u00e1 a semente da verdade que \u00e9 Deus, semente que desabrocha com a caridade colocada em pr\u00e1tica nas v\u00e1rias situa\u00e7\u00f5es da vida. Conversando sobre isso, em fam\u00edlia, pensamos em fazer, todo dia, uma pequena melhoria no pr\u00e9dio, mas sem que ningu\u00e9m visse quem era o autor. Por exemplo, tirar as folhas amarelas das plantas, no ingresso e colocar \u00e1gua nelas, limpar os vidros e as molduras dos quadros, no sagu\u00e3o, que talvez nunca tivessem sido espanados desde que tinham sido colocados ali. Claro, eram fun\u00e7\u00f5es de quem era pago para as limpezas, mas na primeira reuni\u00e3o de condom\u00ednio o s\u00edndico comentou que h\u00e1 algum tempo todos sentiam o ambiente mais acolhedor, estavam inclusive surgindo ideias sobre como pintar as escadas. Quando eu contei isso, os meus filhos ficaram entusiasmados. Uma contribui\u00e7\u00e3o para melhorar o mundo pode come\u00e7ar at\u00e9 mesmo pelo pr\u00f3prio condom\u00ednio. (C. \u2013 Cro\u00e1cia)  <strong>O \u201cfagotto\u201d<\/strong> Desde o in\u00edcio da nossa vida de fam\u00edlia, tudo foi sempre colocado em comum. Um dia, minha esposa e eu sentamos juntos para organizar a economia familiar. Muito al\u00e9m de cifras \u00e1ridas, cada sa\u00edda e cada entrada assinalavam um crescimento na qualidade da rela\u00e7\u00e3o entre n\u00f3s. Envolvemos nisso tamb\u00e9m os nossos filhos. Sendo assim, tornou-se normal que o par de sapatos que se usava pouco fosse direcionado a algu\u00e9m que estava precisando, ou que entre as sa\u00eddas indispens\u00e1veis houvesse sempre uma soma para colocar \u00e0 disposi\u00e7\u00e3o do pr\u00f3ximo em dificuldade. Um passo a mais foi o chamado \u201c<em>fagotto<\/em>\u201d: estar atentos para n\u00e3o acumular nada que n\u00e3o fosse estritamente necess\u00e1rio. Somente depois percebemos a import\u00e2ncia deste ato. Percebemos que t\u00ednhamos entrado em contato com muitas pessoas que precisavam de tudo. At\u00e9 um l\u00e1pis, um livro, um cobertor, tornavam-se sinal de aten\u00e7\u00e3o ao pr\u00f3ximo. Este modo de fazer renovou a nossa vida. (L. R. \u2013 Holanda)  <strong>Ter confian\u00e7a<\/strong> Eu tinha perdido o emprego, mas estava confiante que a Provid\u00eancia de Deus teria feito com que encontrasse outro. N\u00e3o era verdade que eu tinha experimentado muitas vezes o \u201cdai e vos ser\u00e1 dado\u201d (Lc 6,38), como resposta \u00e0 tentativa de colocar em pr\u00e1tica o amor evang\u00e9lico? Naquele mesmo dia eu deveria contar a minha experi\u00eancia de vida crist\u00e3, na par\u00f3quia. Depois de ter mencionado que estava procurando um trabalho, uma jovem que participava do encontro me avisou que na empresa de seu pai estavam procurando um funcion\u00e1rio. Foi assim que, confiando, eu encontrei um trabalho. (F. I. \u2013 It\u00e1lia) <\/p>\n<p style=\"text-align: right;\"><em>De Maria Grazia Berretta<\/em><\/p>\n<p> <em>(Retirado de\u00a0\u201cIl Vangelo del Giorno\u201d, Citt\u00e0 Nuova, anno VIII, n.2, maio-junho 2022)<\/em><\/p>\n","protected":false},"excerpt":{"rendered":"<p>Dar a Deus um lugar central e ter a certeza de n\u00e3o vacilar. Viver na plenitude o que este salmo exprime \u00e9 a maior consola\u00e7\u00e3o que se possa receber: sentir-nos guiados e saber, no profundo do cora\u00e7\u00e3o, que somente Ele faz bem todas as coisas.<\/p>\n","protected":false},"author":33,"featured_media":0,"comment_status":"open","ping_status":"open","sticky":false,"template":"","format":"standard","meta":{"give_campaign_id":0,"_seopress_robots_primary_cat":"","_seopress_titles_title":"","_seopress_titles_desc":"","_seopress_robots_index":"","_et_pb_use_builder":"","_et_pb_old_content":"","_et_gb_content_width":"","footnotes":""},"categories":[129],"tags":[],"class_list":["post-318634","post","type-post","status-publish","format-standard","hentry","category-sem-categoria"],"_links":{"self":[{"href":"https:\/\/www.focolare.org\/pt-pt\/wp-json\/wp\/v2\/posts\/318634","targetHints":{"allow":["GET"]}}],"collection":[{"href":"https:\/\/www.focolare.org\/pt-pt\/wp-json\/wp\/v2\/posts"}],"about":[{"href":"https:\/\/www.focolare.org\/pt-pt\/wp-json\/wp\/v2\/types\/post"}],"author":[{"embeddable":true,"href":"https:\/\/www.focolare.org\/pt-pt\/wp-json\/wp\/v2\/users\/33"}],"replies":[{"embeddable":true,"href":"https:\/\/www.focolare.org\/pt-pt\/wp-json\/wp\/v2\/comments?post=318634"}],"version-history":[{"count":0,"href":"https:\/\/www.focolare.org\/pt-pt\/wp-json\/wp\/v2\/posts\/318634\/revisions"}],"wp:attachment":[{"href":"https:\/\/www.focolare.org\/pt-pt\/wp-json\/wp\/v2\/media?parent=318634"}],"wp:term":[{"taxonomy":"category","embeddable":true,"href":"https:\/\/www.focolare.org\/pt-pt\/wp-json\/wp\/v2\/categories?post=318634"},{"taxonomy":"post_tag","embeddable":true,"href":"https:\/\/www.focolare.org\/pt-pt\/wp-json\/wp\/v2\/tags?post=318634"}],"curies":[{"name":"wp","href":"https:\/\/api.w.org\/{rel}","templated":true}]}}