{"id":318638,"date":"2022-06-21T12:02:26","date_gmt":"2022-06-21T10:02:26","guid":{"rendered":"https:\/\/www.focolare.org\/movimentos-e-novas-comunidades-pecas-preciosas-no-mosaico-da-igreja\/"},"modified":"2024-05-15T21:13:56","modified_gmt":"2024-05-15T19:13:56","slug":"movimentos-e-novas-comunidades-pecas-preciosas-no-mosaico-da-igreja","status":"publish","type":"post","link":"https:\/\/www.focolare.org\/pt-pt\/movimentos-e-novas-comunidades-pecas-preciosas-no-mosaico-da-igreja\/","title":{"rendered":"Movimentos e novas comunidades: pe\u00e7as preciosas no mosaico da Igreja"},"content":{"rendered":"<p><em>No dia 20 de junho de 2022 realizou-se, em Roma, o congresso \u201cA identidade dos Movimentos e das Novas comunidades no caminho sinodal da Igreja\u201d, promovido pela Pontif\u00edcia Universidade Lateranense e pelo Instituto Universit\u00e1rio Sophia. <\/em>  <em>Aumentar e aprofundar o di\u00e1logo entre os dons hier\u00e1rquicos e carism\u00e1ticos, entre Igreja institucional, Movimentos e Novas Comunidades. O aug\u00fario do cardeal <strong>Marc Oullet<\/strong> \u00e9 que estes tempos, caracterizados pelo caminho sinodal, alarguem a consci\u00eancia dos carismas em todas as comunidades eclesiais. Estas palavras do Prefeito da Congrega\u00e7\u00e3o para os bispos e Presidente da Comiss\u00e3o Pontif\u00edcia para a Am\u00e9rica Latina, exprimem bem a importante etapa que significou o congresso \u201cA identidade dos Movimentos e das Novas Comunidades no caminho sinodal da Igreja\u201d, realizado ontem na Pontif\u00edcia Universidade Lateranense, e promovido juntamente com o Instituto Universit\u00e1rio Sophia. <\/em>  <em>As qualificadas interven\u00e7\u00f5es concentraram-se no caminho e nas quest\u00f5es abertas sobre estas novas express\u00f5es do Esp\u00edrito, que pedem respostas atualizadas e que saibam confrontar-se com um mundo em uma mudan\u00e7a constante e r\u00e1pida. <strong>O cardeal Kevin Farrell, Prefeito do Dicast\u00e9rio para os Leigos, a Fam\u00edlia e a Vida, identificou em quatro pontos os desafios que este caminho apresenta hoje: fidelidade din\u00e2mica ao carisma, unidade, sinodalidade e missionariedade<\/strong>: \u201cAs perspectivas novas que o Esp\u00edrito Santo abre diante de n\u00f3s apresentam-se sempre como desafios, algo que n\u00e3o deixa tranquilos porque o Esp\u00edrito \u00e9 dinamismo, \u00e9 criatividade, \u00e9 vida\u201d. <\/em>  <div class=\"et_pb_slider et_pb_slider_fullwidth_off et_pb_gallery_post_type\">\n\t\t\t\t<div class=\"et_pb_slides\">\n\t\t\t\t\t\n\t\t\t\t<\/div>\n\t\t\t<\/div>  <em>Como atuar, portanto, a necess\u00e1ria atualiza\u00e7\u00e3o a ser feita em muitos \u00e2mbitos: forma\u00e7\u00e3o dos membros, atividades de evangeliza\u00e7\u00e3o, atividades de ajuda e cura das feridas mais profundas da sociedade? As respostas e contribui\u00e7\u00f5es apresentadas pelos representantes dos Movimentos e Novas Comunidades, em sua variedade e complementariedade, ofereceram um panorama do est\u00e1gio atual destas realidades eclesiais.<\/em>  <em>\u00a0<\/em><em><strong>Margaret Karram, presidente do Movimento dos Focolares<\/strong><\/em><em>, salientou que \u201cneste momento em que a Igreja inteira se orienta a um estilo sinodal, somos chamados a um passo ulterior: caminhar unidos, n\u00e3o apenas dentro das nossas realidades, mas junto com todos\u201d. Somente colocando-se em rede, sendo uma d\u00e1diva para a Igreja e para a humanidade, os Movimentos descobrir\u00e3o de maneira nova a pr\u00f3pria identidade.<\/em>  <em><strong>Mary Healy, docente de Sagrada Escritura<\/strong><\/em> <strong>(Semin\u00e1rio Maior do Sagrado Cora\u00e7\u00e3o, Detroit, USA)<\/strong>, destacou os tr\u00eas principais frutos trazidos pelos Movimentos e Novas Comunidades, a partir do Conc\u00edlio Vaticano II: forma\u00e7\u00e3o, evangeliza\u00e7\u00e3o e primado da dimens\u00e3o carism\u00e1tica; dons trazidos \u00e0 Igreja e \u00e0 humanidade, fundamentados no encontro pessoal e comunit\u00e1rio com Cristo.  Falando sobre \u201cOs movimentos eclesiais e as novas comunidade, no <em>kair\u00f3s<\/em> do atual processo sinodal\u201d, <strong>Mons. Piero Coda, te\u00f3logo e Secret\u00e1rio Geral da Comiss\u00e3o Teol\u00f3gica Internacional, e docente no Instituto Universit\u00e1rio Sophia<\/strong>, evidenciou um desafio ainda aberto: o car\u00e1ter provis\u00f3rio da configura\u00e7\u00e3o dessas realidades eclesiais, em refer\u00eancia ao seu reconhecimento na ordem can\u00f4nica. \u201cO cuidado da Igreja nesta fase \u00e9 um prel\u00fadio para estruturas novas e mais maduras, no atual e din\u00e2mico contexto eclesiol\u00f3gico\u201d.  <div class=\"et_pb_slider et_pb_slider_fullwidth_off et_pb_gallery_post_type\">\n\t\t\t\t<div class=\"et_pb_slides\">\n\t\t\t\t\t\n\t\t\t\t<\/div>\n\t\t\t<\/div>  A alguns representantes dos Movimentos e Novas Comunidades foi confiada a sess\u00e3o sobre \u201cFunda\u00e7\u00e3o, desenvolvimento e encarna\u00e7\u00e3o do Carisma\u201d. <strong>Moys\u00e9s Louro de Azevedo Filho, da Comunidade Cat\u00f3lica Shalom<\/strong> \u2013 fundador e moderador geral da Comunidade, apresentou o esp\u00edrito e as finalidades desta express\u00e3o eclesial que \u201c\u00e9 portadora de um carisma cuja s\u00edntese \u00e9 a palavra pronunciada por Jesus quando encontra os disc\u00edpulos no cen\u00e1culo: \u201cShalom, rumo a uma santidade comunit\u00e1ria\u201d. <strong>Daniela Martucci, vice-presidente da Comunidade Novos Horizontes<\/strong> colocou em relevo o cora\u00e7\u00e3o do carisma: a escuta do grito de Jesus Crucificado e Abandonado nos pobres, nos \u00faltimos e descartados, assim como o do amor de um Homem Deus que continua a repetir: \u201camai-vos como eu vos amei\u201d.  <strong>Iraci Silva Leite<\/strong>, evidenciou a centralidade da Palavra de Deus que orienta a experi\u00eancia da <strong>Fazenda da Esperan\u00e7a<\/strong>; Palavra que \u201cnos une, especialmente no esfor\u00e7o de viver o amor entre n\u00f3s e de doar a quem sofre a presen\u00e7a de Jesus\u201d.  <strong>Michel-Bernard De Vregille, da Comunidade Emanuel<\/strong>, abordou o tema das crises que atravessaram e atravessam as realidades eclesiais: \u201cMuitas vezes corre-se o risco de querer contrapor carisma e institui\u00e7\u00e3o \u2013 ele afirmou. No entanto, a centelha da Igreja hier\u00e1rquica e institucional, e a centelha do carisma, s\u00e3o feitas para se encontrarem e tornar-se uma linda chama para iluminar o mundo com a presen\u00e7a do Ressuscitado\u201d.  Sobre o aspecto da encarna\u00e7\u00e3o, o <strong>prof. Luigino Bruni, economista<\/strong>, concentrou-se sobre o desafio \u201cnarrativo\u201d dos carismas que nascem em um per\u00edodo hist\u00f3rico muitas vezes descrito com modalidades t\u00edpicas do tempo de funda\u00e7\u00e3o. \u201c\u00c9 preciso atualizar-se juntamente com o carisma \u2013 afirmou \u2013 sem perder, por\u00e9m, o contato com o seu n\u00facleo fundamental. Um novo capital narrativo vir\u00e1 do pluralismo das linguagens, dos v\u00e1rios experimentos, do di\u00e1logo entre sensibilidades diferentes: jovens e adultos, acad\u00eamicos e pessoas comuns, Igreja e movimentos, etc.\u201d.  <div class=\"et_pb_slider et_pb_slider_fullwidth_off et_pb_gallery_post_type\">\n\t\t\t\t<div class=\"et_pb_slides\">\n\t\t\t\t\t\n\t\t\t\t<\/div>\n\t\t\t<\/div>  Na parte da tarde os trabalhos focalizaram a forma como os carismas podem e devem fermentar todos os aspectos da vida dos membros e das comunidades, dos espirituais aos organizativos, da inclus\u00e3o de membros de diferentes voca\u00e7\u00f5es \u00e0 forma\u00e7\u00e3o, at\u00e9 \u00e0 administra\u00e7\u00e3o dos bens e a todas as formas de responsabilidade e de governo. A<strong> Prof. Elena di Bernardo, ordin\u00e1ria de Direito Can\u00f4nico<\/strong> <strong>(Institutum Utriusque luris, Pontif\u00edcia Universidade Lateranense) <\/strong>ofereceu um <em>Excursus<\/em> altamente qualificado sobre as rela\u00e7\u00f5es entre teologia e direito can\u00f4nico, assim como se realizaram e desenvolveram no decorrer do tempo. \u201cDeve-se pressupor que a identidade em si, de um Movimento ou realidade eclesial \u2013 ela observou \u2013 considere-se plenamente adquirida quando todos os aspectos carism\u00e1ticos constitutivos dela tenham recebido uma configura\u00e7\u00e3o jur\u00eddica adequada\u201d.  Os trabalhos foram conclu\u00eddos com a rela\u00e7\u00e3o da <strong>Dra. Linda Ghisoni, Subsecret\u00e1ria do Dicast\u00e9rio para os Leigos, a Fam\u00edlia e a Vida<\/strong>, intitulada \u201cLeigos hoje na eclesiologia de comunh\u00e3o\u201d. Ela evidenciou duas polaridades sobre as quais \u00e9 necess\u00e1rio colocar a aten\u00e7\u00e3o: pessoa-institui\u00e7\u00e3o e pr\u00e1xis-estatutos. Para a primeira, observou que \u201ca entidade, Movimento ou Nova Comunidade, ser\u00e1 preservada se a ela forem garantidos o carisma origin\u00e1rio, as finalidades pr\u00f3prias nas quais conjugar ora\u00e7\u00e3o e apostolado e, principalmente, ser\u00e1 preservada se existir o cuidado com as pessoas que a comp\u00f5em. Este \u00faltimo jamais poder\u00e1 ser alternativo ao bem da institui\u00e7\u00e3o!\u201d. Sublinhando quanto a experi\u00eancia nos ensine, com sofrimento, que cada vez que se pretendeu preservar o \u201cbom nome\u201d da comunidade, sacrificando as pessoas individualmente e os seus direitos, foram cometidas aberra\u00e7\u00f5es, prejudiciais para toda a institui\u00e7\u00e3o, e concluiu: \u201cA pessoa no centro, sempre, constitui um investimento sobre a comunidade ou movimento\u201d. A outra polaridade, por sua vez, diz respeito a pr\u00e1xis e estatutos: se \u00e9 verdade que \u201ca vida, sem d\u00favida, antecipa qualquer defini\u00e7\u00e3o normativa\u201d, \u00e9 verdade tamb\u00e9m que deve ser evitado todo legalismo ou demoniza\u00e7\u00e3o do direito que, \u201clonge de ser um mal necess\u00e1rio a ser suportado redigindo um elenco de artigos, constitui um via de liberdade para todos: para os membros e para os que s\u00e3o chamados, em primeira pessoa, a serem os seus garantidores, especialmente para quem recobre cargos de governo, em todos os n\u00edveis\u201d. <\/p>\n<p style=\"text-align: right;\"><em>Stefania Tanesini<\/em><\/p>\n","protected":false},"excerpt":{"rendered":"<p>No dia 20 de junho de 2022 realizou-se, em Roma, o congresso \u201cA identidade dos Movimentos e das Novas comunidades no caminho sinodal da Igreja\u201d, promovido pela Pontif\u00edcia Universidade Lateranense e pelo Instituto Universit\u00e1rio Sophia.<\/p>\n","protected":false},"author":34,"featured_media":0,"comment_status":"open","ping_status":"open","sticky":false,"template":"","format":"standard","meta":{"give_campaign_id":0,"_seopress_robots_primary_cat":"","_seopress_titles_title":"","_seopress_titles_desc":"","_seopress_robots_index":"","_et_pb_use_builder":"","_et_pb_old_content":"","_et_gb_content_width":"","footnotes":""},"categories":[129],"tags":[],"class_list":["post-318638","post","type-post","status-publish","format-standard","hentry","category-sem-categoria"],"_links":{"self":[{"href":"https:\/\/www.focolare.org\/pt-pt\/wp-json\/wp\/v2\/posts\/318638","targetHints":{"allow":["GET"]}}],"collection":[{"href":"https:\/\/www.focolare.org\/pt-pt\/wp-json\/wp\/v2\/posts"}],"about":[{"href":"https:\/\/www.focolare.org\/pt-pt\/wp-json\/wp\/v2\/types\/post"}],"author":[{"embeddable":true,"href":"https:\/\/www.focolare.org\/pt-pt\/wp-json\/wp\/v2\/users\/34"}],"replies":[{"embeddable":true,"href":"https:\/\/www.focolare.org\/pt-pt\/wp-json\/wp\/v2\/comments?post=318638"}],"version-history":[{"count":0,"href":"https:\/\/www.focolare.org\/pt-pt\/wp-json\/wp\/v2\/posts\/318638\/revisions"}],"wp:attachment":[{"href":"https:\/\/www.focolare.org\/pt-pt\/wp-json\/wp\/v2\/media?parent=318638"}],"wp:term":[{"taxonomy":"category","embeddable":true,"href":"https:\/\/www.focolare.org\/pt-pt\/wp-json\/wp\/v2\/categories?post=318638"},{"taxonomy":"post_tag","embeddable":true,"href":"https:\/\/www.focolare.org\/pt-pt\/wp-json\/wp\/v2\/tags?post=318638"}],"curies":[{"name":"wp","href":"https:\/\/api.w.org\/{rel}","templated":true}]}}