{"id":318642,"date":"2022-06-23T01:00:28","date_gmt":"2022-06-22T23:00:28","guid":{"rendered":"https:\/\/www.focolare.org\/x-encontro-mundial-das-familias-chamados-a-ser-alimento-para-a-igreja\/"},"modified":"2024-05-15T21:13:56","modified_gmt":"2024-05-15T19:13:56","slug":"x-encontro-mundial-das-familias-chamados-a-ser-alimento-para-a-igreja","status":"publish","type":"post","link":"https:\/\/www.focolare.org\/pt-pt\/x-encontro-mundial-das-familias-chamados-a-ser-alimento-para-a-igreja\/","title":{"rendered":"X Encontro Mundial das Fam\u00edlias: chamados a ser alimento para a Igreja"},"content":{"rendered":"<p><em>O amor familiar: voca\u00e7\u00e3o e caminho para a santidade. \u00c9 esse o tema do X Encontro Mundial das Fam\u00edlias, que est\u00e1 acontecendo em Roma de 22 a 26 de junho de 2022. A voz e o testemunho de alguns casais de \u201cFam\u00edlias Novas\u201d, setor do Movimento dos Focolares, que participar\u00e3o do evento.<\/em>  <img alt=\"\" alt=\"\" loading=\"lazy\" decoding=\"async\" class=\"wp-image-249367 alignright\" src=\"https:\/\/www.focolare.org\/wp-content\/uploads\/2022\/06\/Foto-con-\u00a9--604x340.jpg\" alt=\"\" width=\"365\" height=\"206\" \/>Um momento de festa e de partilha para ser abra\u00e7ados pela Igreja, \u201cfam\u00edlia de fam\u00edlias\u201d (AL 87) e para se sentir integrante desse povo que est\u00e1 a caminho. De 22 a 26 de junho de 2022, Roma recebe o <a href=\"https:\/\/www.romefamily2022.com\/pt\/\" target=\"_blank\" rel=\"noopener\"><strong>X Encontro Mundial das Fam\u00edlias<\/strong><\/a>, evento que nasceu por vontade de S\u00e3o Jo\u00e3o Paulo II em 1994 e que se repete a cada tr\u00eas anos desde ent\u00e3o sempre em lugares diferentes. O encontro, como anunciado pelo Papa Francisco em uma mensagem por v\u00eddeo, acontecer\u00e1 no formato \u201cmultic\u00eantrico e difuso\u201d, respondendo as exig\u00eancias ditadas pela pandemia e o desejo de muitos de participar. No mundo, de fato, haver\u00e1 v\u00e1rias fam\u00edlias seguindo o evento nas suas respectivas dioceses, j\u00e1 outras ter\u00e3o a alegria de viver esse momento presencialmente.  \u201c\u00c9 a terceira vez que participamos do Encontro Mundial das Fam\u00edlias, e toda vez levamos para casa uma verdadeira mala de dons.\u201d  <div id=\"attachment_249371\" style=\"width: 388px\" class=\"wp-caption alignleft\"><img alt=\"\" alt=\"\" loading=\"lazy\" decoding=\"async\" aria-describedby=\"caption-attachment-249371\" class=\"wp-image-249371\" src=\"https:\/\/www.focolare.org\/wp-content\/uploads\/2022\/06\/WhatsApp-Image-2022-06-22-at-17.10.47-604x340.jpeg\" alt=\"\" width=\"378\" height=\"213\" \/><p id=\"caption-attachment-249371\" class=\"wp-caption-text\">Dori e Istvan Mezaros, Serbia.<\/p><\/div>  Istavan e Dori Mezaros (S\u00e9rvia), s\u00e3o os pontos de refer\u00eancia para o Movimento Fam\u00edlias Novas da Europa Oriental e falam sobre a import\u00e2ncia e a alegria de estar presentes nesse evento. \u201cEm 2018, em Dublin (Irlanda), descobrimos o tesouro maravilhoso que o Santo Padre nos deu com a exorta\u00e7\u00e3o apost\u00f3lica \u2018Amoris Laetitia\u2019, um verdadeiro guia para se usar cotidianamente no \u00e2mbito familiar. Hoje somos gratos a Deus por poder estar em Roma, seja para viver um momento de alegria plena, mas tamb\u00e9m para compartilhar com o Santo Padre e com a Igreja universal a dificuldade que a fam\u00edlia vive. Queremos entender como nos aproximar das fam\u00edlias de maneira nova, como acompanh\u00e1-las, sobretudo se estiverem feridas.\u201d  O tema escolhido pelo Papa Francisco para este X Encontro Mundial das Fam\u00edlias \u00e9 \u201cO amor familiar: voca\u00e7\u00e3o e caminho para a santidade\u201d. Uma voca\u00e7\u00e3o colocada \u00e0 prova hoje mais do que nunca.  <div id=\"attachment_249363\" style=\"width: 372px\" class=\"wp-caption alignright\"><img alt=\"\" alt=\"\" loading=\"lazy\" decoding=\"async\" aria-describedby=\"caption-attachment-249363\" class=\"wp-image-249363\" src=\"https:\/\/www.focolare.org\/wp-content\/uploads\/2022\/06\/Soraia-e-Joao-Francisco-Giovani-510x340.jpeg\" alt=\"\" width=\"362\" height=\"241\" \/><p id=\"caption-attachment-249363\" class=\"wp-caption-text\">Jo\u00e3o Francisco e Soraia Giov\u00e0ni, Brasil<\/p><\/div>  \u201cNo nosso pa\u00eds, a Argentina, quando uma fam\u00edlia nasce, a primeira dificuldade \u00e9 encontrar estabilidade econ\u00f4mica; a grande pobreza, a falta de trabalho e a infla\u00e7\u00e3o n\u00e3o ajudam os jovens nessa busca\u201d, contam Liliana e Ricardo Galli, que foram por muitos anos animadores e respons\u00e1veis em v\u00e1rios n\u00edveis de Fam\u00edlias Novas na Argentina, e hoje conduzem o curso internacional para fam\u00edlias na mari\u00e1polis permanente internacional do Movimento dos Focolares em Loppiano (It\u00e1lia). \u201cAl\u00e9m disso\u201d, continuam, \u201cquando a fam\u00edlia se alarga, os filhos chegam e crescem, n\u00e3o se pode contar com alguma ajuda institucional que acompanhe os c\u00f4njuges nessa etapa, sem esquecer que o forte secularismo, fruto do individualismo e do consumismo, n\u00e3o ajuda os jovens a ter um planejamento. O desafio, portanto, \u00e9 sustentar a fam\u00edlia, v\u00ea-la como projeto comunit\u00e1rio e cuidar da comunidade. Viver em rede com outras fam\u00edlias ajuda a manter vivo esse amor familiar e a n\u00e3o se sentir sozinhos\u201d.  <div id=\"attachment_249364\" style=\"width: 365px\" class=\"wp-caption alignleft\"><img alt=\"\" alt=\"\" loading=\"lazy\" decoding=\"async\" aria-describedby=\"caption-attachment-249364\" class=\"wp-image-249364\" src=\"https:\/\/www.focolare.org\/wp-content\/uploads\/2022\/06\/Liliana-e-Ricardo-Galli-604x340.jpeg\" alt=\"\" width=\"355\" height=\"200\" \/><p id=\"caption-attachment-249364\" class=\"wp-caption-text\">Ricardo e Liliana Galli, Argentina<\/p><\/div>  \u201cO amor vivido nas fam\u00edlias \u00e9 uma for\u00e7a permanente para a vida da Igreja\u201d, l\u00ea-se no \u201cAmoris Leatitia\u201d (AL 88) e para poder ser alimento \u00e9 necess\u00e1rio fazer com que essa uni\u00e3o seja sustentada, como contam Jo\u00e3o e Soraia Giovani, respons\u00e1veis de Fam\u00edlias Novas por muitos anos no Brasil. \u201cDesde que nos casamos, a f\u00e9 nos guiou no relacionamento com Deus e entre n\u00f3s. Para n\u00f3s, o matrim\u00f4nio \u00e9 um caminho para a santidade que constru\u00edmos todos os dias. Acolhemos os nossos filhos com muita alegria e, juntamente com outras fam\u00edlias, procuramos colocar em pr\u00e1tica as palavras do Evangelho, crescendo na f\u00e9. \u00c9 claro que n\u00e3o faltaram desafios durante esses 25 anos de casamento e algumas vezes n\u00e3o t\u00ednhamos respostas, mas a vontade de ser fi\u00e9is ao amor de Deus foi um farol. Aprendemos sempre a nos dizer tudo e nos momentos de dificuldade soubemos pedir ajuda. Duas palavras do Evangelho nos guiam at\u00e9 hoje: \u2018O Senhor opera maravilhas em quem \u00e9 fiel\u2019 e \u2018Todo o que nele crer n\u00e3o ser\u00e1 confundido\u2019. A gra\u00e7a do matrim\u00f4nio \u00e9 estupenda e agradecemos a Deus pela nossa vida juntos.\u201d <\/p>\n<p style=\"text-align: right;\"><em>Maria Grazia Berretta<\/em><\/p>\n","protected":false},"excerpt":{"rendered":"<p>O amor familiar: voca\u00e7\u00e3o e caminho para a santidade. \u00c9 esse o tema do X Encontro Mundial das Fam\u00edlias, que est\u00e1 acontecendo em Roma de 22 a 26 de junho de 2022. A voz e o testemunho de alguns casais de \u201cFam\u00edlias Novas\u201d, setor do Movimento dos Focolares, que participar\u00e3o do evento.<\/p>\n","protected":false},"author":33,"featured_media":0,"comment_status":"open","ping_status":"open","sticky":false,"template":"","format":"standard","meta":{"give_campaign_id":0,"_seopress_robots_primary_cat":"","_seopress_titles_title":"","_seopress_titles_desc":"","_seopress_robots_index":"","_et_pb_use_builder":"","_et_pb_old_content":"","_et_gb_content_width":"","footnotes":""},"categories":[129],"tags":[],"class_list":["post-318642","post","type-post","status-publish","format-standard","hentry","category-sem-categoria"],"_links":{"self":[{"href":"https:\/\/www.focolare.org\/pt-pt\/wp-json\/wp\/v2\/posts\/318642","targetHints":{"allow":["GET"]}}],"collection":[{"href":"https:\/\/www.focolare.org\/pt-pt\/wp-json\/wp\/v2\/posts"}],"about":[{"href":"https:\/\/www.focolare.org\/pt-pt\/wp-json\/wp\/v2\/types\/post"}],"author":[{"embeddable":true,"href":"https:\/\/www.focolare.org\/pt-pt\/wp-json\/wp\/v2\/users\/33"}],"replies":[{"embeddable":true,"href":"https:\/\/www.focolare.org\/pt-pt\/wp-json\/wp\/v2\/comments?post=318642"}],"version-history":[{"count":0,"href":"https:\/\/www.focolare.org\/pt-pt\/wp-json\/wp\/v2\/posts\/318642\/revisions"}],"wp:attachment":[{"href":"https:\/\/www.focolare.org\/pt-pt\/wp-json\/wp\/v2\/media?parent=318642"}],"wp:term":[{"taxonomy":"category","embeddable":true,"href":"https:\/\/www.focolare.org\/pt-pt\/wp-json\/wp\/v2\/categories?post=318642"},{"taxonomy":"post_tag","embeddable":true,"href":"https:\/\/www.focolare.org\/pt-pt\/wp-json\/wp\/v2\/tags?post=318642"}],"curies":[{"name":"wp","href":"https:\/\/api.w.org\/{rel}","templated":true}]}}