{"id":318692,"date":"2022-08-22T13:04:51","date_gmt":"2022-08-22T11:04:51","guid":{"rendered":"https:\/\/www.focolare.org\/instituto-universitario-sophia-o-prof-declan-obyrne-foi-nomeado-reitor-interino\/"},"modified":"2024-05-15T21:14:05","modified_gmt":"2024-05-15T19:14:05","slug":"instituto-universitario-sophia-o-prof-declan-obyrne-foi-nomeado-reitor-interino","status":"publish","type":"post","link":"https:\/\/www.focolare.org\/pt-pt\/instituto-universitario-sophia-o-prof-declan-obyrne-foi-nomeado-reitor-interino\/","title":{"rendered":"Instituto Universit\u00e1rio Sophia: o prof. Declan O&#8217;Byrne foi nomeado reitor interino"},"content":{"rendered":"<p>O prof. Giuseppe Argiolas pediu demiss\u00e3o do cargo de reitor do Instituto Universit\u00e1rio Sophia &#8220;por motivos pessoais&#8221;. O vice-reitor em exerc\u00edcio, prof. Declan O&#8217;Byrne, foi nomeado reitor interino e exercer\u00e1 o seu servi\u00e7o at\u00e9 o t\u00e9rmino do seu mandato, em janeiro de 2024. A vice-gr\u00e3-chanceler Margaret Karram, presidente do Movimento dos Focolares, escreve \u00e0 comunidade acad\u00eamica do Instituto: &#8220;Pe\u00e7o a todos voc\u00eas que cooperem plenamente com o prof. Declan O&#8217;Byrne, que aceitou o encargo que lhe foi confiado pela Congrega\u00e7\u00e3o para a Educa\u00e7\u00e3o Cat\u00f3lica, a fim de que o Instituto Universidade Sophia possa continuar a prestar o seu servi\u00e7o de ensino, pesquisa e compromisso cultural com o devido profissionalismo e dilig\u00eancia. Agrade\u00e7o ao prof. Argiolas pelo empenho e pelo trabalho assumido para o desenvolvimento da Universidade Sophia, sobretudo em tempos dif\u00edceis como os da pandemia 2020-2022, e confio \u00e0 responsabilidade de toda a comunidade acad\u00eamica o sucesso do novo ano letivo que est\u00e1 iniciando\u201d. Docentes e funcion\u00e1rios do IUS se unem \u00e0 vice-gr\u00e3-chanceler para agradecer ao prof. Argiolas por sua dedica\u00e7\u00e3o generosa a servi\u00e7o do Instituto.<\/p>\n","protected":false},"excerpt":{"rendered":"<p>O prof. Giuseppe Argiolas pediu demiss\u00e3o do cargo de reitor do Instituto Universit\u00e1rio Sophia &#8220;por motivos pessoais&#8221;. O vice-reitor em exerc\u00edcio, prof. Declan O&#8217;Byrne, foi nomeado reitor interino<\/p>\n","protected":false},"author":34,"featured_media":0,"comment_status":"open","ping_status":"open","sticky":false,"template":"","format":"standard","meta":{"give_campaign_id":0,"_seopress_robots_primary_cat":"","_seopress_titles_title":"","_seopress_titles_desc":"","_seopress_robots_index":"","_et_pb_use_builder":"","_et_pb_old_content":"","_et_gb_content_width":"","footnotes":""},"categories":[129],"tags":[],"class_list":["post-318692","post","type-post","status-publish","format-standard","hentry","category-sem-categoria"],"_links":{"self":[{"href":"https:\/\/www.focolare.org\/pt-pt\/wp-json\/wp\/v2\/posts\/318692","targetHints":{"allow":["GET"]}}],"collection":[{"href":"https:\/\/www.focolare.org\/pt-pt\/wp-json\/wp\/v2\/posts"}],"about":[{"href":"https:\/\/www.focolare.org\/pt-pt\/wp-json\/wp\/v2\/types\/post"}],"author":[{"embeddable":true,"href":"https:\/\/www.focolare.org\/pt-pt\/wp-json\/wp\/v2\/users\/34"}],"replies":[{"embeddable":true,"href":"https:\/\/www.focolare.org\/pt-pt\/wp-json\/wp\/v2\/comments?post=318692"}],"version-history":[{"count":0,"href":"https:\/\/www.focolare.org\/pt-pt\/wp-json\/wp\/v2\/posts\/318692\/revisions"}],"wp:attachment":[{"href":"https:\/\/www.focolare.org\/pt-pt\/wp-json\/wp\/v2\/media?parent=318692"}],"wp:term":[{"taxonomy":"category","embeddable":true,"href":"https:\/\/www.focolare.org\/pt-pt\/wp-json\/wp\/v2\/categories?post=318692"},{"taxonomy":"post_tag","embeddable":true,"href":"https:\/\/www.focolare.org\/pt-pt\/wp-json\/wp\/v2\/tags?post=318692"}],"curies":[{"name":"wp","href":"https:\/\/api.w.org\/{rel}","templated":true}]}}