{"id":318716,"date":"2022-09-20T07:45:47","date_gmt":"2022-09-20T05:45:47","guid":{"rendered":"https:\/\/www.focolare.org\/a-unidade-como-ecumenismo-do-coracao\/"},"modified":"2024-05-15T21:14:09","modified_gmt":"2024-05-15T19:14:09","slug":"a-unidade-como-ecumenismo-do-coracao","status":"publish","type":"post","link":"https:\/\/www.focolare.org\/pt-pt\/a-unidade-como-ecumenismo-do-coracao\/","title":{"rendered":"A unidade como \u201cecumenismo do cora\u00e7\u00e3o\u201d"},"content":{"rendered":"<p><em>Numa atmosfera de alegria, paz e fraternidade, concluiu-se, h\u00e1 alguns dias, a 11\u00aa Assembleia geral do Conselho Ecum\u00eanico mundial de Igrejas, em Karlsruhe, na Alemanha. O relato da equipe do Centro \u201cUno\u201d, secretaria internacional para o ecumenismo do Movimento dos Focolares, que participou do evento.<\/em>  <em>\u00a0<\/em>\u201cO amor de Cristo move o mundo \u00e0 reconcilia\u00e7\u00e3o e \u00e0 unidade\u201d. Foi este o tema cristol\u00f3gico que direcionou a 11\u00aa Assembleia geral do Conselho Ecum\u00eanico de Igrejas (CEC), realizado em Karlsruhe (Alemanha), de 31 de agosto a 8 de setembro de 2022. Participaram os representantes de cerca de 350 Igrejas, delegados e lideran\u00e7as do CEC, l\u00edderes de outras comunidades de f\u00e9 que colaboram com o Conselho pela unidade da humanidade, al\u00e9m de delega\u00e7\u00f5es seja da Igreja ucraniana seja da Igreja russa. Um forte sinal e testemunho concreto de como este Conselho \u00e9 verdadeiramente uma plataforma perenemente aberta ao di\u00e1logo.  Os participantes, provenientes de todos os continentes, trouxeram consigo a imagem viva da humanidade na sua diversidade, sofrimento e riqueza. Contaram suas hist\u00f3rias, seu grande amor por Cristo, as lutas pela paz e o desejo de buscar realmente a unidade.  Um projeto que, para ser realizado, n\u00e3o precisa de um amor qualquer, mas do Amor que brota do cora\u00e7\u00e3o da Trindade, que se encontra apenas no contato com Deus. E isso foi expresso na import\u00e2ncia e cuidado especial dado \u00e0 ora\u00e7\u00e3o. Cada dia come\u00e7ava e se conclu\u00eda rezando, no interior de uma tenda espa\u00e7osa e iluminada, montada precisamente em mem\u00f3ria ao lugar do \u201cpacto\u201d, onde o povo hebreu reunia-se com Mois\u00e9s. A diversidade das liturgias, das l\u00ednguas, da m\u00fasica, dos cantos e dos indumentos, alimentou a alegria e a surpresa diante da riqueza da \u00fanica f\u00e9 comum, expressa em uma infinidade de modos.  Os membros das delega\u00e7\u00f5es chegaram a Karlsruhe como peregrinos que desejam acompanhar-se e apoiar-se uns aos outros, tra\u00e7ar novas metas e testemunhar juntos o amor de Deus.  O cardeal Kurt Koch dirigia a delega\u00e7\u00e3o da Igreja Cat\u00f3lica e, na abertura do evento, transmitiu algumas palavras do Papa Francisco escritas para a ocasi\u00e3o, encorajando os participantes a crescerem na comunh\u00e3o fraterna em nome de Cristo, para serem cr\u00edveis enquanto Igreja em sa\u00edda, e para confortar o mundo numa \u00e9poca de divis\u00f5es e guerras.  A contribui\u00e7\u00e3o do Movimento dos Focolares esteve inserida como uma pe\u00e7a neste grande mosaico, com uma presen\u00e7a de mais de 30 pessoas, cat\u00f3licos e de v\u00e1rias Igrejas, entre bispos amigos dos Focolares, focolarinas e focolarinos, gen (os jovens do Movimento), Volunt\u00e1rios de Deus e um amigo mu\u00e7ulmano.  Estar presentes, com tantas pessoas de v\u00e1rias Igrejas, foi uma experi\u00eancia \u00fanica para cada um de n\u00f3s, e uma ocasi\u00e3o preciosa para sentir-nos uma s\u00f3 coisa no amor de Cristo.  Em conclus\u00e3o, a Assembleia deliberou um relat\u00f3rio &#8211; aceito por uma maioria que exprimiu o seu consenso &#8211; que se refere a tr\u00eas desafios significativos do nosso tempo: justi\u00e7a clim\u00e1tica, justi\u00e7a racial, igualdade entre homem e mulher; salientando de que maneira as Igrejas podem enfrent\u00e1-los.  Elementos que n\u00e3o apenas nos colocam em caminho, mas, como se l\u00ea em algumas linhas do documento final, revelam a semelhan\u00e7a com os objetivos e com o esp\u00edrito que guia o Movimento dos Focolares: \u201cPode-se definir a busca da unidade que \u00e9 inspirada pelo amor e enraizada em uma profunda rela\u00e7\u00e3o m\u00fatua, como \u2018um ecumenismo do cora\u00e7\u00e3o\u2019. \u00c9 o amor crist\u00e3o que nos impulsiona a caminhar ao lado um do outro honestamente e com todo o cora\u00e7\u00e3o, para buscar ver o mundo por meio dos olhos dos outros e para sentir compaix\u00e3o uns pelos outros\u201d. <\/p>\n<p style=\"text-align: right;\"><em>Centro Uno<\/em><\/p>\n<p> &nbsp;  &nbsp;  &nbsp;  <strong><em>\u00a0<\/em><\/strong><\/p>\n","protected":false},"excerpt":{"rendered":"<p>Numa atmosfera de alegria, paz e fraternidade, concluiu-se, h\u00e1 alguns dias, a 11\u00aa Assembleia geral do Conselho Ecum\u00eanico mundial de Igrejas, em Karlsruhe, na Alemanha. O relato da equipe do Centro \u201cUno\u201d, secretaria internacional para o ecumenismo do Movimento dos Focolares, que participou do evento.<\/p>\n","protected":false},"author":33,"featured_media":0,"comment_status":"open","ping_status":"open","sticky":false,"template":"","format":"standard","meta":{"give_campaign_id":0,"_seopress_robots_primary_cat":"","_seopress_titles_title":"","_seopress_titles_desc":"","_seopress_robots_index":"","_et_pb_use_builder":"","_et_pb_old_content":"","_et_gb_content_width":"","footnotes":""},"categories":[129],"tags":[],"class_list":["post-318716","post","type-post","status-publish","format-standard","hentry","category-sem-categoria"],"_links":{"self":[{"href":"https:\/\/www.focolare.org\/pt-pt\/wp-json\/wp\/v2\/posts\/318716","targetHints":{"allow":["GET"]}}],"collection":[{"href":"https:\/\/www.focolare.org\/pt-pt\/wp-json\/wp\/v2\/posts"}],"about":[{"href":"https:\/\/www.focolare.org\/pt-pt\/wp-json\/wp\/v2\/types\/post"}],"author":[{"embeddable":true,"href":"https:\/\/www.focolare.org\/pt-pt\/wp-json\/wp\/v2\/users\/33"}],"replies":[{"embeddable":true,"href":"https:\/\/www.focolare.org\/pt-pt\/wp-json\/wp\/v2\/comments?post=318716"}],"version-history":[{"count":0,"href":"https:\/\/www.focolare.org\/pt-pt\/wp-json\/wp\/v2\/posts\/318716\/revisions"}],"wp:attachment":[{"href":"https:\/\/www.focolare.org\/pt-pt\/wp-json\/wp\/v2\/media?parent=318716"}],"wp:term":[{"taxonomy":"category","embeddable":true,"href":"https:\/\/www.focolare.org\/pt-pt\/wp-json\/wp\/v2\/categories?post=318716"},{"taxonomy":"post_tag","embeddable":true,"href":"https:\/\/www.focolare.org\/pt-pt\/wp-json\/wp\/v2\/tags?post=318716"}],"curies":[{"name":"wp","href":"https:\/\/api.w.org\/{rel}","templated":true}]}}