{"id":318732,"date":"2022-10-12T01:00:03","date_gmt":"2022-10-11T23:00:03","guid":{"rendered":"https:\/\/www.focolare.org\/evangelho-vivido-com-efeito-deus-nao-nos-deu-um-espirito-de-covardia-mas-de-fortaleza-de-amor-e-de-moderacao-2tm-17\/"},"modified":"2024-05-15T21:14:12","modified_gmt":"2024-05-15T19:14:12","slug":"evangelho-vivido-com-efeito-deus-nao-nos-deu-um-espirito-de-covardia-mas-de-fortaleza-de-amor-e-de-moderacao-2tm-17","status":"publish","type":"post","link":"https:\/\/www.focolare.org\/pt-pt\/evangelho-vivido-com-efeito-deus-nao-nos-deu-um-espirito-de-covardia-mas-de-fortaleza-de-amor-e-de-moderacao-2tm-17\/","title":{"rendered":"Evangelho vivido: \u201cCom efeito, Deus n\u00e3o nos deu um esp\u00edrito de covardia, mas de fortaleza, de amor e de modera\u00e7\u00e3o.\u201d (2Tm 1,7)"},"content":{"rendered":"<p><em>Ser testemunhas aut\u00eanticas sem nunca nos resignar. Viver o Evangelho na vida de cada dia requer isso: deixar de lado nossos medos e ir al\u00e9m dos nossos limites ou nossas convic\u00e7\u00f5es; confiar nos dons que Deus nos deu porque \u00e9 l\u00e1 que reside nossa for\u00e7a.<\/em>  <strong>Sem rancor<\/strong> A missa havia chegado ao fim. Enquanto o padre Carlo, nosso p\u00e1roco, dava uma b\u00ean\u00e7\u00e3o particular a um dos paroquianos que estava fazendo 90 anos naquele dia, eu estava concentrada em tirar algumas fotos daquela cena. Tamb\u00e9m estava presente na cerim\u00f4nia a irm\u00e3 dele, que veio da Su\u00ed\u00e7a francesa para o evento. Na sa\u00edda da igreja, me aproximei dela e pedi seu n\u00famero de celular para enviar-lhe uma s\u00e9rie de fotos. Ela me passou, agradecendo. Mais tarde, ligou para minha casa, mas eu n\u00e3o estava; meu marido atendeu e me disse quando voltei: \u201cMas voc\u00ea fala com aquela pessoa, apesar de tudo o que ela nos fez?\u201d. Ele se referia a antigos dissabores que ocorreram entre aquela senhora e n\u00f3s. \u201cClaro!\u201d, respondi. \u201cN\u00e3o quero partir deste mundo tendo rancor de ningu\u00e9m! A verdade \u00e9 que somos todos irm\u00e3os, mesmo se \u00e0s vezes nos esquecemos.\u201d Meu marido n\u00e3o respondeu, mas o vi um pouco pensativo por um momento. (Loredana \u2013 Su\u00ed\u00e7a)  <strong>A prova<\/strong> Moro em Floren\u00e7a com mais quatro amigos que tamb\u00e9m s\u00e3o estudantes universit\u00e1rios e, como eu, querem viver segundo o exemplo dado por Jesus. O apartamento em que moramos \u00e9 muito \u00famido e para nos aquecer usamos um aquecedor a lenha. Essa n\u00e3o \u00e9 a \u00fanica dificuldade, que, por\u00e9m, se torna um incentivo para nos gostarmos de verdade. Por exemplo, eu estava me preparando para uma prova com um colega e temos tempos e m\u00e9todos de estudo diferentes. Queria desistir e propor que estud\u00e1ssemos separadamente. Mas quando falei com meus amigos, me aconselharam a insistir, tentar compreender melhor meu colega de estudo. Entendi que devia continuar a am\u00e1-lo. N\u00e3o faltam momentos de tens\u00e3o e de desencorajamento, mas ele me disse que gosta de vir estudar conosco porque respira outro ar. No fim, a prova foi \u00f3tima e ele quis festejar em uma pizzaria, n\u00e3o s\u00f3 comigo, mas com todos n\u00f3s e disse: \u201ca prova em que passamos foi fruto do querer-se bem de voc\u00eas e tamb\u00e9m da compreens\u00e3o dos seus amigos\u201d. (Gioacchino \u2013 It\u00e1lia) <\/p>\n<p style=\"text-align: right;\"><em>Por Maria Grazia Berretta<\/em><\/p>\n<p> <em>(trecho de O Evangelho do dia, Citt\u00e0 Nuova, ano VIII, n.2, setembro-outubro de 2022)<\/em><\/p>\n","protected":false},"excerpt":{"rendered":"<p>Ser testemunhas aut\u00eanticas sem nunca nos resignar. Viver o Evangelho na vida de cada dia requer isso: deixar de lado nossos medos e ir al\u00e9m dos nossos limites ou nossas convic\u00e7\u00f5es; confiar nos dons que Deus nos deu porque \u00e9 l\u00e1 que reside nossa for\u00e7a.<\/p>\n","protected":false},"author":33,"featured_media":0,"comment_status":"open","ping_status":"open","sticky":false,"template":"","format":"standard","meta":{"give_campaign_id":0,"_seopress_robots_primary_cat":"","_seopress_titles_title":"","_seopress_titles_desc":"","_seopress_robots_index":"","_et_pb_use_builder":"","_et_pb_old_content":"","_et_gb_content_width":"","footnotes":""},"categories":[910],"tags":[],"class_list":["post-318732","post","type-post","status-publish","format-standard","hentry","category-senza-categoria-2-4"],"_links":{"self":[{"href":"https:\/\/www.focolare.org\/pt-pt\/wp-json\/wp\/v2\/posts\/318732","targetHints":{"allow":["GET"]}}],"collection":[{"href":"https:\/\/www.focolare.org\/pt-pt\/wp-json\/wp\/v2\/posts"}],"about":[{"href":"https:\/\/www.focolare.org\/pt-pt\/wp-json\/wp\/v2\/types\/post"}],"author":[{"embeddable":true,"href":"https:\/\/www.focolare.org\/pt-pt\/wp-json\/wp\/v2\/users\/33"}],"replies":[{"embeddable":true,"href":"https:\/\/www.focolare.org\/pt-pt\/wp-json\/wp\/v2\/comments?post=318732"}],"version-history":[{"count":0,"href":"https:\/\/www.focolare.org\/pt-pt\/wp-json\/wp\/v2\/posts\/318732\/revisions"}],"wp:attachment":[{"href":"https:\/\/www.focolare.org\/pt-pt\/wp-json\/wp\/v2\/media?parent=318732"}],"wp:term":[{"taxonomy":"category","embeddable":true,"href":"https:\/\/www.focolare.org\/pt-pt\/wp-json\/wp\/v2\/categories?post=318732"},{"taxonomy":"post_tag","embeddable":true,"href":"https:\/\/www.focolare.org\/pt-pt\/wp-json\/wp\/v2\/tags?post=318732"}],"curies":[{"name":"wp","href":"https:\/\/api.w.org\/{rel}","templated":true}]}}