{"id":318744,"date":"2022-11-09T14:36:41","date_gmt":"2022-11-09T13:36:41","guid":{"rendered":"https:\/\/www.focolare.org\/papa-francisco-ao-movimento-dos-focolares-que-cristo-ilumine-sempre-os-vossos-passos\/"},"modified":"2024-05-15T21:14:14","modified_gmt":"2024-05-15T19:14:14","slug":"papa-francisco-ao-movimento-dos-focolares-que-cristo-ilumine-sempre-os-vossos-passos","status":"publish","type":"post","link":"https:\/\/www.focolare.org\/pt-pt\/papa-francisco-ao-movimento-dos-focolares-que-cristo-ilumine-sempre-os-vossos-passos\/","title":{"rendered":"Papa Francisco ao Movimento dos Focolares: \u201cQue Cristo ilumine sempre os vossos passos\u201d."},"content":{"rendered":"<p><em>Sauda\u00e7\u00e3o de Margaret Karram, presidente do Movimento dos Focolares, aos volunt\u00e1rios e \u00e0s volunt<\/em><em>\u00e1<\/em><em>rias em forma\u00e7\u00e3o, reunidos em Castel Gandolfo dia 5 de novembro de 2022, e a alegria de compartilhar com eles a bela carta que recebeu do papa Francesco.<\/em>  Activar legendas em portugu\u00eas  https:\/\/youtu.be\/izLQ6PkQsHA<\/p>\n","protected":false},"excerpt":{"rendered":"<p>La salutation de Margaret Karram, Pr\u00e9sidente du Mouvement des Focolari, aux volontaires en formation, r\u00e9unis \u00e0 Castelgandolfo le 5 novembre 2022 et la joie de partager avec eux la tr\u00e8s belle lettre re\u00e7ue du Pape Fran\u00e7ois.<\/p>\n","protected":false},"author":34,"featured_media":0,"comment_status":"open","ping_status":"open","sticky":false,"template":"","format":"standard","meta":{"give_campaign_id":0,"_seopress_robots_primary_cat":"","_seopress_titles_title":"","_seopress_titles_desc":"","_seopress_robots_index":"","_et_pb_use_builder":"","_et_pb_old_content":"","_et_gb_content_width":"","footnotes":""},"categories":[129],"tags":[],"class_list":["post-318744","post","type-post","status-publish","format-standard","hentry","category-sem-categoria"],"_links":{"self":[{"href":"https:\/\/www.focolare.org\/pt-pt\/wp-json\/wp\/v2\/posts\/318744","targetHints":{"allow":["GET"]}}],"collection":[{"href":"https:\/\/www.focolare.org\/pt-pt\/wp-json\/wp\/v2\/posts"}],"about":[{"href":"https:\/\/www.focolare.org\/pt-pt\/wp-json\/wp\/v2\/types\/post"}],"author":[{"embeddable":true,"href":"https:\/\/www.focolare.org\/pt-pt\/wp-json\/wp\/v2\/users\/34"}],"replies":[{"embeddable":true,"href":"https:\/\/www.focolare.org\/pt-pt\/wp-json\/wp\/v2\/comments?post=318744"}],"version-history":[{"count":0,"href":"https:\/\/www.focolare.org\/pt-pt\/wp-json\/wp\/v2\/posts\/318744\/revisions"}],"wp:attachment":[{"href":"https:\/\/www.focolare.org\/pt-pt\/wp-json\/wp\/v2\/media?parent=318744"}],"wp:term":[{"taxonomy":"category","embeddable":true,"href":"https:\/\/www.focolare.org\/pt-pt\/wp-json\/wp\/v2\/categories?post=318744"},{"taxonomy":"post_tag","embeddable":true,"href":"https:\/\/www.focolare.org\/pt-pt\/wp-json\/wp\/v2\/tags?post=318744"}],"curies":[{"name":"wp","href":"https:\/\/api.w.org\/{rel}","templated":true}]}}