{"id":318760,"date":"2022-11-22T03:00:49","date_gmt":"2022-11-22T02:00:49","guid":{"rendered":"https:\/\/www.focolare.org\/evangelho-vivo-bem-aventurados-os-misericordiosos-porque-obterao-misericordia-mt-57\/"},"modified":"2024-05-15T21:14:17","modified_gmt":"2024-05-15T19:14:17","slug":"evangelho-vivo-bem-aventurados-os-misericordiosos-porque-obterao-misericordia-mt-57","status":"publish","type":"post","link":"https:\/\/www.focolare.org\/pt-pt\/evangelho-vivo-bem-aventurados-os-misericordiosos-porque-obterao-misericordia-mt-57\/","title":{"rendered":"Evangelho vivo: &#8220;Bem-aventurados os misericordiosos, porque obter\u00e3o miseric\u00f3rdia&#8221; (Mt 5,7)"},"content":{"rendered":"<p><em>O misericordioso \u00e9 aquele que \u00e9 capaz de perdoar aos outros e muitas vezes a si mesmo tamb\u00e9m. Entretanto, a miseric\u00f3rdia n\u00e3o \u00e9 apenas uma disposi\u00e7\u00e3o interior, mas \u00e9 o caminho que nos une a Deus. Seu imenso amor por n\u00f3s n\u00e3o \u00e9 um sentimento, mas uma a\u00e7\u00e3o; o ato pelo qual cada um de n\u00f3s &#8216;renasce&#8217;. <\/em>  <strong>Viver em paz<\/strong>  N\u00e3o era a primeira vez que eu tinha notado sinais de que algu\u00e9m havia mexido em minhas terras. Eu nunca tinha tido inimigos e meu pai tinha me ensinado a construir boas rela\u00e7\u00f5es, mas desta vez eu queria ver as coisas com clareza. Pedi ajuda a Nossa Senhora e uma noite entrei no pomar com outro agricultor. Como eu havia suposto, a uma certa hora vi meu vizinho chegar com dois filhos, armado com caixas de frutas. O plano era fotograf\u00e1-los em flagrante: perplexos com os flashes, os tr\u00eas sa\u00edram imediatamente, deixando a fruta colhida no ch\u00e3o. No dia seguinte, \u00e0 noite, a esposa do vizinho pediu a minha esposa o favor de destruir as fotos e n\u00e3o apresentar queixa contra seu marido. Como combinado, minha esposa respondeu: &#8216;N\u00e3o sei de que fotos voc\u00ea est\u00e1 falando, meu marido est\u00e1 fora h\u00e1 dois dias&#8217;. A partir daquele dia, as coisas mudaram: uma gentileza incomum e prontid\u00e3o para ajudar na colheita&#8230; Durante uma pausa no dia, o vizinho admitiu que tinha vindo para pegar algumas ma\u00e7\u00e3s &#8220;para provar&#8221; e tinha visto flashes. Eu respondi: &#8220;H\u00e1 algum tempo v\u00eam acontecendo coisas estranhas na aldeia. Mas o importante para n\u00f3s \u00e9 viver em paz&#8221;. (V.S.E. &#8211; It\u00e1lia)  <strong>Uma verdadeira mudan\u00e7a<\/strong>  Com a aposentadoria, refiz minha vida: um fracasso total! N\u00e3o sou casada por causa da oposi\u00e7\u00e3o de meus pais \u00e0 minha escolha de um bom rapaz, mas que n\u00e3o era da nossa mesma &#8220;posi\u00e7\u00e3o&#8221;. Com meus irm\u00e3os e irm\u00e3s, as rela\u00e7\u00f5es quase foram canceladas por causa da heran\u00e7a injustamente dividida, de acordo com eles. Posso me considerar rica, mas criei um grande vazio dentro de mim e ao meu redor! Um dia, eu estava hospitalizada, quando uma sobrinha, que tinha vindo me visitar, proferiu uma frase que n\u00e3o me deixou em paz: &#8220;Tia, seu problema \u00e9 que voc\u00ea est\u00e1 possu\u00edda pelo mal. Cada sinal de bondade desapareceu em voc\u00ea&#8221;. Quando recebi alta, procurei um padre para confiar o que me estava angustiando. Depois de me ouvir, pareceu-lhe que de alguma forma eu queria me vingar da vida, da fam\u00edlia, de todos, e ele me incitou a pensar mais nos outros: celebrar os anivers\u00e1rios dos parentes com presentes, pedir not\u00edcias aos vizinhos, escrever aos ex-alunos&#8230; pequenos gestos, mas eram passos em dire\u00e7\u00e3o \u00e0 luz. Quando me sinto desesperada, ponho em pr\u00e1tica essa sugest\u00e3o. \u00c9 dif\u00edcil, mas eu sinto que algo est\u00e1 mudando. (G.I. &#8211; Espanha)  <strong>Amigas na doen\u00e7a<\/strong>  Durante o per\u00edodo em que minha m\u00e3e esteve no hospital, eu conheci sua colega de quarto, Klari. Mesmo est\u00e1gio do c\u00e2ncer, mesmo ritmo de quimioterapia. Elas tinham se tornado amigas, mas algo as dividia: como uma jovem mulher, Klari tinha sido uma ativista comunista e n\u00e3o aceitava a f\u00e9 cat\u00f3lica professada por minha m\u00e3e. Eles n\u00e3o discutiam e sentia-se que nenhuma das duas abandonaram suas cren\u00e7as. Entretanto, minha m\u00e3e estava sempre dispon\u00edvel para ajudar a Klari, que n\u00e3o tinha parentes, e nos envolveu na fam\u00edlia para suas necessidades: pequenas necessidades, alguma papelada para fazer, telefonar para os amigos. Quando a condi\u00e7\u00e3o de sa\u00fade em ambas piorou, notei uma aceita\u00e7\u00e3o diferente da doen\u00e7a: em minha m\u00e3e, que estava sempre atenta \u00e0 amiga, uma grande paz brilhava; Klari, por outro lado, era impaciente e agressiva. Mas antes de entrar em coma, ela agradeceu a minha m\u00e3e pela maneira como havia estado ao seu lado. Assim, ela tornou-se realmente uma pessoa de nossa fam\u00edlia. (P.F.H. &#8211; Alemanha) <\/p>\n<p style=\"text-align: right;\"><em>Por Maria Grazia Berretta <\/em><em>(extra\u00eddo de O Evangelho do Dia, Citt\u00e0 Nuova, ano VIII, n\u00ba.2, novembro-dezembro de 2022)<\/em><\/p>\n","protected":false},"excerpt":{"rendered":"<p>O misericordioso \u00e9 aquele que \u00e9 capaz de perdoar aos outros e muitas vezes a si mesmo tamb\u00e9m. Entretanto, a miseric\u00f3rdia n\u00e3o \u00e9 apenas uma disposi\u00e7\u00e3o interior, mas \u00e9 o caminho que nos une a Deus. Seu imenso amor por n\u00f3s n\u00e3o \u00e9 um sentimento, mas uma a\u00e7\u00e3o; o ato pelo qual cada um de n\u00f3s &#8216;renasce&#8217;.<\/p>\n","protected":false},"author":34,"featured_media":0,"comment_status":"open","ping_status":"open","sticky":false,"template":"","format":"standard","meta":{"give_campaign_id":0,"_seopress_robots_primary_cat":"","_seopress_titles_title":"","_seopress_titles_desc":"","_seopress_robots_index":"","_et_pb_use_builder":"","_et_pb_old_content":"","_et_gb_content_width":"","footnotes":""},"categories":[910],"tags":[],"class_list":["post-318760","post","type-post","status-publish","format-standard","hentry","category-senza-categoria-2-4"],"_links":{"self":[{"href":"https:\/\/www.focolare.org\/pt-pt\/wp-json\/wp\/v2\/posts\/318760","targetHints":{"allow":["GET"]}}],"collection":[{"href":"https:\/\/www.focolare.org\/pt-pt\/wp-json\/wp\/v2\/posts"}],"about":[{"href":"https:\/\/www.focolare.org\/pt-pt\/wp-json\/wp\/v2\/types\/post"}],"author":[{"embeddable":true,"href":"https:\/\/www.focolare.org\/pt-pt\/wp-json\/wp\/v2\/users\/34"}],"replies":[{"embeddable":true,"href":"https:\/\/www.focolare.org\/pt-pt\/wp-json\/wp\/v2\/comments?post=318760"}],"version-history":[{"count":0,"href":"https:\/\/www.focolare.org\/pt-pt\/wp-json\/wp\/v2\/posts\/318760\/revisions"}],"wp:attachment":[{"href":"https:\/\/www.focolare.org\/pt-pt\/wp-json\/wp\/v2\/media?parent=318760"}],"wp:term":[{"taxonomy":"category","embeddable":true,"href":"https:\/\/www.focolare.org\/pt-pt\/wp-json\/wp\/v2\/categories?post=318760"},{"taxonomy":"post_tag","embeddable":true,"href":"https:\/\/www.focolare.org\/pt-pt\/wp-json\/wp\/v2\/tags?post=318760"}],"curies":[{"name":"wp","href":"https:\/\/api.w.org\/{rel}","templated":true}]}}