{"id":318768,"date":"2022-12-01T14:30:09","date_gmt":"2022-12-01T13:30:09","guid":{"rendered":"https:\/\/www.focolare.org\/o-cmi-acolhe-a-comunidade-dos-focolares-com-compromisso-mutuo-de-dar-as-maos-caminhando-juntos\/"},"modified":"2024-05-15T21:14:19","modified_gmt":"2024-05-15T19:14:19","slug":"o-cmi-acolhe-a-comunidade-dos-focolares-com-compromisso-mutuo-de-dar-as-maos-caminhando-juntos","status":"publish","type":"post","link":"https:\/\/www.focolare.org\/pt-pt\/o-cmi-acolhe-a-comunidade-dos-focolares-com-compromisso-mutuo-de-dar-as-maos-caminhando-juntos\/","title":{"rendered":"O CMI acolhe a comunidade dos Focolares, com compromisso m\u00fatuo de &#8220;dar as m\u00e3os&#8221;, caminhando juntos"},"content":{"rendered":"<p><em>O Conselho Mundial de Igrejas (CMI) recebeu a presidente dos Focolares, Margaret Karram, e o co-presidente, Jes\u00fas Mor\u00e1n, assim como outros membros da comunidade dos Focolares, no dia 28 de Novembro, oferecendo uma visita guiada ao Centro Ecum\u00e9nico e falando de unidade, reconcilia\u00e7\u00e3o, constru\u00e7\u00e3o de pontes inter-religiosas, F\u00e9 e Ordem, e comunica\u00e7\u00f5es, entre outras quest\u00f5es de interesse.<\/em>  O Dr. Ioan Sauca, Secret\u00e1rio-Geral em exerc\u00edcio do CMI, expressou o seu apre\u00e7o pelas muitas colabora\u00e7\u00f5es passadas entre o CMI e os Focolares, mais recentemente a participa\u00e7\u00e3o dos Focolares na 11\u00aa Assembleia do CMI em Karlsruhe (Alemanha).  Sauca disse que o CMI reconhece a import\u00e2ncia da coopera\u00e7\u00e3o e apoio m\u00fatuo entre o CMI e os Focolares para servirem juntos sob o novo paradigma, caminhando juntos numa peregrina\u00e7\u00e3o de justi\u00e7a, reconcilia\u00e7\u00e3o e unidade.  &#8220;Os crist\u00e3os de diferentes igrejas que pertencem aos Focolares, participaram nas assembleias do CMI, juntos \u00e0s delega\u00e7\u00f5es das suas respectivas igrejas e em outras fun\u00e7\u00f5es&#8221;, observou Sauca, que resumiu uma longa hist\u00f3ria de coopera\u00e7\u00e3o entre os dois grupos.  &#8220;O vosso empenho em promover o di\u00e1logo entre crist\u00e3os, judeus e mu\u00e7ulmanos, bem como o vosso empenho num di\u00e1logo sustentado entre israelitas e palestinianos s\u00e3o recursos inspiradores para o movimento mundial dos Focolares e n\u00e3o s\u00f3&#8221;, disse Sauca.  Funcion\u00e1rios do CMI e representantes do Movimento dos Focolares tamb\u00e9m discutiram \u00e1reas de colabora\u00e7\u00e3o passadas e futuras, e partilharam as suas experi\u00eancias relacionadas com a unidade e o ecumenismo.  Karram partilhou as suas mais calorosas sauda\u00e7\u00f5es e expressou grande alegria por visitar o CMI, 20 anos ap\u00f3s a \u00faltima visita da fundadora dos Focolares, Chiara Lubich, ao CMI.  &#8220;H\u00e1 vinte anos, Chiara Lubich, fundadora do Movimento dos Focolares, veio aqui a convite do ent\u00e3o Secret\u00e1rio-Geral Konrad Raiser e do Prof. Ioan Sauca&#8221;, disse Karram. &#8220;Estou muito grata por estar hoje aqui convosco para comemorar este anivers\u00e1rio&#8221;. Louvo a Deus porque sei que estou a caminhar em terra que considero sagrada&#8221;.  Karram garantiu ao CMI a vontade e a capacidade do Movimento dos Focolares de continuar a caminhar juntos. &#8220;Quero acrescentar n\u00e3o s\u00f3 caminhar juntos &#8211; mas temos de dar as m\u00e3os &#8211; n\u00e3o s\u00f3 caminhar juntos, mas tamb\u00e9m dar as m\u00e3os, lado a lado. Quero prometer isto&#8221;.  O Rev. Dr. Jerry Pillay, Secret\u00e1rio-Geral eleito do CMI, elogiou as muitas formas pelas quais a comunidade dos Focolares e o CMI t\u00eam trocado ideias e vis\u00f5oes ao longo dos anos. &#8220;A nossa colabora\u00e7\u00e3o tem sido a diferentes n\u00edveis&#8221;, disse ele. <\/p>\n<p style=\"text-align: right;\"><em>Fonte: <a href=\"https:\/\/www.oikoumene.org\/es\" target=\"_blank\" rel=\"noopener\">CMI<\/a><\/em><\/p>\n<p> <strong><a href=\"https:\/\/www.focolare.org\/pt\/download\/english-the-ecumenical-journey-of-the-focolare-movement\/\" target=\"_blank\" rel=\"noopener\">Discurso completo de Margaret Karram<\/a><\/strong>  <a href=\"https:\/\/oikoumene.photoshelter.com\/galleries\/C0000_4U7GBA7EYQ\/G0000hj6orbfBOwE\/Focolare-leadership-visit-to-the-WCC\" target=\"_blank\" rel=\"noopener\"><strong>Galeria de fotos sobre a visita da lideran\u00e7a dos Focolares ao CMI<\/strong><\/a>  https:\/\/www.youtube.com\/watch?v=-Lx8IklNEPQ&amp;t  https:\/\/www.youtube.com\/watch?v=q7OMciDbHA8&amp;  &nbsp;<\/p>\n","protected":false},"excerpt":{"rendered":"<p>Le 28 novembre, le Conseil \u0153cum\u00e9nique des \u00c9glises (COE) a accueilli la pr\u00e9sidente des Focolari, Margaret Karram, ainsi que leur copr\u00e9sident, Jes\u00fas Moran, et plusieurs membres de la communaut\u00e9 des Focolari, et leur a propos\u00e9 une visite guid\u00e9e du Centre \u0153cum\u00e9nique suivie d\u2019une discussion sur l\u2019unit\u00e9, la r\u00e9conciliation, les relations interreligieuses, Foi et constitution, la communication, entre autres th\u00e8mes abord\u00e9s.<\/p>\n","protected":false},"author":34,"featured_media":0,"comment_status":"open","ping_status":"open","sticky":false,"template":"","format":"standard","meta":{"give_campaign_id":0,"_seopress_robots_primary_cat":"","_seopress_titles_title":"","_seopress_titles_desc":"","_seopress_robots_index":"","_et_pb_use_builder":"","_et_pb_old_content":"","_et_gb_content_width":"","footnotes":""},"categories":[129],"tags":[],"class_list":["post-318768","post","type-post","status-publish","format-standard","hentry","category-sem-categoria"],"_links":{"self":[{"href":"https:\/\/www.focolare.org\/pt-pt\/wp-json\/wp\/v2\/posts\/318768","targetHints":{"allow":["GET"]}}],"collection":[{"href":"https:\/\/www.focolare.org\/pt-pt\/wp-json\/wp\/v2\/posts"}],"about":[{"href":"https:\/\/www.focolare.org\/pt-pt\/wp-json\/wp\/v2\/types\/post"}],"author":[{"embeddable":true,"href":"https:\/\/www.focolare.org\/pt-pt\/wp-json\/wp\/v2\/users\/34"}],"replies":[{"embeddable":true,"href":"https:\/\/www.focolare.org\/pt-pt\/wp-json\/wp\/v2\/comments?post=318768"}],"version-history":[{"count":0,"href":"https:\/\/www.focolare.org\/pt-pt\/wp-json\/wp\/v2\/posts\/318768\/revisions"}],"wp:attachment":[{"href":"https:\/\/www.focolare.org\/pt-pt\/wp-json\/wp\/v2\/media?parent=318768"}],"wp:term":[{"taxonomy":"category","embeddable":true,"href":"https:\/\/www.focolare.org\/pt-pt\/wp-json\/wp\/v2\/categories?post=318768"},{"taxonomy":"post_tag","embeddable":true,"href":"https:\/\/www.focolare.org\/pt-pt\/wp-json\/wp\/v2\/tags?post=318768"}],"curies":[{"name":"wp","href":"https:\/\/api.w.org\/{rel}","templated":true}]}}