{"id":318772,"date":"2022-12-06T03:00:09","date_gmt":"2022-12-06T02:00:09","guid":{"rendered":"https:\/\/www.focolare.org\/cartas-encontrar-chiara-lubich-por-meio-de-seu-epistolario\/"},"modified":"2024-05-15T21:14:19","modified_gmt":"2024-05-15T19:14:19","slug":"cartas-encontrar-chiara-lubich-por-meio-de-seu-epistolario","status":"publish","type":"post","link":"https:\/\/www.focolare.org\/pt-pt\/cartas-encontrar-chiara-lubich-por-meio-de-seu-epistolario\/","title":{"rendered":"\u201cCartas\u201d: encontrar Chiara Lubich por meio de seu epistol\u00e1rio"},"content":{"rendered":"<p><em>\u00a0J\u00e1 est\u00e1 dispon\u00edvel, nas livrarias italianas, o volume das Obras de Chiara Lubich intitulado \u201cCartas\u201d. Conversamos com Floret Gillet, do Centro Chiara Lubich, te\u00f3loga e estudiosa da fundadora do Movimento dos Focolares, que se encarregou desta publica\u00e7\u00e3o. <\/em>  <div id=\"attachment_251590\" style=\"width: 381px\" class=\"wp-caption alignright\"><img alt=\"\" alt=\"\" loading=\"lazy\" decoding=\"async\" aria-describedby=\"caption-attachment-251590\" class=\" wp-image-251590\" src=\"https:\/\/www.focolare.org\/wp-content\/uploads\/2022\/11\/SAM_9684-scaled-e1669718010269-510x340.jpg\" alt=\"\" width=\"371\" height=\"247\" \/><p id=\"caption-attachment-251590\" class=\"wp-caption-text\">Florance Gillet<\/p><\/div>  Toquei a campainha do <a href=\"https:\/\/chiaralubich.org\/\" target=\"_blank\" rel=\"noopener\">Centro Chiara Lubich<\/a>, nos arredores do Centro Internacional dos Focolares, em Rocca di Papa (It\u00e1lia), e a Dra. Gillet me recebeu com alegria, convidando-me a entrar na sala de reuni\u00f5es. H\u00e1 muitos arm\u00e1rios com placas e objetos que lembram os doutorados <em>honoris causa<\/em> e presentes recebidos por Chiara Lubich durante suas viagens a v\u00e1rios pa\u00edses do mundo, al\u00e9m de numerosos livros sobre a fundadora do Movimento dos Focolares, traduzidos em diversas l\u00ednguas, alguns deles escritos ou editados por Florence Gillet.  Quando come\u00e7amos a conversar, o seu sotaque revela a sua origem francesa. Ela me conta que conheceu o carisma da unidade no final de 1965 e tr\u00eas meses depois j\u00e1 estava na Mari\u00e1polis permanente de Loppiano, na It\u00e1lia, para aprofundar aquele \u201cideal\u201d t\u00e3o buscado e que, enfim, havia encontrado. O estudo da teologia, na Universidade Pontif\u00edcia Gregoriana, a levou a Roma, e foi uma das primeiras mulheres a frequentarem aquela universidade. Em seguida esteve em Paris, por alguns anos, e retornou \u00e0 Roma. Sorri ao contar suas experi\u00eancias em alguns pa\u00edses africanos, onde esteve em \u201cFocolares tempor\u00e1rios\u201d, chamados assim devido a seu breve per\u00edodo de dura\u00e7\u00e3o. Em 2008 foi convidada para fazer parte do Centro Chiara Lubich, fundado naquele ano, para estudar e trabalhar nas publica\u00e7\u00f5es dos escritos da fundadora do Movimento, concentrando-se inicialmente sobre os pontos fundamentais da espiritualidade da unidade. H\u00e1 pouco tempo, como parte da cole\u00e7\u00e3o \u201cObras de Chiara Lubich\u201d, foi lan\u00e7ado o volume \u201cCartas 1939 \u2013 1960\u201d, do qual ocupou-se diretamente.  <img alt=\"\" alt=\"\" loading=\"lazy\" decoding=\"async\" class=\"alignleft size-full wp-image-251597\" src=\"https:\/\/www.focolare.org\/wp-content\/uploads\/2022\/12\/Lettere-1.jpg\" alt=\"\" width=\"210\" height=\"312\" \/>\u201cH\u00e1 uma grande variedade nestas cartas \u2013 explica Florence Gillet -: algumas s\u00e3o da mais pura dire\u00e7\u00e3o espiritual, h\u00e1 cartas que transmitem not\u00edcias, outras s\u00e3o cartas de consola\u00e7\u00e3o; existem cartas que transbordam da alma de Chiara Lubich, principalmente as escritas \u00e0 sua irm\u00e3, nas quais ela diz coisas muito fortes. Por\u00e9m h\u00e1 um denominador comum entre elas. Antes de tudo o g\u00eanero liter\u00e1rio: s\u00e3o cartas. Em segundo lugar, em cada uma delas \u00e9 poss\u00edvel encontrar \u201ca alma\u201d de Chiara, o modo como sabia \u201cfazer-se um\u201d, como diz S\u00e3o Paulo quando afirma: \u201ceu me fiz tudo a todos\u201d. Inclusive ao comunicar o seu segredo, j\u00e1 que em todas \u00e9 evidente a clara refer\u00eancia a Jesus Abandonado\u201d.  Ao que podemos comparara este livro? \u00c9 a pergunta que Florence se coloca na introdu\u00e7\u00e3o e \u00e0 qual responde com uma imagem muito eloquente: \u201cSe fosse um jardim, seria um jardim no estilo ingl\u00eas, sem formas geom\u00e9tricas, sem simetrias, mas onde a natureza \u00e9 poesia e liberdade, embora possua rigor e ordem. Se fosse uma estrada, seria um caminho por vezes aventuroso, mas bem assinalado, com uma meta segura e um guia experiente. Se fosse uma casa seria acolhedora, com muitos quartos coligados e harmoniosos entre si, aconchegante e aberta\u201d.  O livro contem 338 cartas (uma sele\u00e7\u00e3o das muitas escritas por Chiara Lubich) que colocar\u00e3o o leitor em contato direto com os primeiros anos do nascimento do Movimento dos Focolares e o desenvolvimento do seu carisma. \u201cAconselho a todos fazerem o esfor\u00e7o \u2013 continua Florence \u2013 de come\u00e7ar a ler pela introdu\u00e7\u00e3o, para obter a chave de leitura, e depois prosseguir com as cartas, uma por uma, ordenadamente, deixar que elas \u201cfalem ao cora\u00e7\u00e3o\u201d. O leitor encontrar\u00e1 cartas a pessoas, outras coletivas, dirigidas a comunidades que iniciavam, a membros da sua fam\u00edlia; e outras mais doutrinais, nas quais Chiara explica o seu ideal. \u201cFazer este livro foi um trabalho apaixonante \u2013 conclui -. E penso que o mesmo ser\u00e1 para os leitores\u201d. <\/p>\n<p style=\"text-align: right;\"><em>Carlos Mana<\/em><\/p>\n","protected":false},"excerpt":{"rendered":"<p>\u00a0J\u00e1 est\u00e1 dispon\u00edvel, nas livrarias italianas, o volume das Obras de Chiara Lubich intitulado \u201cCartas\u201d. Conversamos com Floret Gillet, do Centro Chiara Lubich, te\u00f3loga e estudiosa da fundadora do Movimento dos Focolares, que se encarregou desta publica\u00e7\u00e3o.<\/p>\n","protected":false},"author":34,"featured_media":0,"comment_status":"open","ping_status":"open","sticky":false,"template":"","format":"standard","meta":{"give_campaign_id":0,"_seopress_robots_primary_cat":"","_seopress_titles_title":"","_seopress_titles_desc":"","_seopress_robots_index":"","_et_pb_use_builder":"","_et_pb_old_content":"","_et_gb_content_width":"","footnotes":""},"categories":[129],"tags":[],"class_list":["post-318772","post","type-post","status-publish","format-standard","hentry","category-sem-categoria"],"_links":{"self":[{"href":"https:\/\/www.focolare.org\/pt-pt\/wp-json\/wp\/v2\/posts\/318772","targetHints":{"allow":["GET"]}}],"collection":[{"href":"https:\/\/www.focolare.org\/pt-pt\/wp-json\/wp\/v2\/posts"}],"about":[{"href":"https:\/\/www.focolare.org\/pt-pt\/wp-json\/wp\/v2\/types\/post"}],"author":[{"embeddable":true,"href":"https:\/\/www.focolare.org\/pt-pt\/wp-json\/wp\/v2\/users\/34"}],"replies":[{"embeddable":true,"href":"https:\/\/www.focolare.org\/pt-pt\/wp-json\/wp\/v2\/comments?post=318772"}],"version-history":[{"count":0,"href":"https:\/\/www.focolare.org\/pt-pt\/wp-json\/wp\/v2\/posts\/318772\/revisions"}],"wp:attachment":[{"href":"https:\/\/www.focolare.org\/pt-pt\/wp-json\/wp\/v2\/media?parent=318772"}],"wp:term":[{"taxonomy":"category","embeddable":true,"href":"https:\/\/www.focolare.org\/pt-pt\/wp-json\/wp\/v2\/categories?post=318772"},{"taxonomy":"post_tag","embeddable":true,"href":"https:\/\/www.focolare.org\/pt-pt\/wp-json\/wp\/v2\/tags?post=318772"}],"curies":[{"name":"wp","href":"https:\/\/api.w.org\/{rel}","templated":true}]}}