{"id":318778,"date":"2022-12-14T10:00:50","date_gmt":"2022-12-14T09:00:50","guid":{"rendered":"https:\/\/www.focolare.org\/curso-de-treinamento-em-sinodalidade-fazer-parte-de-um-so-povo\/"},"modified":"2024-05-15T21:14:20","modified_gmt":"2024-05-15T19:14:20","slug":"curso-de-treinamento-em-sinodalidade-fazer-parte-de-um-so-povo","status":"publish","type":"post","link":"https:\/\/www.focolare.org\/pt-pt\/curso-de-treinamento-em-sinodalidade-fazer-parte-de-um-so-povo\/","title":{"rendered":"Curso de Treinamento em Sinodalidade: fazer parte de um s\u00f3 povo"},"content":{"rendered":"<p><em>O Centro Evangelii Gaudium (CEG) abre as inscri\u00e7\u00f5es para o Curso de Treinamento em Sinodalidade, uma contribui\u00e7\u00e3o concreta para responder ao chamado da Igreja para caminhar juntos. <\/em>  O <a href=\"https:\/\/www.sophiauniversity.org\/it\/centro-evangelii-gaudium\/\" target=\"_blank\" rel=\"noopener\">Centro Evangelii Gaudium (CEG)<\/a>, um centro de treinamento dentro do Instituto Universit\u00e1rio Sophia, est\u00e1 se preparando, em 2023, para lan\u00e7ar um Curso de Treinamento em Sinodalidade, desenvolvido em sinergia com a Secretaria Geral do S\u00ednodo e em colabora\u00e7\u00e3o com outros centros de treinamento e institutos acad\u00eamicos na It\u00e1lia e fora dela. Mas por que falar em sinodalidade? Vincenzo di Pilato, professor de Teologia Fundamental na Faculdade de Teologia Apuliana na It\u00e1lia e coordenador do CEG, explica.  <div id=\"attachment_251998\" style=\"width: 366px\" class=\"wp-caption alignright\"><img alt=\"\" alt=\"\" loading=\"lazy\" decoding=\"async\" aria-describedby=\"caption-attachment-251998\" class=\" wp-image-251998\" src=\"https:\/\/www.focolare.org\/wp-content\/uploads\/2022\/12\/DI-PILATO-1024x683-1-510x340.jpg\" alt=\"\" width=\"356\" height=\"237\" \/><p id=\"caption-attachment-251998\" class=\"wp-caption-text\">Prof. Vincenzo di Pilato<\/p><\/div>  \u201cEm 16 de outubro passado, o Papa Francisco anunciou sua decis\u00e3o de realizar a pr\u00f3xima XVI Assembleia Geral Ordin\u00e1ria do S\u00ednodo dos Bispos em duas sess\u00f5es. &#8220;Esta decis\u00e3o&#8221;, l\u00ea-se no comunicado de imprensa, &#8220;deriva do desejo de que o tema da Igreja Sinodal, devido \u00e0 sua amplitude e import\u00e2ncia, possa ser objeto de um discernimento prolongado n\u00e3o apenas pelos membros da Assembleia Sinodal, mas por toda a Igreja&#8221;. <strong>Este \u00e9 o desafio que o Curso quer enfrentar: combinar, da melhor maneira poss\u00edvel, caminhar &#8216;junto&#8217; com caminhar &#8216;todos&#8217;.<\/strong> Estamos vivendo isto em n\u00edvel de dioceses, par\u00f3quias, movimentos, congrega\u00e7\u00f5es, em toda parte: a sinodalidade sem vida no Esp\u00edrito se reduz a um desafinado e inconclusivo caminho em assembleia. Precisamos de &#8220;casas e escolas de comunh\u00e3o&#8221;, mas tamb\u00e9m de &#8220;gin\u00e1sios de sinodalidade&#8221; nos quais aprender a ouvir e a seguir o Esp\u00edrito Santo. \u00c9 f\u00e1cil dizer isso! O Curso gostaria de colocar-se ao servi\u00e7o deste outro desafio: reunir a experi\u00eancia espiritual com as ci\u00eancias teol\u00f3gicas e humanas. \u00c9 o que desejam os Dicast\u00e9rios Pontif\u00edcios, especialmente os que se dedicam \u00e0 \u00e1rea da forma\u00e7\u00e3o, que em v\u00e1rias ocasi\u00f5es sugeriram cursos deste tipo abertos a todas as voca\u00e7\u00f5es. A pr\u00f3pria Secretaria Geral do S\u00ednodo tem estado particularmente envolvida na iniciativa. Na verdade, teremos a honra de abrir o curso com o Cardeal Secret\u00e1rio Mario Grech, em 17 de janeiro de 2023.\u201d  <strong>Professor, como este curso ser\u00e1 conduzido e a quem ele \u00e9 dirigido?<\/strong>  <a href=\"https:\/\/www.focolare.org\/wp-content\/uploads\/2022\/12\/PT-corsoCEG-1.pdf\" target=\"_blank\" rel=\"noopener\"><img alt=\"\" alt=\"\" loading=\"lazy\" decoding=\"async\" class=\"size-full wp-image-252010 alignleft\" src=\"https:\/\/www.focolare.org\/wp-content\/uploads\/2022\/12\/CopertinaPT.png\" alt=\"\" width=\"170\" height=\"324\" \/><\/a>O curso tem a dura\u00e7\u00e3o de tr\u00eas anos. Ir\u00e1 se estender por quatro per\u00edodos do ano (tr\u00eas m\u00f3dulos acad\u00eamicos e uma reuni\u00e3o residencial), tratando de temas em sintonia com o processo sinodal em andamento. A inscri\u00e7\u00e3o pode ser feita para o ano inteiro ou para um \u00fanico m\u00f3dulo. O idioma oficial ser\u00e1 o italiano, mas haver\u00e1 tradu\u00e7\u00e3o simult\u00e2nea para o espanhol, portugu\u00eas e ingl\u00eas. \u00c9 um curso destinado a todos os membros do Povo de Deus, desde os bispos aos agentes pastorais, padres, religiosas e religiosos, seminaristas e leigos. Para este ano, com cautela, estamos mantendo o curso online. Recomendamos &#8211; sempre que poss\u00edvel &#8211; a participa\u00e7\u00e3o de grupos da mesma comunidade, par\u00f3quia, diocese, a fim de tornar o curso um verdadeiro &#8220;gin\u00e1sio de sinodalidade&#8221;. Dois ou mais participantes, que poder\u00e3o dialogar um com o outro em estilo sinodal, tamb\u00e9m se tornar\u00e3o &#8220;multiplicadores&#8221; do curso, ou de seus temas principais, na comunidade onde est\u00e3o inseridos.  <strong>Durante um encontro com as diversas realidades eclesiais ligadas ao Movimento dos Focolares, o Co-Presidente, Jes\u00fas Mor\u00e1n, falou da espiritualidade da comunh\u00e3o (citando o <em>Novo Millennium Ineunte <\/em>de S\u00e3o Jo\u00e3o Paulo II) e da sinodalidade como dois momentos relacionados, mas distintos. <\/strong><strong>Voc\u00ea pode desenvolver este conceito?<\/strong>  Estamos nos preparando para o pr\u00f3ximo Jubileu em 2025 com um caminho sinodal prolongado sem precedentes na hist\u00f3ria da Igreja. Ap\u00f3s o \u00faltimo Jubileu, em 2000, S\u00e3o Jo\u00e3o Paulo II reconheceu que &#8220;muito foi feito desde o Conc\u00edlio Vaticano II tamb\u00e9m em rela\u00e7\u00e3o \u00e0 reforma da C\u00faria Romana, \u00e0 organiza\u00e7\u00e3o dos S\u00ednodos, ao funcionamento das Confer\u00eancias Episcopais. Mas certamente ainda h\u00e1 muito a ser feito&#8221; (NMI, 44). O que ele quis dizer com &#8220;ainda h\u00e1 muito a ser feito&#8221;? Creio que n\u00e3o era uma express\u00e3o ret\u00f3rica para ele, mas uma express\u00e3o prof\u00e9tica. Em 2015, no 50\u00ba anivers\u00e1rio da institui\u00e7\u00e3o do S\u00ednodo dos Bispos, o Papa Francisco assim se expressou: &#8220;O caminho da sinodalidade \u00e9 o caminho que Deus espera da Igreja do terceiro mil\u00eanio&#8221;. Aqui est\u00e1 a inspirada converg\u00eancia m\u00fatua entre estes dois Jubileus: p<strong>or um lado, a &#8220;espiritualidade&#8221; da comunh\u00e3o para penetrar na mais alta contempla\u00e7\u00e3o do mist\u00e9rio de Deus Trindade mantido dentro e entre todas as criaturas; por outro, a sinodalidade como &#8220;caminho&#8221;<\/strong> no qual permanecer, a exemplo de Jesus e Maria, misturados entre todos, participando &#8220;desta mar\u00e9 um tanto ca\u00f3tica que pode se transformar em uma verdadeira experi\u00eancia de fraternidade, em uma caravana de solidariedade, em uma peregrina\u00e7\u00e3o santa&#8221; (<em>Evangelii gaudium<\/em> 87). \u00c9 claro, portanto, que n\u00e3o h\u00e1 espiritualidade de comunh\u00e3o sem sinodalidade e vice-versa. A comunh\u00e3o at\u00e9 ao ponto da unidade \u00e9 o mist\u00e9rio de Deus revelado por Jesus Crucificado-Ressuscitado e para sempre presente no destino da humanidade; a sinodalidade \u00e9 o caminho que nos permite torn\u00e1-lo vis\u00edvel &#8220;para que o mundo acredite&#8221; (<em>Jo<\/em> 17,21).  <strong>O que isto significa concretamente para cada um de n\u00f3s e quais s\u00e3o as etapas para viver este chamado?<\/strong>  Em primeiro lugar, \u00e9 preciso sentir-se parte de um povo, n\u00e3o um grupo de indiv\u00edduos colocados uns ao lado dos outros como pinos em uma pista de boliche ou passageiros em uma cabine de elevador. Dirigindo-se aos jovens, o Papa Francisco explicou assim: &#8220;Quando falamos de &#8216;povo&#8217; n\u00e3o devemos nos referir \u00e0s estruturas da sociedade ou da Igreja, mas sim <strong>ao grupo de pessoas que n\u00e3o caminham como indiv\u00edduos, mas como o tecido <em>de uma comunidade de todos e para todos<\/em>, que n\u00e3o pode permitir que os mais pobres e fracos fiquem para tr\u00e1s<\/strong>: &#8220;O povo quer que todos participem dos bens comuns e por esta raz\u00e3o aceita adaptar-se ao ritmo dos \u00faltimos para chegar todos juntos&#8221; (<em>Christus Vivit<\/em>, 23). Portanto: caminhando juntos sem deixar ningu\u00e9m para tr\u00e1s, reconhecendo a presen\u00e7a de Cristo em todos os que passam ao nosso lado. Esta \u00e9 a raiz da igual dignidade e liberdade de cada um de n\u00f3s. Sentir-se como um s\u00f3 povo \u00e9 a premissa, mas tamb\u00e9m o prop\u00f3sito da sinodalidade, assim como Jesus \u00e9, ao mesmo tempo, o Caminho e nosso companheiro de viagem. Em cada membro do povo de Deus habita o Esp\u00edrito Santo, como em um templo, e a \u00fanica lei entre todas deveria ser o novo mandamento de amar como Jesus mesmo nos amou (cf. Jo 13,34). Esperamos que o Curso seja um trecho de estrada percorrido juntos com nosso olhar voltado para as fronteiras do Reino de Deus que encontramos cada vez que h\u00e1 um pr\u00f3ximo para amar. <\/p>\n<p style=\"text-align: right;\"><em>Maria Grazia Berretta<\/em><\/p>\n<p> <a href=\"https:\/\/www.focolare.org\/wp-content\/uploads\/2022\/12\/PT-corsoCEG-1.pdf\" target=\"_blank\" rel=\"noopener\"><strong>Descarregar brochura<\/strong><\/a><\/p>\n","protected":false},"excerpt":{"rendered":"<p>O Centro Evangelii Gaudium (CEG) abre as inscri\u00e7\u00f5es para o Curso de Treinamento em Sinodalidade, uma contribui\u00e7\u00e3o concreta para responder ao chamado da Igreja para caminhar juntos.<\/p>\n","protected":false},"author":34,"featured_media":0,"comment_status":"open","ping_status":"open","sticky":false,"template":"","format":"standard","meta":{"give_campaign_id":0,"_seopress_robots_primary_cat":"","_seopress_titles_title":"","_seopress_titles_desc":"","_seopress_robots_index":"","_et_pb_use_builder":"","_et_pb_old_content":"","_et_gb_content_width":"","footnotes":""},"categories":[129],"tags":[],"class_list":["post-318778","post","type-post","status-publish","format-standard","hentry","category-sem-categoria"],"_links":{"self":[{"href":"https:\/\/www.focolare.org\/pt-pt\/wp-json\/wp\/v2\/posts\/318778","targetHints":{"allow":["GET"]}}],"collection":[{"href":"https:\/\/www.focolare.org\/pt-pt\/wp-json\/wp\/v2\/posts"}],"about":[{"href":"https:\/\/www.focolare.org\/pt-pt\/wp-json\/wp\/v2\/types\/post"}],"author":[{"embeddable":true,"href":"https:\/\/www.focolare.org\/pt-pt\/wp-json\/wp\/v2\/users\/34"}],"replies":[{"embeddable":true,"href":"https:\/\/www.focolare.org\/pt-pt\/wp-json\/wp\/v2\/comments?post=318778"}],"version-history":[{"count":0,"href":"https:\/\/www.focolare.org\/pt-pt\/wp-json\/wp\/v2\/posts\/318778\/revisions"}],"wp:attachment":[{"href":"https:\/\/www.focolare.org\/pt-pt\/wp-json\/wp\/v2\/media?parent=318778"}],"wp:term":[{"taxonomy":"category","embeddable":true,"href":"https:\/\/www.focolare.org\/pt-pt\/wp-json\/wp\/v2\/categories?post=318778"},{"taxonomy":"post_tag","embeddable":true,"href":"https:\/\/www.focolare.org\/pt-pt\/wp-json\/wp\/v2\/tags?post=318778"}],"curies":[{"name":"wp","href":"https:\/\/api.w.org\/{rel}","templated":true}]}}