{"id":318798,"date":"2023-01-03T03:00:00","date_gmt":"2023-01-03T02:00:00","guid":{"rendered":"https:\/\/www.focolare.org\/bento-xvi-a-recordacao-de-maria-voce\/"},"modified":"2024-05-15T21:14:24","modified_gmt":"2024-05-15T19:14:24","slug":"bento-xvi-a-recordacao-de-maria-voce","status":"publish","type":"post","link":"https:\/\/www.focolare.org\/pt-pt\/bento-xvi-a-recordacao-de-maria-voce\/","title":{"rendered":"Bento XVI: a recorda\u00e7\u00e3o de Maria Voce"},"content":{"rendered":"<p><em>No per\u00edodo de sua atua\u00e7\u00e3o como presidente do Movimento dos Focolares, de 2008 a 2021, Maria Voce teve a possibilidade de conhecer e encontrar v\u00e1rias vezes o Papa Ratzinger.<\/em>  \u201cA impress\u00e3o, quando fui recebida em audi\u00eancia no seu escrit\u00f3rio, foi a de entrar numa sala de casa, onde se podia falar e ser acolhidos com amor, eu diria, com uma amorosa aten\u00e7\u00e3o. Ao mesmo tempo com uma fineza elegante, cuidado, delicadeza\u201d. Diante da not\u00edcia do falecimento do Papa Bento XVI, as lembran\u00e7as de Maria Voce, ex-presidente do Movimento dos Focolares, v\u00e3o imediatamente ao dia 13 de abril de 2010, quando foi recebida pelo Papa, juntamente com o ent\u00e3o copresidente, Pe. Giancarlo Faletti.  \u201cEra o segundo ano depois da morte da nossa fundadora, Chiara Lubich \u2013 continua Maria Voce -. O copresidente e eu fomos colocar nas m\u00e3os do Papa a vida do Movimento. E nos demos conta que ele conhecia bem muitas de suas realidades. N\u00f3s tamb\u00e9m contamos a ele sobre a viagem a v\u00e1rios pa\u00edses asi\u00e1ticos, que hav\u00edamos feito recentemente. Ele mostrou seu contentamento inclusive pela etapa feita na China, j\u00e1 que este pa\u00eds era uma grande fronteira para a Igreja. Alegrou-se por aquilo que o Movimento fazia para ajudar o caminho de reconcilia\u00e7\u00e3o entre os bispos chineses e o Papa. Deu-nos a sua ben\u00e7\u00e3o e nos impulsionou a prosseguir no caminho da santidade. Pessoalmente, tocou-me sempre a sua delicada gentileza e ao mesmo tempo a acolhida calorosa e familiar. Tinha um grande senso de harmonia, vindo, talvez, do seu amor pela m\u00fasica, e que se via inclusive na decora\u00e7\u00e3o do seu escrit\u00f3rio: um lugar acolhedor como uma casa, sagrado como uma igreja\u201d.  <strong><img alt=\"\" alt=\"\" loading=\"lazy\" decoding=\"async\" class=\"alignright wp-image-252471\" src=\"https:\/\/www.focolare.org\/wp-content\/uploads\/2023\/01\/20100423-foto34-469x340.jpg\" alt=\"\" width=\"450\" height=\"326\" \/>Quais as outras ocasi\u00f5es em que encontrou o Papa Bento XVI, como presidente dos Focolares?<\/strong>  \u201cEm 2008 recebeu, a mim e ao copresidente Faletti, logo ap\u00f3s a Assembleia Geral dos Focolares, na qual t\u00ednhamos sido eleitos, a primeira ap\u00f3s a morte da nossa fundadora. Depois me convidou, viajando no mesmo trem, com numerosas autoridades, para a \u201cJornada de reflex\u00e3o, di\u00e1logo e ora\u00e7\u00e3o pela paz e a justi\u00e7a no mundo\u201d, realizada em Assis (It\u00e1lia) em 27 de outubro de 2011, nos 25 anos da primeira Jornada, realizada pelo Papa Jo\u00e3o Paulo II, em 1986. E, enfim, participei da sua \u00faltima audi\u00eancia, dia 27 de fevereiro de 2013, depois do an\u00fancio da sua demiss\u00e3o\u201d.  <strong>Quais as suas reflex\u00f5es diante daquela decis\u00e3o do Papa?<\/strong>  \u201cQuando ele se apercebeu de n\u00e3o possuir mais as for\u00e7as para cumprir o seu papel, teve a coragem de deixar o lugar a outros que, segundo seu parecer, tinham mais for\u00e7as e possibilidades de fazer melhor. Uma escolha, como eu disse <img alt=\"\" alt=\"\" loading=\"lazy\" decoding=\"async\" class=\"alignleft wp-image-252474\" src=\"https:\/\/www.focolare.org\/wp-content\/uploads\/2023\/01\/080723-Assemblea-Papa-1-1-549x340.jpg\" alt=\"\" width=\"350\" height=\"217\" \/>tamb\u00e9m naquele momento, que me pareceu revelar um concentrado da sua reflex\u00e3o teol\u00f3gica e espiritual. Evidenciou a primazia de Deus, o sentido de que a hist\u00f3ria \u00e9 guiada por Ele. E nos direcionou a colher os sinais dos tempos e responder a eles com a coragem de op\u00e7\u00f5es sofridas, mas inovadoras. Com uma clara nota de esperan\u00e7a pela \u201ccerteza de que a Igreja \u00e9 de Cristo\u201d. Penso que n\u00e3o erro ao afirmar que a Igreja para a qual o Papa Bento sempre olhou, inclusive ao cumprir essa escolha, \u00e9 uma \u201cIgreja-comunh\u00e3o\u201d, fruto do Vaticano II, mas tamb\u00e9m numa vis\u00e3o prospectiva, \u201ccada vez mais express\u00e3o da ess\u00eancia da Igreja\u201d, como ele mesmo havia sublinhado. E este \u201ccada vez mais\u201d nos diz que ainda n\u00e3o a realizamos plenamente, e convida cada um de n\u00f3s a trabalhar nesta dire\u00e7\u00e3o com sempre maior responsabilidade\u201d.  <strong>No dia seguinte \u00e0 sua elei\u00e7\u00e3o como Pont\u00edfice, Chiara Lubich escreveu: \u201cPelo conhecimento direto que tenho dele, que possui dotes especiais para receber a luz do Espirito, n\u00e3o deixar\u00e1 de surpreender e superar qualquer previs\u00e3o\u201d. Na sua opini\u00e3o, qual foi a contribui\u00e7\u00e3o mais significativa trazida pelo Papa Bento XVI \u00e0 Igreja? O que esta diz \u00e0 Igreja de hoje e \u00e0quela que o S\u00ednodo est\u00e1 preparando para o futuro?<\/strong>  \u201cO Papa Ratzinger soube perceber a realidade dos Movimentos na Igreja como a \u201cprimavera do Esp\u00edrito\u201d. Foi fundamental o seu discurso, ainda como cardeal, no Congresso dos Movimentos, antes do grande encontro de Pentecostes 1998, com o Papa Jo\u00e3o Paulo II. Um texto seu, de 1969, que faz parte de um ciclo de aulas para a r\u00e1dio, \u00e9 impressionante pensando nos tempos de hoje; revela a sua profunda espiritualidade e essencialidade, numa perspectiva que estar\u00e1 presente em seu cora\u00e7\u00e3o durante todo o pontificado. Ele afirmava que estavam se preparando tempos muito dif\u00edceis para a Igreja, que a sua verdadeira crise tinha s\u00f3 come\u00e7ado e deveria lidar com grandes convuls\u00f5es. Mas, o ent\u00e3o cardeal Ratzinger, se dizia convicto daquilo que restar\u00e1 no final: n\u00e3o a Igreja do culto pol\u00edtico, mas a Igreja da f\u00e9. Ela n\u00e3o ser\u00e1 mais a for\u00e7a social dominante, na medida que era at\u00e9 pouco tempo atr\u00e1s. Mas a Igreja ver\u00e1, ele conclu\u00eda, um novo florescimento e se mostrar\u00e1 como a casa do homem, onde encontrar vida e esperan\u00e7a al\u00e9m da morte\u201d. <\/p>\n<p style=\"text-align: right;\"><em>Anna Lisa Innocenti<\/em><\/p>\n","protected":false},"excerpt":{"rendered":"<p>No per\u00edodo de sua atua\u00e7\u00e3o como presidente do Movimento dos Focolares, de 2008 a 2021, Maria Voce teve a possibilidade de conhecer e encontrar v\u00e1rias vezes o Papa Ratzinger.<\/p>\n","protected":false},"author":34,"featured_media":0,"comment_status":"open","ping_status":"open","sticky":false,"template":"","format":"standard","meta":{"give_campaign_id":0,"_seopress_robots_primary_cat":"","_seopress_titles_title":"","_seopress_titles_desc":"","_seopress_robots_index":"","_et_pb_use_builder":"","_et_pb_old_content":"","_et_gb_content_width":"","footnotes":""},"categories":[129],"tags":[],"class_list":["post-318798","post","type-post","status-publish","format-standard","hentry","category-sem-categoria"],"_links":{"self":[{"href":"https:\/\/www.focolare.org\/pt-pt\/wp-json\/wp\/v2\/posts\/318798","targetHints":{"allow":["GET"]}}],"collection":[{"href":"https:\/\/www.focolare.org\/pt-pt\/wp-json\/wp\/v2\/posts"}],"about":[{"href":"https:\/\/www.focolare.org\/pt-pt\/wp-json\/wp\/v2\/types\/post"}],"author":[{"embeddable":true,"href":"https:\/\/www.focolare.org\/pt-pt\/wp-json\/wp\/v2\/users\/34"}],"replies":[{"embeddable":true,"href":"https:\/\/www.focolare.org\/pt-pt\/wp-json\/wp\/v2\/comments?post=318798"}],"version-history":[{"count":0,"href":"https:\/\/www.focolare.org\/pt-pt\/wp-json\/wp\/v2\/posts\/318798\/revisions"}],"wp:attachment":[{"href":"https:\/\/www.focolare.org\/pt-pt\/wp-json\/wp\/v2\/media?parent=318798"}],"wp:term":[{"taxonomy":"category","embeddable":true,"href":"https:\/\/www.focolare.org\/pt-pt\/wp-json\/wp\/v2\/categories?post=318798"},{"taxonomy":"post_tag","embeddable":true,"href":"https:\/\/www.focolare.org\/pt-pt\/wp-json\/wp\/v2\/tags?post=318798"}],"curies":[{"name":"wp","href":"https:\/\/api.w.org\/{rel}","templated":true}]}}