{"id":318820,"date":"2023-02-03T12:25:12","date_gmt":"2023-02-03T11:25:12","guid":{"rendered":"https:\/\/www.focolare.org\/mariapolis-da-terra-santa-comunidade-por-vocacao\/"},"modified":"2024-05-15T21:14:27","modified_gmt":"2024-05-15T19:14:27","slug":"mariapolis-da-terra-santa-comunidade-por-vocacao","status":"publish","type":"post","link":"https:\/\/www.focolare.org\/pt-pt\/mariapolis-da-terra-santa-comunidade-por-vocacao\/","title":{"rendered":"Mari\u00e1polis da Terra Santa: comunidade por voca\u00e7\u00e3o"},"content":{"rendered":"<p><em>Ser comunidade \u00e9 mais do que simplesmente estar juntos. Quer dizer responder a um chamado e construir: dar vida a uma fam\u00edlia sustentada pela Palavra e reencontrar-se. \u00c9 o que contam algumas pessoas que no \u00faltimo m\u00eas de julho participaram da Mari\u00e1polis da Terra Santa neste v\u00eddeo.<\/em>  \u00c9 leve a brisa que acaricia as antigas ru\u00ednas da Igreja de S\u00e3o Jorge, em Tayibe, a \u00fanica regi\u00e3o inteiramente crist\u00e3 da Terra Santa, o local, narram as escrituras, onde Jesus repousou com os seus antes da Paix\u00e3o. E foi justamente ali que, entre os dias 8 e 9 de julho de 2022, adultos, jovens e crian\u00e7as do Movimento dos Focolares se encontraram para viver uma Mari\u00e1polis realmente especial, um momento de fraternidade e de verdadeira comunh\u00e3o.  \u201cA Mari\u00e1polis \u00e9 um momento para se encontrar em fam\u00edlia\u201d, conta Mayra, de Bel\u00e9m. \u201cGeralmente \u00e9 organizada todos os anos, mas, por conta da pandemia, n\u00e3o pudemos faz\u00ea-la. Este ano, depois de tr\u00eas sem o evento, conseguimos e para mim \u00e9 como fazer uma pausa na minha vida e me recarregar espiritualmente.\u201d  \u201cSer testemunhas do amor\u201d. Esse foi o t\u00edtulo dos dois dias que contaram com a participa\u00e7\u00e3o de pessoas provenientes de v\u00e1rias regi\u00f5es do pa\u00eds, de Haifa, Nazar\u00e9, at\u00e9 Jerusal\u00e9m, Ramallah, Bel\u00e9m e Gaza. Apesar das dificuldades sociopol\u00edticas e culturais, que caracterizam a Terra Santa, o desejo de gozar da beleza e de viver em comunidade torna-se uma escolha capaz de superar barreiras f\u00edsicas e muitas vezes tamb\u00e9m interiores. \u00c9 a comunidade, de fato, o local onde se recolhe valores que se transformam em nutrimento, onde se edifica um presente e um futuro respeitando a dignidade de todos, o local onde a escuta e o testemunho do outro, \u00e0 luz do Evangelho, nos convida a compreender melhor a obra de Deus na nossa vida e, mais do que tudo, onde ningu\u00e9m est\u00e1 sozinho.  Marcell e Boulos, de Nazar\u00e9, contam que no caminho puderam fazer a experi\u00eancia de encontro e fam\u00edlia justamente no momento mais doloroso da vida deles, diante da morte de seu \u00faltimo filho, Jack. E Khader, de Gaza, conta que, apesar das fadigas cotidianas que enfrenta no contexto em que vive, coloca a sua esperan\u00e7a em Deus, reconhecendo com alegria a beleza da voca\u00e7\u00e3o \u00e0 qual \u00e9 chamado: a felicidade. <\/p>\n<p style=\"text-align: right;\"><em>Maria Grazia Berretta<\/em><\/p>\n<p> Activar legendas em portugu\u00eas  https:\/\/youtu.be\/cCMZ1jlYzhA  &nbsp;<\/p>\n","protected":false},"excerpt":{"rendered":"<p>Ser comunidade \u00e9 mais do que simplesmente estar juntos. Quer dizer responder a um chamado e construir: dar vida a uma fam\u00edlia sustentada pela Palavra e reencontrar-se. \u00c9 o que contam algumas pessoas que no \u00faltimo m\u00eas de julho participaram da Mari\u00e1polis da Terra Santa neste v\u00eddeo.<\/p>\n","protected":false},"author":34,"featured_media":0,"comment_status":"open","ping_status":"open","sticky":false,"template":"","format":"standard","meta":{"give_campaign_id":0,"_seopress_robots_primary_cat":"","_seopress_titles_title":"","_seopress_titles_desc":"","_seopress_robots_index":"","_et_pb_use_builder":"","_et_pb_old_content":"","_et_gb_content_width":"","footnotes":""},"categories":[129],"tags":[],"class_list":["post-318820","post","type-post","status-publish","format-standard","hentry","category-sem-categoria"],"_links":{"self":[{"href":"https:\/\/www.focolare.org\/pt-pt\/wp-json\/wp\/v2\/posts\/318820","targetHints":{"allow":["GET"]}}],"collection":[{"href":"https:\/\/www.focolare.org\/pt-pt\/wp-json\/wp\/v2\/posts"}],"about":[{"href":"https:\/\/www.focolare.org\/pt-pt\/wp-json\/wp\/v2\/types\/post"}],"author":[{"embeddable":true,"href":"https:\/\/www.focolare.org\/pt-pt\/wp-json\/wp\/v2\/users\/34"}],"replies":[{"embeddable":true,"href":"https:\/\/www.focolare.org\/pt-pt\/wp-json\/wp\/v2\/comments?post=318820"}],"version-history":[{"count":0,"href":"https:\/\/www.focolare.org\/pt-pt\/wp-json\/wp\/v2\/posts\/318820\/revisions"}],"wp:attachment":[{"href":"https:\/\/www.focolare.org\/pt-pt\/wp-json\/wp\/v2\/media?parent=318820"}],"wp:term":[{"taxonomy":"category","embeddable":true,"href":"https:\/\/www.focolare.org\/pt-pt\/wp-json\/wp\/v2\/categories?post=318820"},{"taxonomy":"post_tag","embeddable":true,"href":"https:\/\/www.focolare.org\/pt-pt\/wp-json\/wp\/v2\/tags?post=318820"}],"curies":[{"name":"wp","href":"https:\/\/api.w.org\/{rel}","templated":true}]}}