{"id":318822,"date":"2023-02-06T03:00:25","date_gmt":"2023-02-06T02:00:25","guid":{"rendered":"https:\/\/www.focolare.org\/chiara-lubich-ressurreicao-de-roma\/"},"modified":"2024-05-15T21:14:28","modified_gmt":"2024-05-15T19:14:28","slug":"chiara-lubich-ressurreicao-de-roma","status":"publish","type":"post","link":"https:\/\/www.focolare.org\/pt-pt\/chiara-lubich-ressurreicao-de-roma\/","title":{"rendered":"Chiara Lubich: Ressurrei\u00e7\u00e3o de Roma"},"content":{"rendered":"<p><em>Ressurrei\u00e7\u00e3o de Roma \u00e9 um dos escritos mais conhecidos de Chiara Lubich, fruto de uma sua experi\u00eancia comunicada depois em um artigo publicado na revista \u201cLa Via\u201d em 1949. \u00c9 um texto que revela ao mesmo tempo a dimens\u00e3o m\u00edstica de uma experi\u00eancia carism\u00e1tica, expressa por uma linguagem particularmente carregada de imagens, e a atualiza\u00e7\u00e3o dessa experi\u00eancia na vida em contato com a humanidade. O texto assinala uma transforma\u00e7\u00e3o na experi\u00eancia de Chiara em 1949: o regresso a Roma, isto \u00e9, \u00e0 vida normal, que se expressa em luz e dinamismo no quotidiano, como fruto de uma renova\u00e7\u00e3o n\u00e3o s\u00f3 da exist\u00eancia pessoal mas da sociedade. Para a autora, olhar para Roma tem o significado de um olhar sobre todas as cidades do mundo.<\/em>  <em>O v\u00eddeo que apresentamos \u00e9 o resultado de um longo e paciente trabalho fotogr\u00e1fico realizado por Javier Garcia, com a voz original de Chiara Lubich retirada da leitura do texto dirigido aos l\u00edderes dos Focolares a 3 de Outubro de 1995.<\/em>  Activar legendas em portugu\u00eas  https:\/\/www.youtube.com\/watch?v=acrJDXY6Lig <\/p>\n<h2><a href=\"https:\/\/www.focolare.org\/wp-content\/uploads\/2023\/02\/Resurrezione-di-Roma_PT.pdf\" target=\"_blank\" rel=\"noopener\">Descarregar o texto original completo<\/a><\/h2>\n","protected":false},"excerpt":{"rendered":"<p>Ressurrei\u00e7\u00e3o de Roma \u00e9 um dos escritos mais conhecidos de Chiara Lubich, fruto de uma sua experi\u00eancia comunicada depois em um artigo publicado na revista \u201cLa Via\u201d em 1949.<\/p>\n","protected":false},"author":34,"featured_media":0,"comment_status":"open","ping_status":"open","sticky":false,"template":"","format":"standard","meta":{"give_campaign_id":0,"_seopress_robots_primary_cat":"","_seopress_titles_title":"","_seopress_titles_desc":"","_seopress_robots_index":"","_et_pb_use_builder":"","_et_pb_old_content":"","_et_gb_content_width":"","footnotes":""},"categories":[129],"tags":[],"class_list":["post-318822","post","type-post","status-publish","format-standard","hentry","category-sem-categoria"],"_links":{"self":[{"href":"https:\/\/www.focolare.org\/pt-pt\/wp-json\/wp\/v2\/posts\/318822","targetHints":{"allow":["GET"]}}],"collection":[{"href":"https:\/\/www.focolare.org\/pt-pt\/wp-json\/wp\/v2\/posts"}],"about":[{"href":"https:\/\/www.focolare.org\/pt-pt\/wp-json\/wp\/v2\/types\/post"}],"author":[{"embeddable":true,"href":"https:\/\/www.focolare.org\/pt-pt\/wp-json\/wp\/v2\/users\/34"}],"replies":[{"embeddable":true,"href":"https:\/\/www.focolare.org\/pt-pt\/wp-json\/wp\/v2\/comments?post=318822"}],"version-history":[{"count":0,"href":"https:\/\/www.focolare.org\/pt-pt\/wp-json\/wp\/v2\/posts\/318822\/revisions"}],"wp:attachment":[{"href":"https:\/\/www.focolare.org\/pt-pt\/wp-json\/wp\/v2\/media?parent=318822"}],"wp:term":[{"taxonomy":"category","embeddable":true,"href":"https:\/\/www.focolare.org\/pt-pt\/wp-json\/wp\/v2\/categories?post=318822"},{"taxonomy":"post_tag","embeddable":true,"href":"https:\/\/www.focolare.org\/pt-pt\/wp-json\/wp\/v2\/tags?post=318822"}],"curies":[{"name":"wp","href":"https:\/\/api.w.org\/{rel}","templated":true}]}}