{"id":318824,"date":"2023-02-07T08:21:39","date_gmt":"2023-02-07T07:21:39","guid":{"rendered":"https:\/\/www.focolare.org\/emergencia-terramoto-na-turquia-e-na-siria\/"},"modified":"2024-06-10T12:33:03","modified_gmt":"2024-06-10T10:33:03","slug":"emergencia-terramoto-na-turquia-e-na-siria","status":"publish","type":"post","link":"https:\/\/www.focolare.org\/pt-pt\/emergencia-terramoto-na-turquia-e-na-siria\/","title":{"rendered":"Emerg\u00eancia terramoto na Turquia e na S\u00edria"},"content":{"rendered":"<p><em>As contribui\u00e7\u00f5es, feita por interm\u00e9dio das ONLUS <\/em><em>A\u00e7\u00e3o por um Mundo Unido (AMU) e A\u00e7\u00e3o por Fam\u00edlias Novas (AFN), servir\u00e3o para enviar aux\u00edlios de primeira necessidade <\/em><em>\u00a0\u00a0\u00e0s popula\u00e7\u00f5es da Turquia e da S\u00edria atingidas pelo forte terramoto de 6 de Fevereiro de 2023, em colabora\u00e7\u00e3o com as Igrejas locais.<\/em><\/p>\n<p>A <strong>Coordena\u00e7\u00e3o de Emerg\u00eancias do Movimento dos Focolares<\/strong> deu in\u00edcio a uma arrecada\u00e7\u00e3o extraordin\u00e1ria em apoio ao povo da Turquia e da S\u00edria, por meio das ONLUS A\u00e7\u00e3o por um Mundo Unido (AMU) e A\u00e7\u00e3o por Fam\u00edlias Novas (AFN). As contribui\u00e7\u00f5es ser\u00e3o administradas em conjunto por AMU e AFN, para enviar aux\u00edlios de primeira necessidade para a alimenta\u00e7\u00e3o, cuidados m\u00e9dicos, para a casa, o aquecimento e a acolhida \u00e0s pessoas afectadas pelo terramoto de 6 de Fevereiro de 2023 em v\u00e1rias cidades dos dois pa\u00edses, inclusive em coopera\u00e7\u00e3o com as Igrejas locais. As doa\u00e7\u00f5es podem ser feitas online, nos sites: AMU:<a href=\"https:\/\/www.amu-it.eu\/sostienici\/emergenza-terremoto-siria-e-turchia\/\" target=\"_blank\" rel=\"noopener\"><strong>\u00a0www.amu-it.eu\/dona-online-3\/<\/strong><\/a> AFN:\u00a0<a href=\"https:\/\/afnonlus.org\/project\/emergenza-terremoto-turchia-e-siria\/\" target=\"_blank\" rel=\"noopener\"><strong>www.afnonlus.org\/dona\/<\/strong><\/a><\/p>\n<p>Ou por meio de transfer\u00eancia banc\u00e1ria nas seguintes contas-correntes:<\/p>\n<p>Azione per un Mondo Unito ONLUS (AMU) IBAN: IT 58 S 05018 03200 000011204344 junto \u00e0 Banca Popolare Etica C\u00f3digo SWIFT\/BIC: ETICIT22XXX<\/p>\n<p>Azione per Famiglie Nuove ONLUS (AFN) IBAN: IT 92 J 05018 03200 000016978561 junto \u00e0 Banca Popolare Etica C\u00f3digo \u00a0SWIFT\/BIC: ETICIT22XXX<\/p>\n<p><strong>Finalidade: Emerg\u00eancia terramoto do M\u00e9dio Oriente<\/strong><\/p>\n<p>Para essas doa\u00e7\u00f5es s\u00e3o previstos benef\u00edcios fiscais em muitos pa\u00edses da Uni\u00e3o Europeia e em outros pa\u00edses do mundo, segundo as normas locais. Os contribuintes italianos poder\u00e3o obter dedu\u00e7\u00e3o e detra\u00e7\u00e3o de renda, segundo as normas previstas pelas ONLUS.<\/p>\n","protected":false},"excerpt":{"rendered":"<p>As contribui\u00e7\u00f5es, feita por interm\u00e9dio das ONLUS A\u00e7\u00e3o por um Mundo Unido (AMU) e A\u00e7\u00e3o por Fam\u00edlias Novas (AFN), servir\u00e3o para enviar aux\u00edlios de primeira necessidade \u00a0\u00a0\u00e0s popula\u00e7\u00f5es da Turquia e da S\u00edria atingidas pelo forte terramoto de 6 de Fevereiro de 2023, em colabora\u00e7\u00e3o com as Igrejas locais.<\/p>\n","protected":false},"author":34,"featured_media":355616,"comment_status":"open","ping_status":"open","sticky":false,"template":"","format":"standard","meta":{"give_campaign_id":0,"_seopress_robots_primary_cat":"","_seopress_titles_title":"","_seopress_titles_desc":"","_seopress_robots_index":"","_et_pb_use_builder":"","_et_pb_old_content":"","_et_gb_content_width":"","footnotes":""},"categories":[2957,129,3176],"tags":[912,3198],"class_list":["post-318824","post","type-post","status-publish","format-standard","has-post-thumbnail","hentry","category-centro-internazionale-3","category-sem-categoria","category-social","tag-notifiche","tag-ppg-pt-pt"],"_links":{"self":[{"href":"https:\/\/www.focolare.org\/pt-pt\/wp-json\/wp\/v2\/posts\/318824","targetHints":{"allow":["GET"]}}],"collection":[{"href":"https:\/\/www.focolare.org\/pt-pt\/wp-json\/wp\/v2\/posts"}],"about":[{"href":"https:\/\/www.focolare.org\/pt-pt\/wp-json\/wp\/v2\/types\/post"}],"author":[{"embeddable":true,"href":"https:\/\/www.focolare.org\/pt-pt\/wp-json\/wp\/v2\/users\/34"}],"replies":[{"embeddable":true,"href":"https:\/\/www.focolare.org\/pt-pt\/wp-json\/wp\/v2\/comments?post=318824"}],"version-history":[{"count":0,"href":"https:\/\/www.focolare.org\/pt-pt\/wp-json\/wp\/v2\/posts\/318824\/revisions"}],"wp:featuredmedia":[{"embeddable":true,"href":"https:\/\/www.focolare.org\/pt-pt\/wp-json\/wp\/v2\/media\/355616"}],"wp:attachment":[{"href":"https:\/\/www.focolare.org\/pt-pt\/wp-json\/wp\/v2\/media?parent=318824"}],"wp:term":[{"taxonomy":"category","embeddable":true,"href":"https:\/\/www.focolare.org\/pt-pt\/wp-json\/wp\/v2\/categories?post=318824"},{"taxonomy":"post_tag","embeddable":true,"href":"https:\/\/www.focolare.org\/pt-pt\/wp-json\/wp\/v2\/tags?post=318824"}],"curies":[{"name":"wp","href":"https:\/\/api.w.org\/{rel}","templated":true}]}}