{"id":318858,"date":"2023-03-15T08:00:58","date_gmt":"2023-03-15T07:00:58","guid":{"rendered":"https:\/\/www.focolare.org\/terremoto-no-oriente-medio-acao-e-assistencia-as-populacoes-atingidas\/"},"modified":"2024-05-15T21:14:34","modified_gmt":"2024-05-15T19:14:34","slug":"terremoto-no-oriente-medio-acao-e-assistencia-as-populacoes-atingidas","status":"publish","type":"post","link":"https:\/\/www.focolare.org\/pt-pt\/terremoto-no-oriente-medio-acao-e-assistencia-as-populacoes-atingidas\/","title":{"rendered":"Terremoto no Oriente M\u00e9dio: a\u00e7\u00e3o e assist\u00eancia \u00e0s popula\u00e7\u00f5es atingidas."},"content":{"rendered":"<p><em>Um m\u00eas ap\u00f3s os fortes terremotos que atingiram a Turquia e a S\u00edria, um breve relat\u00f3rio sobre as contribui\u00e7\u00f5es arrecadadas pela Coordena\u00e7\u00e3o de Emerg\u00eancia do Movimento dos Focolares e uma vis\u00e3o desta primeira fase das a\u00e7\u00f5es que iniciaram na S\u00edria, em fevereiro, e terminar\u00e3o em agosto.<\/em>  No dia 7 de fevereiro de 2023, a <strong>Coordena\u00e7\u00e3o Emerg\u00eancias do Movimento dos Focolares<\/strong> lan\u00e7ou uma campanha extraordin\u00e1ria para arrecada\u00e7\u00e3o de fundos em apoio ao povo da Turquia e da S\u00edria, por meio das ONGs A\u00e7\u00e3o por um Mundo Unido (AMU) e A\u00e7\u00e3o Fam\u00edlias Novas (AFN).  Atualmente, as contribui\u00e7\u00f5es coletadas totalizam cerca de \u20ac370.000 e uma primeira parcela de \u20ac100.000 j\u00e1 foi enviada para algumas das \u00e1reas da S\u00edria atingidas pelo terremoto.  As a\u00e7\u00f5es ir\u00e3o auxiliar, especialmente, cerca de 2.500 pessoas e indiretamente alcan\u00e7ar\u00e1 entre 5.000 e 10.000 pessoas nas tr\u00eas \u00e1reas atingidas pelo terremoto de Aleppo, Latakia e Hama.  Eis alguns exemplos dessas a\u00e7\u00f5es que dever\u00e3o continuar e que se referem a diferentes \u00e2mbitos de assist\u00eancia:  <strong>ASSIST\u00caNCIA PARA AS NECESSIDADES B\u00c1SICAS <\/strong> <\/p>\n<p style=\"padding-left: 40px;\">\u00a0\u2013\u00a0Fornecimento de bens de primeira necessidade \u2013 <strong>alimento, cobertores, medicamentos, vestu\u00e1rio<\/strong> etc. &#8211; \u00e0s pessoas desabrigadas, alojadas em abrigos improvisados (igrejas, mesquitas etc.).<\/p>\n<p style=\"padding-left: 40px;\">\u2013 <strong>Contribui\u00e7\u00e3o econ\u00f4mica<\/strong> para as fam\u00edlias mais necessitadas; disponibiliza\u00e7\u00e3o de servi\u00e7os m\u00e9dicos e de aux\u00edlio \u00e0 locomo\u00e7\u00e3o p\u00f3s-hospitalar, <strong>medicamentos<\/strong>, sess\u00f5es de tratamento f\u00edsico e psicol\u00f3gico para as pessoas afetadas f\u00edsica e psicologicamente.<\/p>\n<p style=\"padding-left: 40px;\">\u00a0\u2013\u00a0Distribui\u00e7\u00e3o de <strong>caixas de alimentos<\/strong> \u00e0s fam\u00edlias em situa\u00e7\u00e3o de precariedade alimentar (em parceria com outras organiza\u00e7\u00f5es).<\/p>\n<p style=\"padding-left: 40px;\">\u00a0\u2013 Apoio econ\u00f4mico a <strong>pequenos artes\u00e3os<\/strong> para a aquisi\u00e7\u00e3o ou reparo de equipamentos e ferramentas perdidas e para a reabertura de suas atividades.<\/p>\n<p> <strong>REESTRUTURA\u00c7\u00c3O DE CASAS DANIFICADAS PELO TERREMOTO<\/strong> <\/p>\n<p style=\"padding-left: 40px;\"><strong>\u2013 <\/strong>Cobertura dos custos de inspe\u00e7\u00f5es e exames de avalia\u00e7\u00e3o t\u00e9cnica sobre a <strong>estabilidade dos edif\u00edcios<\/strong> por comiss\u00f5es t\u00e9cnicas de engenheiros.<\/p>\n<p style=\"padding-left: 40px;\">\u2013 Apoio financeiro \u00e0s fam\u00edlias para o trabalho de <strong>refor\u00e7o dos alicerces <\/strong>das edifica\u00e7\u00f5es e para a reestrutura\u00e7\u00e3o das casas danificadas.<\/p>\n<p style=\"padding-left: 40px;\">\u2013 Cobertura dos custos para a aquisi\u00e7\u00e3o de <strong>ferramentas de trabalho para artes\u00e3os<\/strong> (ferreiros, encanadores, carpinteiros, eletricistas) para que eles possam recome\u00e7ar o trabalho nas casas danificadas.<\/p>\n<p style=\"padding-left: 40px;\">\u2013 Apoio financeiro para o pagamento dos <strong>custos de alu<\/strong>guel para aqueles que perderam a casa ou precisam de uma resid\u00eancia tempor\u00e1ria devido \u00e0 inadequa\u00e7\u00e3o de suas casas.<\/p>\n<p> <strong>\u00a0APOIO PSICOL\u00d3GICO AP\u00d3S O TERREMOTO\u00a0\u00a0 <\/strong> <\/p>\n<p style=\"padding-left: 40px;\"><strong>\u2013 <\/strong>Cobertura dos custos de assist\u00eancia domiciliar para <strong>pessoas idosas<\/strong> que vivem sozinhas ou deixadas sozinhas.<\/p>\n<p style=\"padding-left: 40px;\">\u2013 Implementa\u00e7\u00e3o de atividades e iniciativas coletivas de <strong>apoio psicol\u00f3gico em grupo<\/strong>, particularmente em centros de atendimento tempor\u00e1rio.<\/p>\n<p style=\"padding-left: 40px;\">\u2013 Implementa\u00e7\u00e3o de <strong>oficinas de capacita\u00e7\u00e3o em apoio psicol\u00f3gico<\/strong> para fornecer ferramentas e metodologias aos agentes e volunt\u00e1rios atuantes na \u00e1rea de assist\u00eancia.<\/p>\n<p style=\"text-align: right;\"><em>\u00a0Reda\u00e7\u00e3o de Maria Grazia Berretta<\/em><\/p>\n<p> <strong>Ver Extracto de Collegamento &#8211; 11 de Mar\u00e7o de 2023<\/strong>  https:\/\/youtu.be\/hBwni1b5y1Y<\/p>\n","protected":false},"excerpt":{"rendered":"<p>Um m\u00eas ap\u00f3s os fortes terremotos que atingiram a Turquia e a S\u00edria, um breve relat\u00f3rio sobre as contribui\u00e7\u00f5es arrecadadas pela Coordena\u00e7\u00e3o de Emerg\u00eancia do Movimento dos Focolares e uma vis\u00e3o desta primeira fase das a\u00e7\u00f5es que iniciaram na S\u00edria, em fevereiro, e terminar\u00e3o em agosto.<\/p>\n","protected":false},"author":34,"featured_media":0,"comment_status":"open","ping_status":"open","sticky":false,"template":"","format":"standard","meta":{"give_campaign_id":0,"_seopress_robots_primary_cat":"","_seopress_titles_title":"","_seopress_titles_desc":"","_seopress_robots_index":"","_et_pb_use_builder":"","_et_pb_old_content":"","_et_gb_content_width":"","footnotes":""},"categories":[129],"tags":[],"class_list":["post-318858","post","type-post","status-publish","format-standard","hentry","category-sem-categoria"],"_links":{"self":[{"href":"https:\/\/www.focolare.org\/pt-pt\/wp-json\/wp\/v2\/posts\/318858","targetHints":{"allow":["GET"]}}],"collection":[{"href":"https:\/\/www.focolare.org\/pt-pt\/wp-json\/wp\/v2\/posts"}],"about":[{"href":"https:\/\/www.focolare.org\/pt-pt\/wp-json\/wp\/v2\/types\/post"}],"author":[{"embeddable":true,"href":"https:\/\/www.focolare.org\/pt-pt\/wp-json\/wp\/v2\/users\/34"}],"replies":[{"embeddable":true,"href":"https:\/\/www.focolare.org\/pt-pt\/wp-json\/wp\/v2\/comments?post=318858"}],"version-history":[{"count":0,"href":"https:\/\/www.focolare.org\/pt-pt\/wp-json\/wp\/v2\/posts\/318858\/revisions"}],"wp:attachment":[{"href":"https:\/\/www.focolare.org\/pt-pt\/wp-json\/wp\/v2\/media?parent=318858"}],"wp:term":[{"taxonomy":"category","embeddable":true,"href":"https:\/\/www.focolare.org\/pt-pt\/wp-json\/wp\/v2\/categories?post=318858"},{"taxonomy":"post_tag","embeddable":true,"href":"https:\/\/www.focolare.org\/pt-pt\/wp-json\/wp\/v2\/tags?post=318858"}],"curies":[{"name":"wp","href":"https:\/\/api.w.org\/{rel}","templated":true}]}}