{"id":318880,"date":"2023-04-15T01:00:55","date_gmt":"2023-04-14T23:00:55","guid":{"rendered":"https:\/\/www.focolare.org\/evangelho-vivo-pensai-nas-coisas-do-alto-nao-nas-que-sao-da-terra-cl-32\/"},"modified":"2024-05-15T21:14:38","modified_gmt":"2024-05-15T19:14:38","slug":"evangelho-vivo-pensai-nas-coisas-do-alto-nao-nas-que-sao-da-terra-cl-32","status":"publish","type":"post","link":"https:\/\/www.focolare.org\/pt-pt\/evangelho-vivo-pensai-nas-coisas-do-alto-nao-nas-que-sao-da-terra-cl-32\/","title":{"rendered":"Evangelho Vivo: &#8220;Pensai nas coisas do alto, n\u00e3o nas que s\u00e3o da terra&#8221; (Cl 3:2)"},"content":{"rendered":"<p><em>Para o crist\u00e3o, a Ressurrei\u00e7\u00e3o \u00e9 um fato concreto, algo que acontece, um encontro que muda toda perspectiva humana; \u00e9 o acontecimento que nos lembra que a nossa cidadania est\u00e1 no c\u00e9u e \u00e9 para l\u00e1 que a nossa vida deve apontar, para o alto, testemunhando onde estamos aqueles valores que Jesus trouxe \u00e0 terra.<\/em>  <strong>O outro como algu\u00e9m para amar<\/strong> Estudo medicina e frequento o quarto ano. No ambiente hospitalar, quase sempre o paciente \u00e9 utilizado como objeto de estudo. Cada um \u00e9 um \u201ccaso\u201d, representa uma doen\u00e7a. Normalmente, durante as aulas pr\u00e1ticas, cada paciente \u00e9 examinado por trinta alunos. Quanto a mim, logo percebi que para o paciente tal regra pode ser inc\u00f4moda e muitas vezes dolorosa, ent\u00e3o quando chegava a minha vez de participar da aula respondia: &#8220;N\u00e3o, n\u00e3o vou, o paciente j\u00e1 sofreu bastante. Eu n\u00e3o gostaria de ser tratado assim. Quando o pr\u00f3ximo paciente chegar, serei o primeiro a examin\u00e1-lo.&#8221; Meus colegas rebatiam que assim eu nunca aprenderia e nunca me tornaria uma boa m\u00e9dica, mas depois, sem que eu soubesse, eles pr\u00f3prios propuseram ao professor titular que cada paciente fosse examinado por no m\u00e1ximo cinco alunos. A turma toda quis assinar o pedido e o professor concordou. A conclus\u00e3o \u00e9 que com este m\u00e9todo aprende-se melhor e os doentes sentem-se respeitados. (Rainha \u2013 Brasil)  <strong>Abrir uma janela<\/strong> \u00c0s vezes, uma queda com fratura no ombro muda de repente a vida da gente: f\u00e9rias, cuidar dos netos, fazer compras&#8230; Tudo agora recai sobre minha esposa que tamb\u00e9m parou de usar o carro desde que se aposentou. Um dia, a neta, com quem muitas vezes jogamos um jogo que consiste em procurar o positivo no negativo, pergunta-me onde est\u00e1 o positivo nesta imobilidade indesejada. Respondo que minha nova condi\u00e7\u00e3o est\u00e1 me fazendo descobrir que fazia muitas coisas arrastado como um peda\u00e7o de madeira no rio. Sempre existe uma outra possibilidade al\u00e9m da programada, como uma nova janela que se abre no seu quarto e te mostra uma paisagem que voc\u00ea n\u00e3o via antes. A neta fica em sil\u00eancio, pensativa. Ent\u00e3o, como que despertada por uma descoberta, ela retoma: \u201cVov\u00f4, eu tenho uma colega de classe mal-humorada. Al\u00e9m de xingar, ela est\u00e1 sempre com raiva de todos. Todos evitamos falar com ela e criou-se uma esp\u00e9cie de muro que a isola. Talvez eu tamb\u00e9m tenha que abrir uma janela para ela\u201d. Eu n\u00e3o poderia ouvir palavras mais bonitas do que aquelas. (H.N. \u2013 Eslov\u00e1quia) <\/p>\n<p style=\"text-align: right;\"><em>Por Maria Grazia Berretta<\/em><\/p>\n<p> <em>(extra\u00eddo do \u201cIl Vangelo del Giorno\u201d, Citt\u00e0 Nuova, ano IX \u2013 n\u00ba 1- mar\u00e7o-abril de 2023)<\/em><\/p>\n","protected":false},"excerpt":{"rendered":"<p>Para o crist\u00e3o, a Ressurrei\u00e7\u00e3o \u00e9 um fato concreto, algo que acontece, um encontro que muda toda perspectiva humana; \u00e9 o acontecimento que nos lembra que a nossa cidadania est\u00e1 no c\u00e9u e \u00e9 para l\u00e1 que a nossa vida deve apontar, para o alto, testemunhando onde estamos aqueles valores que Jesus trouxe \u00e0 terra.<\/p>\n","protected":false},"author":33,"featured_media":0,"comment_status":"open","ping_status":"open","sticky":false,"template":"","format":"standard","meta":{"give_campaign_id":0,"_seopress_robots_primary_cat":"","_seopress_titles_title":"","_seopress_titles_desc":"","_seopress_robots_index":"","_et_pb_use_builder":"","_et_pb_old_content":"","_et_gb_content_width":"","footnotes":""},"categories":[3160,129,2913,3310],"tags":[3198],"class_list":["post-318880","post","type-post","status-publish","format-standard","hentry","category-palavra-de-vida-pt-pt","category-sem-categoria","category-spiritualita-3","category-vite-vissute-pt-pt","tag-ppg-pt-pt"],"_links":{"self":[{"href":"https:\/\/www.focolare.org\/pt-pt\/wp-json\/wp\/v2\/posts\/318880","targetHints":{"allow":["GET"]}}],"collection":[{"href":"https:\/\/www.focolare.org\/pt-pt\/wp-json\/wp\/v2\/posts"}],"about":[{"href":"https:\/\/www.focolare.org\/pt-pt\/wp-json\/wp\/v2\/types\/post"}],"author":[{"embeddable":true,"href":"https:\/\/www.focolare.org\/pt-pt\/wp-json\/wp\/v2\/users\/33"}],"replies":[{"embeddable":true,"href":"https:\/\/www.focolare.org\/pt-pt\/wp-json\/wp\/v2\/comments?post=318880"}],"version-history":[{"count":0,"href":"https:\/\/www.focolare.org\/pt-pt\/wp-json\/wp\/v2\/posts\/318880\/revisions"}],"wp:attachment":[{"href":"https:\/\/www.focolare.org\/pt-pt\/wp-json\/wp\/v2\/media?parent=318880"}],"wp:term":[{"taxonomy":"category","embeddable":true,"href":"https:\/\/www.focolare.org\/pt-pt\/wp-json\/wp\/v2\/categories?post=318880"},{"taxonomy":"post_tag","embeddable":true,"href":"https:\/\/www.focolare.org\/pt-pt\/wp-json\/wp\/v2\/tags?post=318880"}],"curies":[{"name":"wp","href":"https:\/\/api.w.org\/{rel}","templated":true}]}}