{"id":318884,"date":"2023-04-17T01:00:12","date_gmt":"2023-04-16T23:00:12","guid":{"rendered":"https:\/\/www.focolare.org\/dialop-dialogo-entre-cristaos-e-a-esquerda-europeia-em-busca-de-mudancas-reais\/"},"modified":"2024-05-15T21:14:38","modified_gmt":"2024-05-15T19:14:38","slug":"dialop-dialogo-entre-cristaos-e-a-esquerda-europeia-em-busca-de-mudancas-reais","status":"publish","type":"post","link":"https:\/\/www.focolare.org\/pt-pt\/dialop-dialogo-entre-cristaos-e-a-esquerda-europeia-em-busca-de-mudancas-reais\/","title":{"rendered":"DIALOP: di\u00e1logo entre crist\u00e3os e a esquerda europeia em busca de mudan\u00e7as reais"},"content":{"rendered":"<p><em>H\u00e1 quase dez anos, foi lan\u00e7ado um projeto de di\u00e1logo entre socialistas\/marxistas europeus e crist\u00e3os que leva o nome de DIALOP. Conhecemos alguns dos protagonistas deste di\u00e1logo, dias atr\u00e1s, durante uma visita ao Centro Internacional dos Focolares em Rocca di Papa (It\u00e1lia).<\/em>  \u201cAcho que, com a elei\u00e7\u00e3o do Papa Francisco, a situa\u00e7\u00e3o mudou completamente, substancialmente. N\u00e3o s\u00f3 para a Igreja Cat\u00f3lica, mas tamb\u00e9m para todas as for\u00e7as filos\u00f3ficas e culturais que se op\u00f5em ao neoliberalismo. Porque o que o Papa ensina \u00e9 \u2013 eu diria \u2013 uma forma de uni\u00e3o, que \u00e9 contr\u00e1ria ao consumismo individual. Isso coloca o Papa e os setores da Igreja que o seguem em uma posi\u00e7\u00e3o pr\u00f3xima \u00e0 posi\u00e7\u00e3o da esquerda, que busca enfatizar valores coletivos comuns\u201d. <img alt=\"\" alt=\"\" loading=\"lazy\" decoding=\"async\" class=\"alignleft wp-image-255461\" src=\"https:\/\/www.focolare.org\/wp-content\/uploads\/2023\/04\/DIALOP-Walter-366x340.png\" alt=\"\" width=\"339\" height=\"315\" \/>Assim se expressa Walter Baier, um dos expoentes do DIALOP, projeto de di\u00e1logo entre socialistas\/marxistas e crist\u00e3os, que envolve intelectuais, acad\u00eamicos, pol\u00edticos, ativistas e estudantes de v\u00e1rios pa\u00edses europeus. \u201cAcreditamos que o di\u00e1logo \u00e9 a melhor maneira de trazer mudan\u00e7as reais e trabalhamos para transformar o mundo num lugar melhor para se viver\u201d, afirma.  A experi\u00eancia do DIALOP come\u00e7ou durante a audi\u00eancia privada que o Papa Francisco concedeu a dois pol\u00edticos de esquerda: Alexis Tsipras, da Gr\u00e9cia, e Walter Baier, da \u00c1ustria, juntamente com Franz Kronreif do Movimento dos Focolares, em 18 de setembro de 2014. Naquela ocasi\u00e3o, a conversa centrou-se na crise ambiental e a crise social global. Ao final da audi\u00eancia, o Papa Francisco convidou-os a iniciarem um di\u00e1logo transversal, capaz de envolver os setores mais amplos da sociedade e, sobretudo, os jovens.  \u201cH\u00e1 tr\u00eas meses, represento o partido da Esquerda Europeia \u2013 diz Baier. Sou um iniciante. O Partido da Esquerda Europeia agora \u00e9 composto por 35 partidos de 27 pa\u00edses europeus. Os pa\u00edses pertencem \u00e0 Uni\u00e3o Europeia e eu diria que nossa compreens\u00e3o da Europa realmente precisa ser muito mais ampla do que apenas olhar para a parte privilegiada da Europa. Levamos a s\u00e9rio o pan-europe\u00edsmo, que precisamos entender, ou seja, a Europa n\u00e3o est\u00e1 apenas diferente, mas tamb\u00e9m est\u00e1 dilacerada por profundas divis\u00f5es sociais e econ\u00f4micas. E uma das reivindica\u00e7\u00f5es fundamentais da Esquerda deveria ser fazer isso acontecer. Alcan\u00e7ar um padr\u00e3o de vida decente em todas as partes da Europa para a nossa fam\u00edlia. Algo que tamb\u00e9m aprendemos no di\u00e1logo com nossos amigos crist\u00e3os \u00e9 o consentimento diferenciado e a discord\u00e2ncia qualificada, que s\u00e3o realmente um m\u00e9todo muito, muito \u00fatil\u201d.  <img alt=\"\" alt=\"\" loading=\"lazy\" decoding=\"async\" class=\"alignright wp-image-255462\" src=\"https:\/\/www.focolare.org\/wp-content\/uploads\/2023\/04\/DIALOP-Cornelia-347x340.png\" alt=\"\" width=\"326\" height=\"319\" \/>Cornelia Hildebrandt pertencente \u00e0 <a href=\"https:\/\/www.transform-network.net\/\"><em>Trasform! Europe<\/em><\/a> n\u00e3o tem d\u00favidas diante das guerras que est\u00e3o acontencendo: \u201cA afirma\u00e7\u00e3o do Papa Francisco de que toda guerra \u00e9 um fracasso da pol\u00edtica \u00e9 compartilhada por n\u00f3s da Esquerda. Nestes tempos cheios de conflitos, pensamos que o di\u00e1logo n\u00e3o seja apenas uma necessidade urgente, mas um imperativo categ\u00f3rico. \u00c9 preciso dedicar todas as nossas energias para impor uma paz sustent\u00e1vel contra a destrui\u00e7\u00e3o do meio ambiente, as condi\u00e7\u00f5es de vida das pessoas contra a barb\u00e1rie\u201d.  Di\u00e1logo significa acolher o outro na pr\u00f3pria casa. \u00c9 tornar-se um convidado do convidado. N\u00e3o \u00e9 apenas uma ferramenta, mas um encontro constante, um caminho de viv\u00eancia intelectual e espiritual compartilhada, em que a peculiaridade dos respectivos parceiros n\u00e3o desaparece, mas se revela e se desenvolve com mais clareza. Com esses encontros, os opostos se complementam. E \u00e9 o pr\u00f3prio Hilodebrandt quem explica o conceito de consentimento diferenciado e dissenso qualificado: \u201cAdotamos e adaptamos um m\u00e9todo que \u00e9 usado no ecumenismo entre as Igrejas crist\u00e3s. As reivindica\u00e7\u00f5es b\u00e1sicas formuladas inconsistentemente da sociedade humana e do mundo devem formar uma base s\u00f3lida. Para que os parceiros possam falar e agir juntos, as declara\u00e7\u00f5es b\u00e1sicas conjuntas devem referir-se explicitamente a textos originais para serem compat\u00edveis com as respectivas tradi\u00e7\u00f5es da Igreja Cat\u00f3lica e da esquerda da Transform! Europa e mais al\u00e9m. E ent\u00e3o trata-se de formular perguntas com precis\u00e3o. E a partir daqui pode-se come\u00e7ar a busca de afirma\u00e7\u00f5es claras e comuns, que reflitam a pr\u00f3pria tradi\u00e7\u00e3o e se enrique\u00e7am\u201d.  <img alt=\"\" alt=\"\" loading=\"lazy\" decoding=\"async\" class=\"alignleft wp-image-255463\" src=\"https:\/\/www.focolare.org\/wp-content\/uploads\/2023\/04\/DIALOP-Angelina-330x340.png\" alt=\"\" width=\"290\" height=\"299\" \/>Angelina Giannopoulou \u00e9 uma jovem grega da Tranform! Europa que, com veem\u00eancia decisiva, conta a sua experi\u00eancia no Dialop e sublinha a import\u00e2ncia da presen\u00e7a dos jovens, para o presente e para o futuro desta realidade. Destaca ainda o <a href=\"https:\/\/www.focolare.org\/pt\/2023\/02\/15\/projeto-dialogue-praticando-a-arte-do-dialogoitaliano-progetto-dialogue-praticare-larte-del-dialogo\/\" target=\"_blank\" rel=\"noopener\">\u201cProgetto DialogUE\u201d<\/a> (Projeto Di\u00e1logo, n.d.t.) em colabora\u00e7\u00e3o com a Comunidade Europeia e um cons\u00f3rcio de 14 organiza\u00e7\u00f5es da sociedade civil, que ter\u00e1 um espa\u00e7o importante na Jornada Mundial da Juventude em Lisboa (Portugal) num dia dedicado \u00e0 comunica\u00e7\u00e3o que contar\u00e1 com a participa\u00e7\u00e3o de pol\u00edticos, especialistas e jovens. Outros simp\u00f3sios sobre ecologia e pol\u00edticas sociais seguir\u00e3o em outros momentos.  \u201cN\u00e3o podemos nos adaptar \u00e0 situa\u00e7\u00e3o em que nos encontramos hoje na Europa e no mundo, acho que essa \u00e9 a voca\u00e7\u00e3o mais forte do Dialop\u201d, conclui Walter Baier. <\/p>\n<p style=\"text-align: right;\"><em>Carlos Mana<\/em><\/p>\n<p> Para maiores informa\u00e7\u00f5es sobre o \u201cDIALOP Position Paper\u201d visite o site do Dialop (<a href=\"https:\/\/dialop.eu\/\">https:\/\/dialop.eu\/<\/a>).<\/p>\n","protected":false},"excerpt":{"rendered":"<p>H\u00e1 quase dez anos, foi lan\u00e7ado um projeto de di\u00e1logo entre socialistas\/marxistas europeus e crist\u00e3os que leva o nome de DIALOP. Conhecemos alguns dos protagonistas deste di\u00e1logo, dias atr\u00e1s, durante uma visita ao Centro Internacional dos Focolares em Rocca di Papa (It\u00e1lia).<\/p>\n","protected":false},"author":34,"featured_media":0,"comment_status":"open","ping_status":"open","sticky":false,"template":"","format":"standard","meta":{"give_campaign_id":0,"_seopress_robots_primary_cat":"","_seopress_titles_title":"","_seopress_titles_desc":"","_seopress_robots_index":"","_et_pb_use_builder":"","_et_pb_old_content":"","_et_gb_content_width":"","footnotes":""},"categories":[129],"tags":[],"class_list":["post-318884","post","type-post","status-publish","format-standard","hentry","category-sem-categoria"],"_links":{"self":[{"href":"https:\/\/www.focolare.org\/pt-pt\/wp-json\/wp\/v2\/posts\/318884","targetHints":{"allow":["GET"]}}],"collection":[{"href":"https:\/\/www.focolare.org\/pt-pt\/wp-json\/wp\/v2\/posts"}],"about":[{"href":"https:\/\/www.focolare.org\/pt-pt\/wp-json\/wp\/v2\/types\/post"}],"author":[{"embeddable":true,"href":"https:\/\/www.focolare.org\/pt-pt\/wp-json\/wp\/v2\/users\/34"}],"replies":[{"embeddable":true,"href":"https:\/\/www.focolare.org\/pt-pt\/wp-json\/wp\/v2\/comments?post=318884"}],"version-history":[{"count":0,"href":"https:\/\/www.focolare.org\/pt-pt\/wp-json\/wp\/v2\/posts\/318884\/revisions"}],"wp:attachment":[{"href":"https:\/\/www.focolare.org\/pt-pt\/wp-json\/wp\/v2\/media?parent=318884"}],"wp:term":[{"taxonomy":"category","embeddable":true,"href":"https:\/\/www.focolare.org\/pt-pt\/wp-json\/wp\/v2\/categories?post=318884"},{"taxonomy":"post_tag","embeddable":true,"href":"https:\/\/www.focolare.org\/pt-pt\/wp-json\/wp\/v2\/tags?post=318884"}],"curies":[{"name":"wp","href":"https:\/\/api.w.org\/{rel}","templated":true}]}}