{"id":318900,"date":"2023-05-12T05:00:21","date_gmt":"2023-05-12T03:00:21","guid":{"rendered":"https:\/\/www.focolare.org\/os-focolares-no-pacifico-uma-unica-familia\/"},"modified":"2024-05-15T21:14:42","modified_gmt":"2024-05-15T19:14:42","slug":"os-focolares-no-pacifico-uma-unica-familia","status":"publish","type":"post","link":"https:\/\/www.focolare.org\/pt-pt\/os-focolares-no-pacifico-uma-unica-familia\/","title":{"rendered":"Os Focolares no Pac\u00edfico, uma \u00fanica fam\u00edlia"},"content":{"rendered":"<p style=\"font-weight: 400;\"><em><span lang=\"PT-BR\">A terceira etapa da viagem \u00e0 \u00c1sia e Oceania de Margaret Karram e Jes\u00fas Mor\u00e1n, Presidente e Copresidente do Movimento dos Focolares foram as Ilhas Fiji. Nessa regi\u00e3o do Pac\u00edfico, a espiritualidade da unidade se difundiu desde o final dos anos 60.<\/span><\/em><\/p>\n<p style=\"font-weight: 400;\">Embora tenham chegado \u00e0s Ilhas Fiji no dia 3 de maio 2023, devemos dizer que a viagem de Margaret Karram e Jes\u00fas Mor\u00e1n \u00e0 Oceania come\u00e7ou oficialmente apenas dois dias depois, com a cerim\u00f4nia \u201c<em>Sevusevu<\/em>\u201d, com mais de 200 pessoas, incluindo os representantes da Igreja local. Isso admitiu a entrada deles e da delega\u00e7\u00e3o do Centro que os acompanha na comunidade eclesial e social fijiana.<\/p>\n<p style=\"font-weight: 400;\"><strong><em>Sevusevu<\/em><\/strong><strong>: o dom do acolhimento<\/strong><\/p>\n<p> <img loading=\"lazy\" decoding=\"async\" class=\"wp-image-256310 alignright\" src=\"https:\/\/www.focolare.org\/wp-content\/uploads\/2023\/05\/sevusevu_4-453x340.jpeg\" alt=\"Isole Fiji_cerimonia del \u201cSevusevu\u201d\" width=\"350\" height=\"263\" \/> <\/p>\n<p style=\"font-weight: 400;\">Com a cerim\u00f4nia \u201c<em>Sevusevu<\/em>\u201d \u2013 que significa \u201cdom\u201d \u2013, quem chega ao arquip\u00e9lago \u00e9 acolhido e a partir desse momento j\u00e1 n\u00e3o \u00e9 visitante, mas parte da comunidade e membro, com todos os direitos e privil\u00e9gios de caminhar em solo fijiano. A Presidente e o Copresidente do Movimento dos Focolares receberam guirlandas preciosas e a raiz de Kava, um derivado da planta de pimenta, com um significado ancestral. Os dois \u201ccandidatos\u201d foram apresentados \u00e0 comunidade pelos \u201carautos\u201d, que falaram em seu nome. Em seguida, tomaram a bebida feita de Kava num \u00fanico gole e receberam a \u201cTabua\u201d, um dente de baleia com um significado sagrado: \u00e9 o objeto mais precioso da cultura fijiana, oferecido a eles como sinal da mais alta estima e honra.<\/p>\n<p style=\"font-weight: 400;\"><strong>As tradi\u00e7\u00f5es no Pac\u00edfico: ra\u00edzes do presente e do futuro dos povos <\/strong><\/p>\n<p style=\"font-weight: 400;\">Compreende-se imediatamente que, no Pac\u00edfico, as tradi\u00e7\u00f5es s\u00e3o elementos vitais e atuais; n\u00e3o est\u00e3o relegadas a um passado que nada tem a ver com o quotidiano das pessoas, mas constituem o fundamento do seu estilo de vida. Respeito, acolhimento, reciprocidade, solidariedade social, um v\u00ednculo muito profundo e antigo com a natureza, s\u00e3o os valores que as tradi\u00e7\u00f5es continuam a transmitir.<\/p>\n<p style=\"font-weight: 400;\">\u201cMargaret Karram, Jes\u00fas Mor\u00e1n e a delega\u00e7\u00e3o do Movimento dos Focolares chegaram em um momento particular da vida das Ilhas Fiji\u201d \u2013 explica Peter Emberson, fijiano, consultor multilateral e analista pol\u00edtico do governo de Fiji e das Na\u00e7\u00f5es Unidas, que cresceu no Movimento desde muito jovem \u2013. \u201cO atual governo \u00e9 mais aberto e democr\u00e1tico, e vejo a visita de Margaret Karram e Jes\u00fas Mor\u00e1n como parte desse processo de renova\u00e7\u00e3o social e pol\u00edtica. H\u00e1 duas perguntas que sempre fazemos a uma delega\u00e7\u00e3o oficial que chega \u00e0s costas de nossas ilhas aqui no Pac\u00edfico: \u2018De onde voc\u00ea \u00e9?\u2019 e \u2018Por que voc\u00ea veio?\u2019. No \u2018<em>Sevusevu\u2019<\/em>, diante do povo, Margaret Karram expressou o seu compromisso e o do Movimento dos Focolares de construir a unidade tamb\u00e9m aqui. \u00c9 uma resposta identit\u00e1ria, que diz muito sobre a contribui\u00e7\u00e3o que o Movimento pode dar ao nosso pa\u00eds. E isso gera confian\u00e7a\u201d.<\/p>\n<p style=\"font-weight: 400;\"><strong>Uma regi\u00e3o ainda muito pouco conhecida<\/strong><\/p>\n<p> <img loading=\"lazy\" decoding=\"async\" class=\"wp-image-256299 alignleft\" src=\"https:\/\/www.focolare.org\/wp-content\/uploads\/2023\/05\/fiore--255x340.jpg\" alt=\"Isole Fiji\" width=\"231\" height=\"308\" \/> <\/p>\n<p style=\"font-weight: 400;\">A Oceania \u00e9 um continente pouco conhecido e, embora territorialmente seja o maior do globo, em termos de massa de terra \u00e9 o menor. Al\u00e9m da Austr\u00e1lia e da Nova Zel\u00e2ndia, inclui a regi\u00e3o do Pac\u00edfico, composta por 26 estados e territ\u00f3rios nacionais. Os principais grupos \u00e9tnicos s\u00e3o os melan\u00e9sios, os micron\u00e9sios e os polin\u00e9sios. No total, a \u00e1rea do Pac\u00edfico tem uma popula\u00e7\u00e3o de 16 milh\u00f5es de pessoas, e nos \u00faltimos 100 anos as Ilhas Fiji (quase um milh\u00e3o de habitantes) se tornaram o cora\u00e7\u00e3o pol\u00edtico e econ\u00f4mico da regi\u00e3o, com um panorama religioso variado. O cristianismo \u00e9 a f\u00e9 mais praticada, seguida pelo hindu\u00edsmo e pelo islamismo. O catolicismo chegou no s\u00e9culo XIX, e hoje os fi\u00e9is s\u00e3o pouco mais de 82 mil.<\/p>\n<p style=\"font-weight: 400;\">O padre Soane Fotutata, secret\u00e1rio da Confer\u00eancia Episcopal do Pac\u00edfico (CEPAC), durante um jantar no focolare, esclareceu os desafios sociais, mas tamb\u00e9m eclesiais desse vasto territ\u00f3rio no qual a Igreja Cat\u00f3lica est\u00e1 presente com 14 dioceses. Ele explicou que a crise ecol\u00f3gica \u00e9 uma amea\u00e7a existencial para as pessoas e comunidades. Manifesta-se no aumento do n\u00edvel do mar, acidifica\u00e7\u00e3o dos oceanos, secas, inunda\u00e7\u00f5es e eventos clim\u00e1ticos extremos, que se tornaram mais frequentes. Depois, existem feridas sociais como a emigra\u00e7\u00e3o econ\u00f4mica e clim\u00e1tica, que est\u00e1 despovoando muitas ilhas; prostitui\u00e7\u00e3o, alcoolismo, pobreza a que tamb\u00e9m a Igreja local tenta responder.<\/p>\n<p style=\"font-weight: 400;\"><strong>2022: a chegada dos focolares em Suva<\/strong><\/p>\n<p style=\"font-weight: 400;\">\u00c9 nesse contexto eclesial que h\u00e1 um ano foram inaugurados os focolares femininos e masculinos em Suva, capital das Ilhas Fiji. A presen\u00e7a deles, de fato, est\u00e1 ligada tamb\u00e9m a um projeto apoiado pela Missio Esc\u00f3cia e Missio Austr\u00e1lia, para colaborar na pastoral diocesana dos jovens crismandos e p\u00f3s-crismandos com um programa que visa a apoiar a transmiss\u00e3o das riquezas culturais entre as gera\u00e7\u00f5es. \u201cQuando chegamos\u201d \u2013 contam Lourdes Rank, do Brasil, e Stephen Hall, da Nova Zel\u00e2ndia \u2013 \u201co Arcebispo nos pediu para estarmos antes de tudo a servi\u00e7o da Igreja e para participarmos de suas atividades e projetos. Atuamos na catequese, com os jovens e estamos envolvidos na vida das nossas par\u00f3quias. Uma abordagem que se revelou muito positiva: agora estamos verdadeiramente inseridos na vida eclesial e come\u00e7amos a construir rela\u00e7\u00f5es com v\u00e1rios sacerdotes, religiosos e leigos\u201d.<\/p>\n<p style=\"font-weight: 400;\">A esse respeito, o vig\u00e1rio geral da arquidiocese de Suva, dom Sulio Turagakacivi, agradeceu o servi\u00e7o que os focolares prestam \u00e0 Igreja local. Agradecendo-lhe, Margaret disse: \u201cPodemos aprender da Igreja aqui como viver o processo sinodal e como manter o frescor do encontro do Evangelho com a cultura e a sociedade locais\u201d.<\/p>\n<p style=\"font-weight: 400;\"><strong>Em Futuna, a primeira semente da Espiritualidade da Unidade<\/strong><\/p>\n<p style=\"font-weight: 400;\">Mas a primeira semente da Espiritualidade da Unidade no Pac\u00edfico foi plantada na ilha de Futuna, no final dos anos 1960, pela Ir. Anna Scarpone, uma mission\u00e1ria marista. O primeiro focolare do Pac\u00edfico foi aberto em Numea (Nova Caled\u00f4nia), de 1992 a 2008, acompanhando o nascimento e o crescimento de uma viva comunidade local. Hoje os focolares das Ilhas Fiji s\u00e3o \u201ccasa\u201d para todas as comunidades do Movimento na regi\u00e3o do Pac\u00edfico, que est\u00e3o presentes \u2013 assim como na Nova Caled\u00f4nia e em Fiji \u2013 em Kiribati, Wallis e Futuna, com algumas pessoas que conhecem a espiritualidade tamb\u00e9m em Papua Nova Guin\u00e9, Samoa e Vanuatu.<\/p>\n<p style=\"font-weight: 400;\"><strong>Juntos pela primeira vez<\/strong><\/p>\n<div id=\"attachment_256286\" style=\"width: 265px\" class=\"wp-caption alignright\"><img loading=\"lazy\" decoding=\"async\" aria-describedby=\"caption-attachment-256286\" class=\"size-medium wp-image-256286\" src=\"https:\/\/www.focolare.org\/wp-content\/uploads\/2023\/05\/comunita-255x340.jpeg\" alt=\"Isole Fiji-Margaret Karram e Jes\u00fas Mor\u00e1n con alcuni membri della comunit\u00e0 dei Focolari\" width=\"255\" height=\"340\" \/><p id=\"caption-attachment-256286\" class=\"wp-caption-text\">Isole Fiji-Margaret Karram e Jes\u00fas Mor\u00e1n con alcuni membri della comunit\u00e0 dei Focolari<\/p><\/div>\n<p style=\"font-weight: 400;\">Por ocasi\u00e3o da visita de Margaret Karram e Jes\u00fas Mor\u00e1n as comunidades se reuniram em Suva por alguns dias. \u00c9 o primeiro encontro deles em um dos pa\u00edses do Pac\u00edfico. Muitos gestos, como o acolhimento e a estima rec\u00edproca, demostram a consci\u00eancia de todos sobre a preciosidade desses dias. Para esses povos, reunir-se como fam\u00edlia do Movimento dos Focolares n\u00e3o significa apenas fazer comunh\u00e3o espiritual, mas colaborar na vida quotidiana \u2013 que inclui cozinhar, preparar a liturgia da missa, cantar e dan\u00e7ar \u2013, cada um oferecendo o seu \u201cdom\u201d natural e cultural que se une ao dom do outro.<\/p>\n<p style=\"font-weight: 400;\">Tamb\u00e9m aqui Margaret Karram e Jes\u00fas Mor\u00e1n encontraram os focolarinos e as focolarinas em uma manh\u00e3 de profunda comunh\u00e3o e puderam viver v\u00e1rios momentos com a comunidade, como a missa, as refei\u00e7\u00f5es e muitos momentos espont\u00e2neos de di\u00e1logo. A partilha de experi\u00eancias permitiu-lhes conhecer os desafios e o compromisso do Movimento no Pac\u00edfico. Na Nova Caled\u00f4nia, a comunidade est\u00e1 comprometida no servi\u00e7o \u00e0 Igreja e, na esfera social, a criar espa\u00e7os de unidade entre os diversos componentes \u00e9tnicos da popula\u00e7\u00e3o. Em Futuna e Kiribati, a Palavra de Vida \u00e9 central, gerando experi\u00eancias de perd\u00e3o e reconcilia\u00e7\u00e3o em fam\u00edlias e projetos sociais a servi\u00e7o das mulheres e dos mais necessitados. Em Fiji, a comunidade cresce e compartilha com os focolarinos o compromisso de servi\u00e7o \u00e0 Igreja.<\/p>\n<p style=\"font-weight: 400;\"><strong>Run4Unity nas Ilhas Fiji: caminhar juntos<\/strong><\/p>\n<p style=\"font-weight: 400;\">O dia 6 de maio foi dedicado a Run4Unity, e Margaret Karram deu in\u00edcio ao revezamento mundial no Pac\u00edfico, onde surge o primeiro nascer do sol do mundo. Com a presen\u00e7a dos adolescentes do Movimento Juvenil pela Unidade e com Jes\u00fas, ela plantou duas \u00e1rvores t\u00edpicas das Ilhas Fiji: \u201co s\u00e2ndalo, \u00e1rvore nativa, e o citrus que, para crescer, precisam um do outro\u201d, explicou. \u201cO s\u00e2ndalo \u00e9 perfumado, e o citrus, que \u00e9 c\u00edtrico, fornece ao s\u00e2ndalo todos os nutrientes de que ele precisa. \u00c9 um exemplo maravilhoso na natureza de cuidado m\u00fatuo. \u00c9 isso que os habitantes das Ilhas do Pac\u00edfico querem dizer a todos n\u00f3s: a \u00fanica maneira de oferecer o nosso dom precioso, a unidade, \u00e9 caminharmos juntos, cuidando uns dos outros. Dessa forma, podemos transformar o nosso mundo\u201d.<\/p>\n<p style=\"font-weight: 400;\">Uma mensagem que evoca aquela que \u00e9 talvez a principal caracter\u00edstica destas ilhas: a vida comunit\u00e1ria, como ficou evidente na tarde e na noite de 7 de maio no encontro de Margaret e Jes\u00fas Mor\u00e1n com a comunidade dos Focolares. \u201cVim aqui para estar perto de voc\u00eas e compartilhar suas vidas pelo menos por alguns dias\u201d \u2013 disse Margaret a todos \u2013. \u201cO que encontrei aqui est\u00e1 muito vivo no meu cora\u00e7\u00e3o e expressa a cultura de onde venho, que incentiva o respeito pelas outras pessoas e pela l\u00edngua, al\u00e9m do sentido de fam\u00edlia. Voc\u00eas tamb\u00e9m s\u00e3o poucos, mas n\u00e3o se preocupem: o que importa \u00e9 viver o Evangelho e levar a unidade a quem encontrarmos. O que voc\u00eas compartilharam nestes dias me impressionou muito: com o amor, a hospitalidade e a acolhida, voc\u00eas nos doaram Jesus. Mas, ouvindo-os, compreendi que a p\u00e9rola mais preciosa que possu\u00edmos \u00e9 Jesus Abandonado, por quem deixamos tudo, e que \u00e9 o segredo para amar a todos\u201d.<\/p>\n<p style=\"font-weight: 400;\">\u201cAs experi\u00eancias de perd\u00e3o que voc\u00eas relataram me tocaram profundamente\u201d \u2013 continuou Jes\u00fas \u2013 \u201ce demonstram que voc\u00eas vivem o Evangelho, porque o perd\u00e3o \u00e9 a maior novidade que ele cont\u00e9m. O perd\u00e3o n\u00e3o \u00e9 algo humano, s\u00f3 Jesus em n\u00f3s pode perdoar, e voc\u00eas expressaram isso com uma pureza \u00fanica\u201d.<\/p>\n<p style=\"font-weight: 400;\">Quando lhe perguntaram sobre o que ela espera para o futuro do Movimento na Oceania, Margaret disse o que deseja para todo o Movimento no mundo, ou seja, que se torne cada vez mais uma fam\u00edlia n\u00e3o fechada em si mesma, mas aberta, que dialoga para realizar a ora\u00e7\u00e3o de Jesus ao Pai, como Chiara Lubich sonhou.<\/p>\n<p style=\"font-weight: 400;\">Retomando a palavra, ela acrescentou: \u201cGostaria de dizer novamente que, para contribuir para a realiza\u00e7\u00e3o da unidade, cada pa\u00eds, cultura ou continente n\u00e3o deve perder a pr\u00f3pria identidade. Temos que ser n\u00f3s mesmos. Esta seria uma grande d\u00e1diva para todo o Movimento e para o mundo: sermos n\u00f3s mesmos, com nossas riquezas e contradi\u00e7\u00f5es, e viver o Carisma da Unidade sem eliminar quem somos\u201d. Os aplausos que se seguiram expressaram a gratid\u00e3o das pessoas por se sentirem compreendidas.<\/p>\n<p style=\"font-weight: 400;\">Iniciada com a cerim\u00f4nia \u201c<em>Sevusevu<\/em>\u201d, esta visita s\u00f3 poderia terminar com a mesma solenidade. A cerim\u00f4nia de despedida, \u201c<em>I-Tatau<\/em>\u201d, parece fechar o c\u00edrculo: na l\u00edngua fijiana, os arautos que falam em nome de Margaret e Jes\u00fas agradecem \u00e0 comunidade e pedem, em nome deles, permiss\u00e3o para se despedir, enquanto o orador que fala em nome da comunidade fijiana permite que eles saiam e deseja uma boa viagem na esperan\u00e7a de se encontrarem novamente.<\/p>\n<p style=\"font-weight: 400;\">O espet\u00e1culo que as comunidades do Pac\u00edfico prepararam \u00e9 uma \u201cexposi\u00e7\u00e3o\u201d extraordin\u00e1ria das express\u00f5es art\u00edsticas dos povos ali presentes, em que as dan\u00e7as e os cantos expressam a sua profunda liga\u00e7\u00e3o com a terra e com a natureza, o orgulho das suas tradi\u00e7\u00f5es e o desejo de compartilh\u00e1-las.<\/p>\n<p style=\"font-weight: 400;\">Mas o que ficar\u00e1 impresso em todos, acreditamos, \u00e9 a sauda\u00e7\u00e3o que as comunidades da Nova Caled\u00f4nia e Fiji trocaram: sentados, um diante do outro, cada um entoou a pr\u00f3pria can\u00e7\u00e3o de despedida, acenou adeus olhando-se nos olhos, como quem se despede de um irm\u00e3o de sangue.<\/p>\n<p style=\"font-weight: 400;\">\u201cGarantimos que seremos uma s\u00f3 fam\u00edlia\u201d \u2013 dizem a Margaret \u2013 \u201ce, apesar de nossas fragilidades, faremos de tudo para manter a presen\u00e7a de Jesus no meio na Oceania\u201d.<\/p>\n<p style=\"font-weight: 400; text-align: right;\"><em>Stefania Tanesini<\/em><\/p>\n<div class=\"et_pb_slider et_pb_slider_fullwidth_off et_pb_gallery_post_type\">\n\t\t\t\t<div class=\"et_pb_slides\">\n\t\t\t\t\t\n\t\t\t\t<\/div>\n\t\t\t<\/div>\n","protected":false},"excerpt":{"rendered":"<p>A terceira etapa da viagem \u00e0 \u00c1sia e Oceania de Margaret Karram e Jes\u00fas Mor\u00e1n, Presidente e Copresidente do Movimento dos Focolares foram as Ilhas Fiji. Nessa regi\u00e3o do Pac\u00edfico, a espiritualidade da unidade se difundiu desde o final dos anos 60.<\/p>\n","protected":false},"author":27,"featured_media":0,"comment_status":"open","ping_status":"open","sticky":false,"template":"","format":"standard","meta":{"give_campaign_id":0,"_seopress_robots_primary_cat":"","_seopress_titles_title":"","_seopress_titles_desc":"","_seopress_robots_index":"","_et_pb_use_builder":"","_et_pb_old_content":"","_et_gb_content_width":"","footnotes":""},"categories":[129],"tags":[],"class_list":["post-318900","post","type-post","status-publish","format-standard","hentry","category-sem-categoria"],"_links":{"self":[{"href":"https:\/\/www.focolare.org\/pt-pt\/wp-json\/wp\/v2\/posts\/318900","targetHints":{"allow":["GET"]}}],"collection":[{"href":"https:\/\/www.focolare.org\/pt-pt\/wp-json\/wp\/v2\/posts"}],"about":[{"href":"https:\/\/www.focolare.org\/pt-pt\/wp-json\/wp\/v2\/types\/post"}],"author":[{"embeddable":true,"href":"https:\/\/www.focolare.org\/pt-pt\/wp-json\/wp\/v2\/users\/27"}],"replies":[{"embeddable":true,"href":"https:\/\/www.focolare.org\/pt-pt\/wp-json\/wp\/v2\/comments?post=318900"}],"version-history":[{"count":0,"href":"https:\/\/www.focolare.org\/pt-pt\/wp-json\/wp\/v2\/posts\/318900\/revisions"}],"wp:attachment":[{"href":"https:\/\/www.focolare.org\/pt-pt\/wp-json\/wp\/v2\/media?parent=318900"}],"wp:term":[{"taxonomy":"category","embeddable":true,"href":"https:\/\/www.focolare.org\/pt-pt\/wp-json\/wp\/v2\/categories?post=318900"},{"taxonomy":"post_tag","embeddable":true,"href":"https:\/\/www.focolare.org\/pt-pt\/wp-json\/wp\/v2\/tags?post=318900"}],"curies":[{"name":"wp","href":"https:\/\/api.w.org\/{rel}","templated":true}]}}