{"id":318904,"date":"2023-05-19T01:00:01","date_gmt":"2023-05-18T23:00:01","guid":{"rendered":"https:\/\/www.focolare.org\/evangelho-vivido-que-o-amor-fraterno-vos-una-uns-aos-outros-com-terna-afeicao-estimando-vos-reciprocamente-rm-1210\/"},"modified":"2024-05-15T21:14:43","modified_gmt":"2024-05-15T19:14:43","slug":"evangelho-vivido-que-o-amor-fraterno-vos-una-uns-aos-outros-com-terna-afeicao-estimando-vos-reciprocamente-rm-1210","status":"publish","type":"post","link":"https:\/\/www.focolare.org\/pt-pt\/evangelho-vivido-que-o-amor-fraterno-vos-una-uns-aos-outros-com-terna-afeicao-estimando-vos-reciprocamente-rm-1210\/","title":{"rendered":"Evangelho vivido: \u201cQue o amor fraterno vos una uns aos outros com terna afei\u00e7\u00e3o, estimando-vos reciprocamente\u201d (Rm 12,10)"},"content":{"rendered":"<p><em>Nestas palavras de S\u00e3o Paulo, a fraternidade \u00e9 um chamado ao bem, \u00e0 vida que vem do batismo, e esta consanguinidade no amor nos permite olhar para a exist\u00eancia do outro como um precioso dom para n\u00f3s. <\/em>  <strong>A nota<\/strong> Eu estava no terceiro ano do ensino m\u00e9dio e tinha uma prova oral de f\u00edsica, bem importante. Comecei a estudar com empenho, certa de que no dia seguinte iria ser interrogada (eu era a \u00fanica da turma que ainda n\u00e3o tinha a nota do fim do semestre). Pouco depois, a minha irm\u00e3zinha veio me pedir ajuda para o seu estudo. Eu logo quis recusar, mas depois lembrei o que S\u00e3o Paulo recomenda: alegrar-se com quem se alegra, chorar com quem chora. Ent\u00e3o comecei a estudar com a minha irm\u00e3. Precisou a tarde inteira para que ela se sentisse preparada e assim eu tive tempo s\u00f3 de abrir o meu livro de f\u00edsica. No dia seguinte fui para a escola tremendo um pouco, mas convicta de que Deus iria intervir de alguma maneira. O professor entrou e come\u00e7ou a fazer as perguntas a outros meus colegas. No final da aula perguntei porque ele n\u00e3o tinha me chamado. Ele olhou o registro e me disse: \u201cMas voc\u00ea j\u00e1 tem a nota, e \u00e9 uma boa nota\u201d. Eu sabia que n\u00e3o tinha feito a prova oral, mas ele tinha dado a nota por algo que eu havia dito anteriormente, durante as aulas. (S. T. \u2013 It\u00e1lia)  <strong>Como enfrentar o dia<\/strong> Um homem, cadeirante, estava pedindo esmola perto dos carrinhos do supermercado. Na sa\u00edda eu me aproximei dele e, depois de ter conversado um pouco, disse que ele poderia escolher, das minhas compras, aquilo que precisava. Ficou feliz, pegou alguma coisa e logo come\u00e7ou a comer. Quando me despedi dele senti uma alegria que depois me ajudou a enfrentar os desafios do dia, que tinha come\u00e7ado j\u00e1 bem pesado. Por aquele simples fato eu percebi que fazer um ato de amor concreto \u00e9 um bom in\u00edcio de dia. Comecei a fazer assim, vencendo muitos h\u00e1bitos e surpreendendo n\u00e3o apenas o meu marido, mas principalmente os filhos que n\u00e3o se d\u00e3o conta das coisas que recebem porque pensam ter esse direito. Uma noite, a not\u00edcia de um tio que estava gravemente doente criou um grande sil\u00eancio na fam\u00edlia. O nosso filho mais velho, que est\u00e1 na universidade, perguntou o que poder\u00edamos fazer por ele. Quem respondeu foi a filha menor: \u201cDevemos fazer como a mam\u00e3e, que coloca amor em tudo o que faz. S\u00f3 assim vamos descobrir o que nosso tio precisa\u201d. (L. D. F. \u2013 Hungria)  <strong>Adele<\/strong> \u201cBipolaridade\u201d. N\u00e3o podia imaginar que Adele, minha querida colega de col\u00e9gio, tivesse uma doen\u00e7a t\u00e3o s\u00e9ria. Foi a m\u00e3e dela que me explicou. Depois de um per\u00edodo no hospital, nos dias em que estava inst\u00e1vel, ela mesma n\u00e3o entendia o que lhe estava acontecendo. Os rem\u00e9dios deviam ter um efeito equilibrado e isso exigia tempo. Mas o meu afeto e estima por ela n\u00e3o mudaram. Fiquei surpresa no dia em que me pediu para rezarmos o ter\u00e7o. Parecia que na ora\u00e7\u00e3o a sua concentra\u00e7\u00e3o fosse perfeita. Desde aquele dia come\u00e7amos a ler livros de espiritualidade, ou hist\u00f3rias que tivessem um conte\u00fado positivo. Eu tinha a impress\u00e3o que minha amiga entendesse tudo mais profundamente do que eu. Quando fal\u00e1vamos de certos assuntos, eu via nela um altru\u00edsmo sem limites. Entramos juntas em um grupo de voluntariado para ajudar pessoas pobres. Adele readquiriu vida, equil\u00edbrio, coragem. Sabia estar pr\u00f3xima de quem precisava, mais do que ningu\u00e9m. A experi\u00eancia com ela me fez ver, com mais evid\u00eancia, que a verdadeira realiza\u00e7\u00e3o da pessoa est\u00e1 na caridade. (P. A. M. \u2013 It\u00e1lia) <\/p>\n<p style=\"text-align: right;\"><em>Aos cuidados de Maria Grazia Berretta<\/em><\/p>\n<p> <em>(retirado de \u201cIl Vangelo del Giorno\u201d, Citt\u00e0 Nuova, ano IX \u2013 n.1\u00b0 maio-junho 2023)<\/em><\/p>\n","protected":false},"excerpt":{"rendered":"<p>Dans ces paroles de saint Paul, la fraternit\u00e9 est un appel au bien, \u00e0 vivre la gr\u00e2ce de notre bapt\u00eame, et cet ADN d\u2019amour divin nous permet de regarder l&#8217;existence de l&#8217;autre comme un don pr\u00e9cieux pour nous.<\/p>\n","protected":false},"author":33,"featured_media":0,"comment_status":"open","ping_status":"open","sticky":false,"template":"","format":"standard","meta":{"give_campaign_id":0,"_seopress_robots_primary_cat":"","_seopress_titles_title":"","_seopress_titles_desc":"","_seopress_robots_index":"","_et_pb_use_builder":"","_et_pb_old_content":"","_et_gb_content_width":"","footnotes":""},"categories":[129],"tags":[],"class_list":["post-318904","post","type-post","status-publish","format-standard","hentry","category-sem-categoria"],"_links":{"self":[{"href":"https:\/\/www.focolare.org\/pt-pt\/wp-json\/wp\/v2\/posts\/318904","targetHints":{"allow":["GET"]}}],"collection":[{"href":"https:\/\/www.focolare.org\/pt-pt\/wp-json\/wp\/v2\/posts"}],"about":[{"href":"https:\/\/www.focolare.org\/pt-pt\/wp-json\/wp\/v2\/types\/post"}],"author":[{"embeddable":true,"href":"https:\/\/www.focolare.org\/pt-pt\/wp-json\/wp\/v2\/users\/33"}],"replies":[{"embeddable":true,"href":"https:\/\/www.focolare.org\/pt-pt\/wp-json\/wp\/v2\/comments?post=318904"}],"version-history":[{"count":0,"href":"https:\/\/www.focolare.org\/pt-pt\/wp-json\/wp\/v2\/posts\/318904\/revisions"}],"wp:attachment":[{"href":"https:\/\/www.focolare.org\/pt-pt\/wp-json\/wp\/v2\/media?parent=318904"}],"wp:term":[{"taxonomy":"category","embeddable":true,"href":"https:\/\/www.focolare.org\/pt-pt\/wp-json\/wp\/v2\/categories?post=318904"},{"taxonomy":"post_tag","embeddable":true,"href":"https:\/\/www.focolare.org\/pt-pt\/wp-json\/wp\/v2\/tags?post=318904"}],"curies":[{"name":"wp","href":"https:\/\/api.w.org\/{rel}","templated":true}]}}