{"id":318916,"date":"2023-05-30T01:00:48","date_gmt":"2023-05-29T23:00:48","guid":{"rendered":"https:\/\/www.focolare.org\/guatemala-uma-capela-ecumenica-no-centro-educacional-fiore\/"},"modified":"2024-05-15T21:14:46","modified_gmt":"2024-05-15T19:14:46","slug":"guatemala-uma-capela-ecumenica-no-centro-educacional-fiore","status":"publish","type":"post","link":"https:\/\/www.focolare.org\/pt-pt\/guatemala-uma-capela-ecumenica-no-centro-educacional-fiore\/","title":{"rendered":"Guatemala: uma capela ecum\u00eanica no Centro Educacional Fiore"},"content":{"rendered":"<p><em>Recentemente foi inaugurada uma Capela Ecum\u00eanica no Centro Educacional Fiore (CEF), localizado em Mixco (Guatemala). Os diretores Maresa Ram\u00edrez e Luis Martinez nos contam como nasceu a ideia de coincidir com o Pentecostes, quando se celebra no hemisf\u00e9rio sul a Semana de Ora\u00e7\u00e3o pela Unidade dos Crist\u00e3os.<\/em>  <em><img alt=\"\" alt=\"\" loading=\"lazy\" decoding=\"async\" class=\"alignright wp-image-256883\" src=\"https:\/\/www.focolare.org\/wp-content\/uploads\/2023\/05\/IMG_6176-scaled-e1685370112403.jpg\" alt=\"\" width=\"251\" height=\"334\" \/><\/em>\u201cN\u00e3o focamos apenas em uma denomina\u00e7\u00e3o crist\u00e3, mas buscamos o que nos une dentro do cristianismo. Por isso nossa capela \u00e9 ecum\u00eanica, queremos que ningu\u00e9m se sinta fora da fam\u00edlia do nosso Centro Educacional, queremos incluir uns aos outros\u201d. Com estas palavras, Maresa Ram\u00edrez explica o objetivo da nova capela ecum\u00eanica constru\u00edda no Centro Educacional Fiore (CEF), localizado em Mixco (Guatemala), do qual \u00e9 diretora geral junto com Luis Martinez, que \u00e9 o diretor administrativo.  <img alt=\"\" alt=\"\" loading=\"lazy\" decoding=\"async\" class=\"alignleft wp-image-256886\" src=\"https:\/\/www.focolare.org\/wp-content\/uploads\/2023\/05\/20230502.CEF_.03.capella-1-scaled-e1685370569177-557x340.jpg\" alt=\"\" width=\"355\" height=\"217\" \/>H\u00e1 10 anos o Centro acolhe crian\u00e7as de v\u00e1rias denomina\u00e7\u00f5es crist\u00e3s e, ap\u00f3s a pandemia, o n\u00famero foi aumentando gradativamente. A capela faz parte do percurso educativo da escola que se baseia no processo acad\u00eamico, f\u00edsico-emocional e espiritual. A capela possui diferentes elementos que procuram criar uma rela\u00e7\u00e3o com Deus tendo em conta a idade das crian\u00e7as que frequentam a escola. Assim nos conta Luis Martinez: &#8220;O desenho da capela inclui processos l\u00fadicos, usando jogos para aproximar as crian\u00e7as de Deus e ter um relacionamento com Ele. Por exemplo, colocamos tubos que se movem desde a entrada da capela at\u00e9 o crucifixo, para que a crian\u00e7a, se sentir necessidade, possa enviar uma mensagem secreta a Jesus. Ent\u00e3o, as nuvens servem para criar a atmosfera do c\u00e9u, porque colocamos Deus em rela\u00e7\u00e3o com o c\u00e9u. As crian\u00e7as s\u00e3o o centro das aten\u00e7\u00f5es e quando eles entram neste lugar cria-se imediatamente um relacionamento engra\u00e7ado e ao mesmo tempo s\u00e9rio&#8221;.  A escola oferece \u00e0s crian\u00e7as esse espa\u00e7o, onde elas podem ter acesso quando sentem a necessidade de passar um momento com Deus. Na disciplina de Educa\u00e7\u00e3o na f\u00e9 e nos valores, as crian\u00e7as praticam a confec\u00e7\u00e3o de origamis e assim podem escrever suas boas a\u00e7\u00f5es, e coloc\u00e1-los l\u00e1, oferecendo-as para Jesus, &#8220;com base no que Chiara Lubich ensinava \u00e0s crian\u00e7as: depois de fazer uma a\u00e7\u00e3o com amor, fa\u00e7a como um pacotinho e mande-o para o c\u00e9u&#8221;.  <img alt=\"\" alt=\"\" loading=\"lazy\" decoding=\"async\" class=\" wp-image-256885 alignleft\" src=\"https:\/\/www.focolare.org\/wp-content\/uploads\/2023\/05\/20230502.CEF_.05.Capella-1-scaled-e1685370531308.jpg\" alt=\"\" width=\"360\" height=\"218\" \/>A colabora\u00e7\u00e3o foi fundamental para o momento da inaugura\u00e7\u00e3o, pois o di\u00e1logo entre o Movimento dos Focolares da Guatemala e o Conselho Ecum\u00eanico Crist\u00e3o da Guatemala \u00e9 amplo. &#8220;Constru\u00edmos uma rela\u00e7\u00e3o com cada um dos integrantes, em particular com o bispo cat\u00f3lico, D. Valenzuela. Conversando com ele percebemos o quanto \u00e9 importante a presen\u00e7a desta capela, pois o di\u00e1logo \u00e9 algo necess\u00e1rio na realidade ecum\u00eanica guatemalteca&#8221;, diz Luis Martinez. A estes contatos baseados na fraternidade juntaram-se pessoas de 7 Igrejas crist\u00e3s e cerca de 25 pessoas assistiram \u00e0 inaugura\u00e7\u00e3o da capela.  O programa inaugural foi organizado pelo Centro Educacional juntamente com D. Valenzuela e incluiu salmos, leitura da Palabra de Deus e v\u00e1rias ora\u00e7\u00f5es de b\u00ean\u00e7\u00e3o e louvor. Os alunos participaram recitando uma ora\u00e7\u00e3o pela paz. \u201cFoi um momento muito bonito\u201d, conclui a diretora Ram\u00edrez. \u201cMuitos dos presentes salientaram ter percebido que as crian\u00e7as, em nosso percurso educacional, s\u00e3o colocadas no centro e que somos a primeira escola do pa\u00eds a ter uma capela ecum\u00eanica\u201d. <\/p>\n<p style=\"text-align: right;\"><em>Diego Santizo<\/em><\/p>\n","protected":false},"excerpt":{"rendered":"<p>Recentemente foi inaugurada uma Capela Ecum\u00eanica no Centro Educacional Fiore (CEF), localizado em Mixco (Guatemala). Os diretores Maresa Ram\u00edrez e Luis Martinez nos contam como nasceu a ideia de coincidir com o Pentecostes, quando se celebra no hemisf\u00e9rio sul a Semana de Ora\u00e7\u00e3o pela Unidade dos Crist\u00e3os.<\/p>\n","protected":false},"author":34,"featured_media":0,"comment_status":"open","ping_status":"open","sticky":false,"template":"","format":"standard","meta":{"give_campaign_id":0,"_seopress_robots_primary_cat":"","_seopress_titles_title":"","_seopress_titles_desc":"","_seopress_robots_index":"","_et_pb_use_builder":"","_et_pb_old_content":"","_et_gb_content_width":"","footnotes":""},"categories":[129],"tags":[],"class_list":["post-318916","post","type-post","status-publish","format-standard","hentry","category-sem-categoria"],"_links":{"self":[{"href":"https:\/\/www.focolare.org\/pt-pt\/wp-json\/wp\/v2\/posts\/318916","targetHints":{"allow":["GET"]}}],"collection":[{"href":"https:\/\/www.focolare.org\/pt-pt\/wp-json\/wp\/v2\/posts"}],"about":[{"href":"https:\/\/www.focolare.org\/pt-pt\/wp-json\/wp\/v2\/types\/post"}],"author":[{"embeddable":true,"href":"https:\/\/www.focolare.org\/pt-pt\/wp-json\/wp\/v2\/users\/34"}],"replies":[{"embeddable":true,"href":"https:\/\/www.focolare.org\/pt-pt\/wp-json\/wp\/v2\/comments?post=318916"}],"version-history":[{"count":0,"href":"https:\/\/www.focolare.org\/pt-pt\/wp-json\/wp\/v2\/posts\/318916\/revisions"}],"wp:attachment":[{"href":"https:\/\/www.focolare.org\/pt-pt\/wp-json\/wp\/v2\/media?parent=318916"}],"wp:term":[{"taxonomy":"category","embeddable":true,"href":"https:\/\/www.focolare.org\/pt-pt\/wp-json\/wp\/v2\/categories?post=318916"},{"taxonomy":"post_tag","embeddable":true,"href":"https:\/\/www.focolare.org\/pt-pt\/wp-json\/wp\/v2\/tags?post=318916"}],"curies":[{"name":"wp","href":"https:\/\/api.w.org\/{rel}","templated":true}]}}