{"id":318924,"date":"2023-06-16T07:15:55","date_gmt":"2023-06-16T05:15:55","guid":{"rendered":"https:\/\/www.focolare.org\/evangelho-vivido-vivei-em-paz-e-o-deus-do-amor-e-da-paz-estara-convosco-2-cor-1311\/"},"modified":"2024-05-15T21:14:47","modified_gmt":"2024-05-15T19:14:47","slug":"evangelho-vivido-vivei-em-paz-e-o-deus-do-amor-e-da-paz-estara-convosco-2-cor-1311","status":"publish","type":"post","link":"https:\/\/www.focolare.org\/pt-pt\/evangelho-vivido-vivei-em-paz-e-o-deus-do-amor-e-da-paz-estara-convosco-2-cor-1311\/","title":{"rendered":"Evangelho vivido: \u201cVivei em paz, e o Deus do amor e da paz estar\u00e1 convosco\u201d (2 Cor 13,11)\u00a0"},"content":{"rendered":"<p><em>Deixar que Deus habite em n\u00f3s: este \u00e9 o ponto de partida para proteger e testemunhar com alegria o valor inestim\u00e1vel da unidade e da paz, na caridade e na verdade, para enriquecer-nos e ser sementes de bem e de fraternidade para o mundo.<\/em>  <strong>Sem medir o \u00f3dio<\/strong> Moro em uma pequena cidade da Ucr\u00e2nia, na fronteira com a Eslov\u00e1quia. Aqui n\u00e3o chegam bombas, mas as suas terr\u00edveis consequ\u00eancias: desabrigados com as suas necessidades, \u00e9 preciso encontrar tochas e velas, rem\u00e9dios, cobertores&#8230; uma grande escurid\u00e3o desceu sobre a nossa terra. As not\u00edcias de quem trai, de quem se enriquece nestas situa\u00e7\u00f5es tr\u00e1gicas, de quem desfruta os outros, dos chacais&#8230; s\u00e3o coisas de todo dia. Quando o mal triunfa ele n\u00e3o tem regras, n\u00e3o tem limites. Mas, apesar de tudo, acontece algo diferente: as pessoas daqui sentem-se parte do sofrimento dos outros e buscam solu\u00e7\u00f5es. Nas fam\u00edlias, retornou a necessidade do calor, da prote\u00e7\u00e3o e da solidariedade. Assisto ao paradoxo de uma guerra do mal e do triunfo do bem. Contamos, entre n\u00f3s, a hist\u00f3ria de Chiara Lubich e das suas primeiras seguidoras: elas tamb\u00e9m come\u00e7aram durante uma guerra e n\u00e3o mediram o \u00f3dio, mas acenderam o bem que depois de espalhou por toda parte. Verdadeiramente, as for\u00e7as do mal n\u00e3o ir\u00e3o prevalecer. A nossa gratid\u00e3o \u00e9 uma verdadeira ora\u00e7\u00e3o que se levanta at\u00e9 o c\u00e9u, como um canto de louvor a Deus que \u00e9 Amor. (S. P. \u2013 Ucr\u00e2nia)  <strong>Uma corrente de amor<\/strong> Na sala de espera do meu sal\u00e3o \u00e9 costume que as clientes troquem not\u00edcias entre si, e como h\u00e1 algum tempo eu n\u00e3o via uma senhora idosa, Adele, que periodicamente vinha at\u00e9 n\u00f3s, pedi suas not\u00edcias a uma das clientes. Assim vim a saber que Adele estava gravemente enferma e, levada pelo desejo de rev\u00ea-la, um dia decidi fazer-lhe uma visita. Encontrei dona Adele, sozinha e sem parentes, em um estado de completo abandono, e logo comecei a circular um pedido de ajuda.\u00a0 Procurando algu\u00e9m que pudesse lhe fazer companhia, logo tr\u00eas clientes responderam positivamente. Come\u00e7ou uma verdadeira competi\u00e7\u00e3o de cuidados, at\u00e9 que o filho de uma delas conseguiu a interna\u00e7\u00e3o em uma casa que lhe garantia assist\u00eancia e tratamentos. Eu tamb\u00e9m me ofereci para prestar o meu servi\u00e7o como cabelereira, n\u00e3o s\u00f3 para Adele, mas para todas as senhoras que desejassem. A hist\u00f3ria de Adele me demonstrou que basta come\u00e7ar, com atos concretos de caridade, depois a corrente de amor se desenrola veloz e eficazmente. (F.d.R. \u2013 It\u00e1lia)  <strong>Uma escola de solidariedade<\/strong> No deserto, fora da cidade do Egito onde me encontro, vivem 1000 pessoas doentes de lepra. At\u00e9 poucos anos atr\u00e1s ningu\u00e9m sabia desta col\u00f4nia. Fomos verificar a situa\u00e7\u00e3o e descobrimos que para eles faltava tudo. Nem os m\u00e9dicos iam visit\u00e1-los. Entramos de acordo com a C\u00e1ritas, abrimos o nosso grupo a outros jovens, crist\u00e3os e mu\u00e7ulmanos, e com eles vamos para l\u00e1, nos dias livres do trabalho. Dois de n\u00f3s, estudantes de medicina, ocupam-se da assist\u00eancia m\u00e9dica, e para isso procuraram se interessar pelos m\u00e9todos de cura da lepra. Outros colocaram \u00e0 disposi\u00e7\u00e3o o pr\u00f3prio tempo para pintar as casas e torn\u00e1-las mais habit\u00e1veis. Um jovem jornalista publicou alguns artigos em v\u00e1rios jornais e revistas, para informar e sensibilizar o m\u00e1ximo de pessoas poss\u00edvel sobre o problema. Mais do que tudo, percebemos que os doentes daquela col\u00f4nia precisam de algu\u00e9m que os escute, e isso, para eles, \u00e9 quase mais importante do que os rem\u00e9dios. Esta experi\u00eancia se tornou uma verdadeira escola para n\u00f3s, ela nos faz entender que cada um pode dar sua pr\u00f3pria contribui\u00e7\u00e3o para os outros. (H.F.S.- Egito) <\/p>\n<p style=\"text-align: right;\"><em>Aos cuidados de Maria Grazia Berretta<\/em><\/p>\n<p> <em>(retirado de \u201cIl Vangelo del Giorno\u201d, Citt\u00e0 Nuova, anno IX \u2013 n.1\u00b0 maio-junho 2023)<\/em><\/p>\n","protected":false},"excerpt":{"rendered":"<p>Deixar que Deus habite em n\u00f3s: este \u00e9 o ponto de partida para proteger e testemunhar com alegria o valor inestim\u00e1vel da unidade e da paz, na caridade e na verdade, para enriquecer-nos e ser sementes de bem e de fraternidade para o mundo.<\/p>\n","protected":false},"author":33,"featured_media":0,"comment_status":"open","ping_status":"open","sticky":false,"template":"","format":"standard","meta":{"give_campaign_id":0,"_seopress_robots_primary_cat":"","_seopress_titles_title":"","_seopress_titles_desc":"","_seopress_robots_index":"","_et_pb_use_builder":"","_et_pb_old_content":"","_et_gb_content_width":"","footnotes":""},"categories":[129],"tags":[],"class_list":["post-318924","post","type-post","status-publish","format-standard","hentry","category-sem-categoria"],"_links":{"self":[{"href":"https:\/\/www.focolare.org\/pt-pt\/wp-json\/wp\/v2\/posts\/318924","targetHints":{"allow":["GET"]}}],"collection":[{"href":"https:\/\/www.focolare.org\/pt-pt\/wp-json\/wp\/v2\/posts"}],"about":[{"href":"https:\/\/www.focolare.org\/pt-pt\/wp-json\/wp\/v2\/types\/post"}],"author":[{"embeddable":true,"href":"https:\/\/www.focolare.org\/pt-pt\/wp-json\/wp\/v2\/users\/33"}],"replies":[{"embeddable":true,"href":"https:\/\/www.focolare.org\/pt-pt\/wp-json\/wp\/v2\/comments?post=318924"}],"version-history":[{"count":0,"href":"https:\/\/www.focolare.org\/pt-pt\/wp-json\/wp\/v2\/posts\/318924\/revisions"}],"wp:attachment":[{"href":"https:\/\/www.focolare.org\/pt-pt\/wp-json\/wp\/v2\/media?parent=318924"}],"wp:term":[{"taxonomy":"category","embeddable":true,"href":"https:\/\/www.focolare.org\/pt-pt\/wp-json\/wp\/v2\/categories?post=318924"},{"taxonomy":"post_tag","embeddable":true,"href":"https:\/\/www.focolare.org\/pt-pt\/wp-json\/wp\/v2\/tags?post=318924"}],"curies":[{"name":"wp","href":"https:\/\/api.w.org\/{rel}","templated":true}]}}