{"id":318940,"date":"2023-07-11T06:30:07","date_gmt":"2023-07-11T04:30:07","guid":{"rendered":"https:\/\/www.focolare.org\/movidos-pelo-espirito-entrevista-com-d-pierbattista-pizzaballa\/"},"modified":"2024-05-15T21:14:50","modified_gmt":"2024-05-15T19:14:50","slug":"movidos-pelo-espirito-entrevista-com-d-pierbattista-pizzaballa","status":"publish","type":"post","link":"https:\/\/www.focolare.org\/pt-pt\/movidos-pelo-espirito-entrevista-com-d-pierbattista-pizzaballa\/","title":{"rendered":"Movidos pelo Esp\u00edrito: entrevista com D. Pierbattista Pizzaballa"},"content":{"rendered":"<p><em>No domingo, dia 9 de julho de 2023, o Papa Francisco nomeou 21 novos Cardeais da Santa Igreja Romana, como de costume para surpresa dos interessados. Entre eles D. Pierbattista Pizzaballa, Patriarca Latino de Jerusal\u00e9m. Ao felicitarmos com Sua Beatitude por esta nomea\u00e7\u00e3o, partilhamos com alegria uma entrevista com ele, realizada h\u00e1 exatamente um ano na Terra Santa.<\/em>  <strong>Ver o v\u00eddeo<\/strong> (ativar legendas em portugu\u00eas)  https:\/\/youtu.be\/JFjWb1-y0ug<\/p>\n","protected":false},"excerpt":{"rendered":"<p>No domingo, dia 9 de julho de 2023, o Papa Francisco nomeou 21 novos Cardeais da Santa Igreja Romana, como de costume para surpresa dos interessados. Entre eles D. Pierbattista Pizzaballa, Patriarca Latino de Jerusal\u00e9m. Ao felicitarmos com Sua Beatitude por esta nomea\u00e7\u00e3o, partilhamos com alegria uma entrevista com ele, realizada h\u00e1 exatamente um ano na Terra Santa.<\/p>\n","protected":false},"author":34,"featured_media":0,"comment_status":"open","ping_status":"open","sticky":false,"template":"","format":"standard","meta":{"give_campaign_id":0,"_seopress_robots_primary_cat":"","_seopress_titles_title":"","_seopress_titles_desc":"","_seopress_robots_index":"","_et_pb_use_builder":"","_et_pb_old_content":"","_et_gb_content_width":"","footnotes":""},"categories":[129],"tags":[],"class_list":["post-318940","post","type-post","status-publish","format-standard","hentry","category-sem-categoria"],"_links":{"self":[{"href":"https:\/\/www.focolare.org\/pt-pt\/wp-json\/wp\/v2\/posts\/318940","targetHints":{"allow":["GET"]}}],"collection":[{"href":"https:\/\/www.focolare.org\/pt-pt\/wp-json\/wp\/v2\/posts"}],"about":[{"href":"https:\/\/www.focolare.org\/pt-pt\/wp-json\/wp\/v2\/types\/post"}],"author":[{"embeddable":true,"href":"https:\/\/www.focolare.org\/pt-pt\/wp-json\/wp\/v2\/users\/34"}],"replies":[{"embeddable":true,"href":"https:\/\/www.focolare.org\/pt-pt\/wp-json\/wp\/v2\/comments?post=318940"}],"version-history":[{"count":0,"href":"https:\/\/www.focolare.org\/pt-pt\/wp-json\/wp\/v2\/posts\/318940\/revisions"}],"wp:attachment":[{"href":"https:\/\/www.focolare.org\/pt-pt\/wp-json\/wp\/v2\/media?parent=318940"}],"wp:term":[{"taxonomy":"category","embeddable":true,"href":"https:\/\/www.focolare.org\/pt-pt\/wp-json\/wp\/v2\/categories?post=318940"},{"taxonomy":"post_tag","embeddable":true,"href":"https:\/\/www.focolare.org\/pt-pt\/wp-json\/wp\/v2\/tags?post=318940"}],"curies":[{"name":"wp","href":"https:\/\/api.w.org\/{rel}","templated":true}]}}