{"id":318954,"date":"2023-08-04T13:00:44","date_gmt":"2023-08-04T11:00:44","guid":{"rendered":"https:\/\/www.focolare.org\/comunicacao-em-tempo-de-guerra-dialogo-transversal-para-uma-etica-comum-na-jmj\/"},"modified":"2024-05-15T21:14:52","modified_gmt":"2024-05-15T19:14:52","slug":"comunicacao-em-tempo-de-guerra-dialogo-transversal-para-uma-etica-comum-na-jmj","status":"publish","type":"post","link":"https:\/\/www.focolare.org\/pt-pt\/comunicacao-em-tempo-de-guerra-dialogo-transversal-para-uma-etica-comum-na-jmj\/","title":{"rendered":"Comunica\u00e7\u00e3o em tempo de guerra: di\u00e1logo transversal para uma \u00e9tica comum na JMJ"},"content":{"rendered":"<p style=\"font-weight: 400;\"><em>Durante a Jornada Mundial da Juventude de 2023 em Portugal, o percurso de DIALOP vai um passo al\u00e9m. 134 jovens de 20 pa\u00edses participaram do &#8220;Comunica\u00e7\u00e3o em tempos de guerra&#8221; promovido pela DIALOP durante a JMJ para discutir como as m\u00eddias sociais e a tecnologia digital podem se tornar armadilhas de conspira\u00e7\u00e3o e interesses tendenciosos durante os conflitos.<\/em><\/p>\n<p style=\"font-weight: 400;\"><strong>O percurso<\/strong><\/p>\n<p style=\"font-weight: 400;\">Cristianismo e socialismo &#8211; dois movimentos com caracter\u00edsticas muito diferentes &#8211; h\u00e1 muito tempo est\u00e3o em desacordo um com o outro, mas ambos moldaram a hist\u00f3ria mundial nos s\u00e9culos passados. Partindo da ideia de que os grandes desafios do mundo atual n\u00e3o podem ser resolvidos sozinhos, <strong>DIALOP<\/strong> promove o di\u00e1logo entre pessoas de boa vontade, com forma\u00e7\u00e3o secular e religiosa, especialmente entre socialistas\/marxistas e crist\u00e3os, para criar uma \u00e9tica transversal transformadora.<\/p>\n<p style=\"font-weight: 400;\">Trazer o DIALOP para a Jornada Mundial da Juventude faz parte do &#8220;Projeto Di\u00e1logo&#8221; que, em colabora\u00e7\u00e3o com a Comunidade Europeia e envolvendo 14 organiza\u00e7\u00f5es da sociedade civil, explora e desenvolve o di\u00e1logo muitas vezes desafiador entre diferentes grupos, para moldar uma Europa cada vez mais express\u00e3o daquela &#8220;unidade na multiplicidade&#8221;.<\/p>\n<p style=\"font-weight: 400;\">A prepara\u00e7\u00e3o, que envolveu especialistas crist\u00e3os e marxistas-socialistas, come\u00e7ou seis meses antes do evento, um tempo movimentado e cansativo rumo \u00e0 JMJ. Os desafios foram muitos, como encontrar uma forma din\u00e2mica de mediar conte\u00fados pesados \u200b\u200bcomo conflito e comunica\u00e7\u00e3o, idiomas, pa\u00edses e diferentes origens. \u201cA emo\u00e7\u00e3o foi a de se deparar com uma gera\u00e7\u00e3o sedenta de verdades e esperan\u00e7as tranquilizadoras, fundamentadas e claras e de poder dar alguma\u201d, diz Luisa Sello, uma das coordenadoras do projeto.<\/p>\n<p style=\"font-weight: 400;\"><strong>Jovens em di\u00e1logo<\/strong><\/p>\n<p style=\"font-weight: 400;\">A guerra e seu potencial destrutivo influenciam a estrutura da comunica\u00e7\u00e3o, transformam a percep\u00e7\u00e3o dos fatos e exploram a linguagem e as mentalidades. Nesse contexto, as m\u00eddias sociais e a tecnologia digital podem se tornar armadilhas para conspira\u00e7\u00f5es e interesses tendenciosos. Podemos nos aproximar da verdade? Podemos revidar ou estamos fadados a destruir rela\u00e7\u00f5es com seres humanos, pa\u00edses, popula\u00e7\u00f5es por causa de mentiras e desinforma\u00e7\u00e3o? Como podemos continuar a fazer escolhas, construir relacionamentos e ficar do lado da verdade e da justi\u00e7a?<\/p>\n<p style=\"font-weight: 400;\">Todas estas quest\u00f5es foram abordadas no workshop que envolveu os jovens na constru\u00e7\u00e3o de propostas para a Uni\u00e3o Europeia, que ser\u00e3o recolhidas e apresentadas \u00e0 UE no \u00e2mbito do projeto de financiamento da Comiss\u00e3o Europeia CERV (Programa Cidad\u00e3os, Igualdade, Direitos e Valores) em mar\u00e7o de 2024. Ap\u00f3s os pain\u00e9is e din\u00e2micas de discuss\u00e3o, a pergunta &#8220;o que podemos fazer?&#8221; ecoou entre os jovens. O desejo de fazer parte de uma transforma\u00e7\u00e3o como agente de mudan\u00e7a est\u00e1 no cora\u00e7\u00e3o de cada jovem presente.<\/p>\n<p style=\"font-weight: 400;\">Steven, dos Estados Unidos, que quer ser sacerdote e viajar para o exterior para ajudar as pessoas, compartilhou suas preocupa\u00e7\u00f5es: &#8220;N\u00e3o posso nem dizer aos meus pais para parar de ler fontes de informa\u00e7\u00e3o que s\u00e3o problem\u00e1ticas. Quando Jesus voltou de Nazar\u00e9, ele foi rejeitado por sua fam\u00edlia. Muitos de n\u00f3s perderam a esperan\u00e7a. Onde podemos reencontrar a esperan\u00e7a? Por isso estamos aqui na JMJ&#8221;.<\/p>\n<p style=\"font-weight: 400;\">Adriana, uma estudante de jornalismo da Argentina, sentiu-se encorajada pelo workshop: &#8220;Nosso papel como jovens \u00e9 muito importante para combater a desinforma\u00e7\u00e3o e tamb\u00e9m pode ser feito de uma forma divertida. Se criarmos uma comunidade podemos ser mais fortes.&#8221;<\/p>\n<p style=\"font-weight: 400;\"><strong>Ruma a uma \u00e9tica transversal<\/strong><\/p>\n<p style=\"font-weight: 400;\">O curso da hist\u00f3ria n\u00e3o depende apenas da for\u00e7a das ideias, mas sobretudo da evolu\u00e7\u00e3o dos interesses pol\u00edticos e econ\u00f4micos que muitas vezes integram apenas p\u00e1lidos reflexos dessas ideias. O convite do Papa Francisco em 2014 que inspirou o <strong>DIALOP<\/strong> a iniciar um di\u00e1logo transversal continua a se desenrolar.<\/p>\n<p style=\"font-weight: 400;\">Questionado por um jovem sobre como criar um quadro \u00e9tico comum na presen\u00e7a de tantas divis\u00f5es, Walter Baier, presidente do Partido da Esquerda Europeia, respondeu: &#8220;O Papa Francisco disse que devemos aceitar o conflito como algo natural, o que devemos saber \u00e9 o que fazer com o conflito. O fato de crist\u00e3os e marxistas de tradi\u00e7\u00f5es muito diferentes, mesmo com idiomas muito diferentes, poderem sentar-se juntos e trabalhar em uma estrutura comum \u00e9 um exemplo de di\u00e1logo\u201d.<\/p>\n<p style=\"font-weight: 400;\">Tamb\u00e9m participaram dos debates Angelina Giannopoulou, da Transform! Europe, e Jos\u00e9 Manuel Pureza, do Bloco de Esquerda, assim como Michele Zanzucchi e Ana Clara Giovani, da Sophia University, e Maria Chiara de Lorenzo, do Movimento dos Focolares. No futuro, dentro do projeto Di\u00e1logo, o DIALOP organizar\u00e1 outros simp\u00f3sios sobre ecologia e pol\u00edticas sociais. Para obter mais informa\u00e7\u00f5es, fa\u00e7a login em <a href=\"https:\/\/dialop.eu\/\"><strong>https:\/\/dialop.eu.<\/strong><\/a><\/p>\n<p style=\"font-weight: 400; text-align: right;\"><em>Ana Clara Giovani<\/em><\/p>\n","protected":false},"excerpt":{"rendered":"<p>Durante la Jornada Mundial de la Juventud 2023 de Portugal, el viaje de DIALOP da un ulterior paso adelante. De 20 pa\u00edses, 134 j\u00f3venes participaron en \u201cLa comunicaci\u00f3n en tiempos de guerra\u201d promovido por DIALOP durante la JMJ para discutir acerca de c\u00f3mo las redes sociales y la tecnolog\u00eda digital pueden volverse trampas de conspiraci\u00f3n e intereses tendenciosos durante los conflictos.<\/p>\n","protected":false},"author":35,"featured_media":0,"comment_status":"open","ping_status":"open","sticky":false,"template":"","format":"standard","meta":{"give_campaign_id":0,"_seopress_robots_primary_cat":"","_seopress_titles_title":"","_seopress_titles_desc":"","_seopress_robots_index":"","_et_pb_use_builder":"","_et_pb_old_content":"","_et_gb_content_width":"","footnotes":""},"categories":[129],"tags":[],"class_list":["post-318954","post","type-post","status-publish","format-standard","hentry","category-sem-categoria"],"_links":{"self":[{"href":"https:\/\/www.focolare.org\/pt-pt\/wp-json\/wp\/v2\/posts\/318954","targetHints":{"allow":["GET"]}}],"collection":[{"href":"https:\/\/www.focolare.org\/pt-pt\/wp-json\/wp\/v2\/posts"}],"about":[{"href":"https:\/\/www.focolare.org\/pt-pt\/wp-json\/wp\/v2\/types\/post"}],"author":[{"embeddable":true,"href":"https:\/\/www.focolare.org\/pt-pt\/wp-json\/wp\/v2\/users\/35"}],"replies":[{"embeddable":true,"href":"https:\/\/www.focolare.org\/pt-pt\/wp-json\/wp\/v2\/comments?post=318954"}],"version-history":[{"count":0,"href":"https:\/\/www.focolare.org\/pt-pt\/wp-json\/wp\/v2\/posts\/318954\/revisions"}],"wp:attachment":[{"href":"https:\/\/www.focolare.org\/pt-pt\/wp-json\/wp\/v2\/media?parent=318954"}],"wp:term":[{"taxonomy":"category","embeddable":true,"href":"https:\/\/www.focolare.org\/pt-pt\/wp-json\/wp\/v2\/categories?post=318954"},{"taxonomy":"post_tag","embeddable":true,"href":"https:\/\/www.focolare.org\/pt-pt\/wp-json\/wp\/v2\/tags?post=318954"}],"curies":[{"name":"wp","href":"https:\/\/api.w.org\/{rel}","templated":true}]}}