{"id":318968,"date":"2023-09-15T10:30:39","date_gmt":"2023-09-15T08:30:39","guid":{"rendered":"https:\/\/www.focolare.org\/evangelho-vivido-quero-bendizer-vos-dia-apos-dia-e-louvar-o-vosso-nome-para-sempre-sal-145-144-2\/"},"modified":"2024-05-15T21:14:55","modified_gmt":"2024-05-15T19:14:55","slug":"evangelho-vivido-quero-bendizer-vos-dia-apos-dia-e-louvar-o-vosso-nome-para-sempre-sal-145-144-2","status":"publish","type":"post","link":"https:\/\/www.focolare.org\/pt-pt\/evangelho-vivido-quero-bendizer-vos-dia-apos-dia-e-louvar-o-vosso-nome-para-sempre-sal-145-144-2\/","title":{"rendered":"Evangelho vivido: \u201cQuero bendizer-Vos, dia ap\u00f3s dia, e louvar o vosso nome para sempre.\u201d (Sal 145 [144], 2)"},"content":{"rendered":"<p><em>Fazer com que a nossa vida se torne um louvor cont\u00ednuo a Deus, reconhecendo o seu amor e a grandeza das suas obras nas nossas vidas. \u00c9 a isso que este Salmo nos convida e representa o fundamento de toda ora\u00e7\u00e3o, especialmente quando, no amor aos irm\u00e3os e irm\u00e3s que encontramos, compreendemos a plenitude da gratid\u00e3o.<\/em>  <strong>Ajuda concreta para quem est\u00e1 perto e longe<\/strong> A guerra na Ucr\u00e2nia tamb\u00e9m semeou em n\u00f3s apreens\u00e3o e medo. Em resposta a esse vento mal\u00e9fico, \u00e0 medida que o inverno passado avan\u00e7ava, n\u00f3s e outros amigos do bairro comprometemo-nos a fornecer agasalhos e, para colmar tamb\u00e9m a falta de eletricidade, geradores e lanternas para enviar aos nossos vizinhos da fronteira. Mas uma coisa levou \u00e0 outra e, olhando ao redor, estendemos esta a\u00e7\u00e3o solid\u00e1ria para incluir os necessitados da nossa cidade. Sem nos apercebermos, surgiu um setor transversal da sociedade ao qual n\u00e3o hav\u00edamos prestado suficientemente aten\u00e7\u00e3o. Algu\u00e9m nos disse que foi necess\u00e1ria a guerra na Ucr\u00e2nia para abrir os nossos olhos. Hoje, al\u00e9m de continuarmos as recolhas para as v\u00edtimas da guerra, tamb\u00e9m trabalhamos por esses vizinhos mais pr\u00f3ximos que precisam de n\u00f3s. (J.M. \u2013 Hungria)  <strong>Esperan\u00e7a<\/strong> Na sala de espera de uma rodovi\u00e1ria, noto a presen\u00e7a de uma senhora jovem, bonita e elegante. H\u00e1 sinais de sofrimento sombrio em seu rosto. Entramos no mesmo \u00f4nibus. Depois, no balc\u00e3o da esta\u00e7\u00e3o ferrovi\u00e1ria, retiramos o bilhete para o mesmo destino. Vou lan\u00e7ar algumas frases superficiais enquanto nos dirigimos para a nossa plataforma. Infelizmente, nosso trem acabou de partir; temos duas horas de espera pela frente. Sugiro \u00e0 senhora que nos sentemos na sala de espera. Diante de seu rosto sempre tenso, deixo de lado meus problemas e o cansa\u00e7o e decido ouvi-la. Enquanto ela me fala sobre a prova\u00e7\u00e3o que vive h\u00e1 meses, me pego revivendo um drama que j\u00e1 vivi. Converso com ela sobre isso. Mais tarde, na estrada, a conversa fica t\u00e3o intensa que nem percebemos que chegamos ao destino. Tento cumpriment\u00e1-la, mas ela quer me acompanhar at\u00e9 o local onde devo ir, para n\u00e3o interromper a conversa. Agora seu rosto est\u00e1 relaxado, seu fardo ficou mais leve. Ent\u00e3o adeus. Talvez eu n\u00e3o a veja novamente, mas tenho certeza de que ainda h\u00e1 esperan\u00e7a nela tamb\u00e9m. (R.A. \u2013 Inglaterra) <\/p>\n<p style=\"text-align: left;\"><strong>Vivemos de sorrisos<\/strong> \u00c9 gratificante para mim, m\u00e9dica de cuidados paliativos, ser recebida pela manh\u00e3 com um sorriso e o rosto descontra\u00eddo por quem, na noite anterior, ficou com medo de como a passaria devido \u00e0s dores: sim, correu tudo bem, e eu me sinto muito melhor. N\u00e3o era \u00f3bvio: os opi\u00e1ceos, na verdade, ainda s\u00e3o drogas temidas porque s\u00e3o pouco conhecidos e era necess\u00e1rio um di\u00e1logo aberto entre m\u00e9dico e paciente. Observo a postura de outro paciente, cujas express\u00f5es faciais se reduzem a acenos de olhos. \u201cMas senhora, voc\u00ea est\u00e1 com dor?\u201d. O fechar das p\u00e1lpebras \u00e9 um assentimento e me pergunto: como n\u00e3o percebi isso antes? Tendo proposto e aceitado a terapia, sua express\u00e3o sempre carrancuda relaxa e seus olhos sorriem. Quando me vejo enfrentando meu limite todos os dias, tamb\u00e9m posso n\u00e3o sorrir. Nesses momentos o outro (um colega, um familiar, um operador) funciona como meu \u201cespelho\u201d e me ajuda a olhar para dentro de mim. Preciso de uma boa dose de humildade para aprender a me aceitar. Mas ent\u00e3o sorrio de como estou e, passada a nuvem, vejo a possibilidade de come\u00e7ar a amar novamente. (Paola &#8211; It\u00e1lia)<\/p>\n<p style=\"text-align: right;\"><em>Por Maria Grazia Berretta<\/em><\/p>\n<p style=\"text-align: left;\"><em>(extra\u00eddo de Il Vangelo del Giorno, Citt\u00e0 Nuova, ano IX \u2013 n\u00ba 1 setembro-outubro de 2023)<\/em><\/p>\n","protected":false},"excerpt":{"rendered":"<p>Fazer com que a nossa vida se torne um louvor cont\u00ednuo a Deus, reconhecendo o seu amor e a grandeza das suas obras nas nossas vidas. \u00c9 a isso que este Salmo nos convida e representa o fundamento de toda ora\u00e7\u00e3o, especialmente quando, no amor aos irm\u00e3os e irm\u00e3s que encontramos, compreendemos a plenitude da gratid\u00e3o.<\/p>\n","protected":false},"author":33,"featured_media":0,"comment_status":"open","ping_status":"open","sticky":false,"template":"","format":"standard","meta":{"give_campaign_id":0,"_seopress_robots_primary_cat":"","_seopress_titles_title":"","_seopress_titles_desc":"","_seopress_robots_index":"","_et_pb_use_builder":"","_et_pb_old_content":"","_et_gb_content_width":"","footnotes":""},"categories":[129],"tags":[],"class_list":["post-318968","post","type-post","status-publish","format-standard","hentry","category-sem-categoria"],"_links":{"self":[{"href":"https:\/\/www.focolare.org\/pt-pt\/wp-json\/wp\/v2\/posts\/318968","targetHints":{"allow":["GET"]}}],"collection":[{"href":"https:\/\/www.focolare.org\/pt-pt\/wp-json\/wp\/v2\/posts"}],"about":[{"href":"https:\/\/www.focolare.org\/pt-pt\/wp-json\/wp\/v2\/types\/post"}],"author":[{"embeddable":true,"href":"https:\/\/www.focolare.org\/pt-pt\/wp-json\/wp\/v2\/users\/33"}],"replies":[{"embeddable":true,"href":"https:\/\/www.focolare.org\/pt-pt\/wp-json\/wp\/v2\/comments?post=318968"}],"version-history":[{"count":0,"href":"https:\/\/www.focolare.org\/pt-pt\/wp-json\/wp\/v2\/posts\/318968\/revisions"}],"wp:attachment":[{"href":"https:\/\/www.focolare.org\/pt-pt\/wp-json\/wp\/v2\/media?parent=318968"}],"wp:term":[{"taxonomy":"category","embeddable":true,"href":"https:\/\/www.focolare.org\/pt-pt\/wp-json\/wp\/v2\/categories?post=318968"},{"taxonomy":"post_tag","embeddable":true,"href":"https:\/\/www.focolare.org\/pt-pt\/wp-json\/wp\/v2\/tags?post=318968"}],"curies":[{"name":"wp","href":"https:\/\/api.w.org\/{rel}","templated":true}]}}