{"id":318982,"date":"2023-10-08T12:18:16","date_gmt":"2023-10-08T10:18:16","guid":{"rendered":"https:\/\/www.focolare.org\/margaret-karram-encontrar-o-caminho-do-respeito-pelos-direitos-humanos-atraves-do-dialogo-e-da-reconciliacao\/"},"modified":"2024-05-15T21:14:57","modified_gmt":"2024-05-15T19:14:57","slug":"margaret-karram-encontrar-o-caminho-do-respeito-pelos-direitos-humanos-atraves-do-dialogo-e-da-reconciliacao","status":"publish","type":"post","link":"https:\/\/www.focolare.org\/pt-pt\/margaret-karram-encontrar-o-caminho-do-respeito-pelos-direitos-humanos-atraves-do-dialogo-e-da-reconciliacao\/","title":{"rendered":"Margaret Karram: encontrar o caminho do respeito pelos direitos humanos atrav\u00e9s do di\u00e1logo e da reconcilia\u00e7\u00e3o"},"content":{"rendered":"<p><em>A declara\u00e7\u00e3o da presidente do Movimento dos Focolares ap\u00f3s a eclos\u00e3o de graves viol\u00eancias na Terra Santa, em 7 de outubro de 2023: &#8220;Justi\u00e7a, di\u00e1logo e reconcilia\u00e7\u00e3o, instrumentos indispens\u00e1veis para construir a paz&#8221;.<\/em> <\/p>\n<blockquote>\n<p style=\"text-align: right;\"><span style=\"font-size: 20px;\">Roma, 8 de outubro de 2023<\/span><\/p>\n<p> <span style=\"font-size: 20px;\">N\u00e3o h\u00e1 palavras para expressar a infinita dor que sinto no cora\u00e7\u00e3o pelo povo de Israel e da Palestina; pelos mortos, pelas pessoas feridas, pelos ref\u00e9ns, pelos desaparecidos e por suas fam\u00edlias, provocada pela recente grav\u00edssima explos\u00e3o de viol\u00eancia na minha terra.<\/span>  <span style=\"font-size: 20px;\">\u00c9 com profunda f\u00e9 que, com todo o Movimento dos Focolares, me uno ao apelo de Papa Francisco, do Patriarcado Latino de Jerusal\u00e9m, \u00e0s palavras de paz dos l\u00edderes das diversas Igrejas crist\u00e3s e dos l\u00edderes das religi\u00f5es &#8211; em particular da regi\u00e3o israelense-palestina &#8211; para pedir <strong>que cessem o uso das armas e compreendam que<\/strong>, como disse o Papa Francisco no Angelus de hoje, <strong>&#8220;o terrorismo e a guerra n\u00e3o levam a nenhuma solu\u00e7\u00e3o, mas toda guerra \u00e9 uma derrota<\/strong>&#8220;.<\/span>  <span style=\"font-size: 20px;\">Na ora\u00e7\u00e3o ao Deus da Paz e da Justi\u00e7a, estou tamb\u00e9m unida a todos aqueles que, em todo o mundo, oferecem ora\u00e7\u00f5es, sofrimentos e a\u00e7\u00f5es, para que a paz possa triunfar sobre o \u00f3dio e o terror. Agrade\u00e7o especialmente \u00e0queles que me escreveram de lugares onde h\u00e1 conflitos, como a Ucr\u00e2nia, manifestando sua solidariedade e proximidade, apesar da tr\u00e1gica situa\u00e7\u00e3o em que vivem h\u00e1 mais de um ano.<\/span>  <span style=\"font-size: 20px;\">Vamos nos empenhar a construir um mundo fraterno e fazer tudo o que estiver ao nosso alcance para que estes povos e todos aqueles que se encontram nas mesmas condi\u00e7\u00f5es de instabilidade e viol\u00eancia, encontrem o caminho do respeito aos direitos humanos; onde a justi\u00e7a, o di\u00e1logo e a reconcilia\u00e7\u00e3o s\u00e3o instrumentos indispens\u00e1veis para a constru\u00e7\u00e3o da paz.\u00a0<\/span> <\/p>\n<p style=\"text-align: right;\"><span style=\"font-size: 20px;\"><em>Margaret Karram Presidente do Movimento dos Focolares<\/em><\/span><\/p>\n<\/blockquote>\n","protected":false},"excerpt":{"rendered":"<p>A declara\u00e7\u00e3o da presidente do Movimento dos Focolares ap\u00f3s a eclos\u00e3o de graves viol\u00eancias na Terra Santa, em 7 de outubro de 2023: &#8220;Justi\u00e7a, di\u00e1logo e reconcilia\u00e7\u00e3o, instrumentos indispens\u00e1veis para construir a paz&#8221;.<\/p>\n","protected":false},"author":34,"featured_media":0,"comment_status":"open","ping_status":"open","sticky":false,"template":"","format":"standard","meta":{"give_campaign_id":0,"_seopress_robots_primary_cat":"","_seopress_titles_title":"","_seopress_titles_desc":"","_seopress_robots_index":"","_et_pb_use_builder":"","_et_pb_old_content":"","_et_gb_content_width":"","footnotes":""},"categories":[129],"tags":[],"class_list":["post-318982","post","type-post","status-publish","format-standard","hentry","category-sem-categoria"],"_links":{"self":[{"href":"https:\/\/www.focolare.org\/pt-pt\/wp-json\/wp\/v2\/posts\/318982","targetHints":{"allow":["GET"]}}],"collection":[{"href":"https:\/\/www.focolare.org\/pt-pt\/wp-json\/wp\/v2\/posts"}],"about":[{"href":"https:\/\/www.focolare.org\/pt-pt\/wp-json\/wp\/v2\/types\/post"}],"author":[{"embeddable":true,"href":"https:\/\/www.focolare.org\/pt-pt\/wp-json\/wp\/v2\/users\/34"}],"replies":[{"embeddable":true,"href":"https:\/\/www.focolare.org\/pt-pt\/wp-json\/wp\/v2\/comments?post=318982"}],"version-history":[{"count":0,"href":"https:\/\/www.focolare.org\/pt-pt\/wp-json\/wp\/v2\/posts\/318982\/revisions"}],"wp:attachment":[{"href":"https:\/\/www.focolare.org\/pt-pt\/wp-json\/wp\/v2\/media?parent=318982"}],"wp:term":[{"taxonomy":"category","embeddable":true,"href":"https:\/\/www.focolare.org\/pt-pt\/wp-json\/wp\/v2\/categories?post=318982"},{"taxonomy":"post_tag","embeddable":true,"href":"https:\/\/www.focolare.org\/pt-pt\/wp-json\/wp\/v2\/tags?post=318982"}],"curies":[{"name":"wp","href":"https:\/\/api.w.org\/{rel}","templated":true}]}}