{"id":319004,"date":"2023-11-20T10:00:10","date_gmt":"2023-11-20T09:00:10","guid":{"rendered":"https:\/\/www.focolare.org\/todos-responsaveis-por-todos-formacao-em-rede\/"},"modified":"2025-01-14T09:09:17","modified_gmt":"2025-01-14T08:09:17","slug":"todos-responsaveis-por-todos-formacao-em-rede","status":"publish","type":"post","link":"https:\/\/www.focolare.org\/pt-pt\/todos-responsaveis-por-todos-formacao-em-rede\/","title":{"rendered":"Todos respons\u00e1veis \u200b\u200bpor todos: forma\u00e7\u00e3o em rede"},"content":{"rendered":"<p><em>A partir de hoje, 20 de novembro de 2023, est\u00e3o dispon\u00edveis as novas Diretrizes para a Forma\u00e7\u00e3o sobre a Prote\u00e7\u00e3o de Crian\u00e7as, Adolescentes e Pessoas em Situa\u00e7\u00e3o de Vulnerabilidade desenvolvidas pelo Movimento dos Focolares. Margarita G\u00f3mez e \u00c9tienne Kenfack, Conselheiros do Centro Internacional do Movimento para o aspecto Vida F\u00edsica e Natureza, oferecem-nos alguns esclarecimentos.<\/em> Ilustrar as caracter\u00edsticas necess\u00e1rias para se comprometer concretamente com a prote\u00e7\u00e3o da vida e da dignidade de cada pessoa: \u00e9 isso que distingue as novas <a href=\"https:\/\/www.focolare.org\/download\/110\/portoghese\/284237\/6-diretrizes-para-a-formacao-sobre-a-protecao-de-criancas-adolescentes-e-adultos-vulneraveis.pdf?lang=pt-pt\" target=\"_blank\" rel=\"noopener\"><em>Diretrizes para a Forma\u00e7\u00e3o sobre a Prote\u00e7\u00e3o de Crian\u00e7as, Adolescentes e Adultos Vulner\u00e1veis<\/em> \u200b\u200b(FPCV) <\/a>no Movimento dos Focolares, lan\u00e7ada hoje, 20 de novembro de 2023, Dia Internacional da Crian\u00e7a e do Adolescente. O trabalho contou com a colabora\u00e7\u00e3o direta de 40 especialistas e pessoas envolvidas neste campo de todos os continentes e teve como objetivo fornecer os elementos necess\u00e1rios para que, em cada pa\u00eds onde o Movimento dos Focolares atua, possa-se desenvolver uma estrat\u00e9gia de forma\u00e7\u00e3o adequada, orientada para prevenir e erradicar qualquer tipo de abuso, tanto dentro do Movimento como nos ambientes onde os seus membros se encontram (trabalho, bairro, escola). Desde 2013, o Movimento aposta na forma\u00e7\u00e3o para a prote\u00e7\u00e3o de crian\u00e7as e adolescentes, com um trabalho capilar em todos os pa\u00edses onde atua e com a realiza\u00e7\u00e3o de um curso de seis horas que continha os princ\u00edpios fundamentais. Este esfor\u00e7o de forma\u00e7\u00e3o atingiu 17.000 pessoas at\u00e9 dezembro de 2022 e, embora a forma\u00e7\u00e3o fosse aberta a todos, foi realizada principalmente por pessoas que tinham responsabilidades ou contato direto em atividades com crian\u00e7as. Depois da publica\u00e7\u00e3o do relat\u00f3rio sobre os graves casos de abusos sexuais registrados na Fran\u00e7a, publicado um ano depois da investiga\u00e7\u00e3o da consultoria <a href=\"https:\/\/gcps.consulting\/\" target=\"_blank\" rel=\"noopener\">GCPS<\/a>, surgiu a forte necessidade de oferecer uma forma\u00e7\u00e3o mais espec\u00edfica a todos os membros do Movimento dos Focolares, de qualquer na\u00e7\u00e3o, idade, voca\u00e7\u00e3o ou fun\u00e7\u00e3o. Por esta raz\u00e3o, as Diretrizes representam uma ferramenta universal, deixando amplo espa\u00e7o para uma incultura\u00e7\u00e3o adequada e uma implementa\u00e7\u00e3o espec\u00edfica no contexto particular de origem. \u201cA forma\u00e7\u00e3o dirige-se a todos, e por &#8216;todos&#8217; entendemos n\u00e3o s\u00f3 os pertencentes ao Movimento, mas tamb\u00e9m as pessoas que trabalham nas nossas estruturas &#8211; afirma \u00c9tienne Kenfack. As Diretrizes, no entanto, dirigem-se aos dirigentes do Movimento nas diversas geografias e \u00e0s suas equipes que ser\u00e3o respons\u00e1veis \u200b\u200bpela sua implementa\u00e7\u00e3o\u201d. As Diretrizes entrar\u00e3o em vigor em 1\u00ba de janeiro de 2024, por um per\u00edodo de 20 meses <em>ad experimentum<\/em>. Um per\u00edodo de checagem para poder perceber todas as mudan\u00e7as e transforma\u00e7\u00f5es que ser\u00e3o necess\u00e1rias no futuro. \u201cO documento \u2013 continua Margarita G\u00f3mez \u2013 baseia-se num recurso fundamental para n\u00f3s, isto \u00e9, a comunh\u00e3o: portanto, trabalharemos em rede. Haver\u00e1 uma comiss\u00e3o internacional e v\u00e1rias equipes que realizar\u00e3o o projeto localmente. Haver\u00e1 momentos de troca, com links online para nos ajudar a tirar d\u00favidas, para partilhar boas pr\u00e1ticas. N\u00e3o \u00e9 por acaso que decidimos intitular o nosso programa de forma\u00e7\u00e3o como \u201cTodos respons\u00e1veis \u200b\u200bpor todos\u201d. Espero que estas Diretrizes sejam muito bem acolhidas nas nossas comunidades e que, em poucos meses, tenhamos dado um impulso significativo \u00e0 forma\u00e7\u00e3o nesta mat\u00e9ria\u201d.<\/p>\n<p style=\"text-align: right;\"><em>Maria Grazia Berretta<\/em><\/p>\n<p><strong>Ver o v\u00eddeo<\/strong>\u00a0(ativar legendas em portugu\u00eas) https:\/\/youtu.be\/OsZW-DC_E7U<\/p>\n<p>\u00a0<\/p>\n\n\n<figure class=\"wp-block-embed is-type-video is-provider-youtube wp-block-embed-youtube wp-embed-aspect-16-9 wp-has-aspect-ratio\"><div class=\"wp-block-embed__wrapper\">\n<iframe loading=\"lazy\" title=\"&quot;Tutti responsabili di tutti&quot;\" width=\"1080\" height=\"608\" src=\"https:\/\/www.youtube.com\/embed\/OsZW-DC_E7U?feature=oembed\"  allow=\"accelerometer; autoplay; clipboard-write; encrypted-media; gyroscope; picture-in-picture; web-share\" referrerpolicy=\"strict-origin-when-cross-origin\" allowfullscreen><\/iframe>\n<\/div><\/figure>\n","protected":false},"excerpt":{"rendered":"<p>A partir de hoje, 20 de novembro de 2023, est\u00e3o dispon\u00edveis as novas Diretrizes para a Forma\u00e7\u00e3o sobre a Prote\u00e7\u00e3o de Crian\u00e7as, Adolescentes e Pessoas em Situa\u00e7\u00e3o de Vulnerabilidade desenvolvidas pelo Movimento dos Focolares. Margarita G\u00f3mez e \u00c9tienne Kenfack, Conselheiros do Centro Internacional do Movimento pela vertente Vida F\u00edsica e Natureza, oferecem-nos alguns esclarecimentos.<\/p>\n","protected":false},"author":33,"featured_media":0,"comment_status":"open","ping_status":"open","sticky":false,"template":"","format":"standard","meta":{"give_campaign_id":0,"_seopress_robots_primary_cat":"","_seopress_titles_title":"","_seopress_titles_desc":"","_seopress_robots_index":"","_et_pb_use_builder":"","_et_pb_old_content":"","_et_gb_content_width":"","footnotes":""},"categories":[2941,129,3306],"tags":[3347,3198],"class_list":["post-319004","post","type-post","status-publish","format-standard","hentry","category-focolari-nel-mondo-3","category-sem-categoria","category-tutela-minori-pt-pt","tag-notifiche-pt-pt","tag-ppg-pt-pt"],"_links":{"self":[{"href":"https:\/\/www.focolare.org\/pt-pt\/wp-json\/wp\/v2\/posts\/319004","targetHints":{"allow":["GET"]}}],"collection":[{"href":"https:\/\/www.focolare.org\/pt-pt\/wp-json\/wp\/v2\/posts"}],"about":[{"href":"https:\/\/www.focolare.org\/pt-pt\/wp-json\/wp\/v2\/types\/post"}],"author":[{"embeddable":true,"href":"https:\/\/www.focolare.org\/pt-pt\/wp-json\/wp\/v2\/users\/33"}],"replies":[{"embeddable":true,"href":"https:\/\/www.focolare.org\/pt-pt\/wp-json\/wp\/v2\/comments?post=319004"}],"version-history":[{"count":0,"href":"https:\/\/www.focolare.org\/pt-pt\/wp-json\/wp\/v2\/posts\/319004\/revisions"}],"wp:attachment":[{"href":"https:\/\/www.focolare.org\/pt-pt\/wp-json\/wp\/v2\/media?parent=319004"}],"wp:term":[{"taxonomy":"category","embeddable":true,"href":"https:\/\/www.focolare.org\/pt-pt\/wp-json\/wp\/v2\/categories?post=319004"},{"taxonomy":"post_tag","embeddable":true,"href":"https:\/\/www.focolare.org\/pt-pt\/wp-json\/wp\/v2\/tags?post=319004"}],"curies":[{"name":"wp","href":"https:\/\/api.w.org\/{rel}","templated":true}]}}