{"id":319020,"date":"2023-12-20T12:00:58","date_gmt":"2023-12-20T11:00:58","guid":{"rendered":"https:\/\/www.focolare.org\/o-gen-rosso-entre-os-jovens-presos\/"},"modified":"2024-05-15T21:15:03","modified_gmt":"2024-05-15T19:15:03","slug":"o-gen-rosso-entre-os-jovens-presos","status":"publish","type":"post","link":"https:\/\/www.focolare.org\/pt-pt\/o-gen-rosso-entre-os-jovens-presos\/","title":{"rendered":"O Gen Rosso entre os jovens presos"},"content":{"rendered":"<p><em>Uma tarde passada com os jovens do Instituto penal juvenil de Roma, com uma mensagem de esperan\u00e7a e alegria<\/em>  Casal de Marmo, periferia noroeste de Roma, It\u00e1lia. O bairro \u00e9 famoso pela presen\u00e7a de uma penitenci\u00e1ria juvenil que recebe jovens provenientes de v\u00e1rias partes da It\u00e1lia, muitos dos quais s\u00e3o estrangeiros.  Por ocasi\u00e3o da <a href=\"https:\/\/www.nuoviorizzonti.org\/2023\/09\/29\/missione-di-strada-roma-2023\/\" target=\"_blank\" rel=\"noopener\">Miss\u00e3o de Rua<\/a> \u201cVive por algo de grande\u201d \u2013 organizada por algumas associa\u00e7\u00f5es e comunidades, entre elas o Movimento dos Focolares \u2013 o Gen Rosso entrou no Instituto.  No momento da chegada havia cerca de 40 jovens que os esperavam mas, o que n\u00e3o se esperava era a primeira rea\u00e7\u00e3o, bastante fria.  A maioria \u00e9 de l\u00edngua \u00e1rabe. Mas Lito, um jovem amigo do Gen Rosso, um \u00f3timo Dj, \u00e9 eg\u00edpcio e fala a l\u00edngua deles. Ele come\u00e7a agindo como int\u00e9rprete. Eles n\u00e3o esperavam por isso. Aos poucos o clima se aquece, a m\u00fasica ajuda. O tempo passa voando entre ritmos, can\u00e7\u00f5es, aplausos e reflex\u00f5es profundas. Olhos brilhantes, sorrisos sinceros. A simplicidade de uma tarde diferente por tr\u00e1s daqueles muros.  O Gen Rosso consegue transmitir uma mensagem de esperan\u00e7a, recorrendo tamb\u00e9m a algumas interven\u00e7\u00f5es do Papa Francisco.  \u201cMesmo se voc\u00ea erra poder\u00e1 sempre levantar a cabe\u00e7a e recome\u00e7ar, porque ningu\u00e9m tem o direito de lhe roubar a esperan\u00e7a\u201d. S\u00e3o palavras do Papa em 2019, quando se encontrou com os jovens em sua <a href=\"https:\/\/www.vatican.va\/content\/francesco\/it\/speeches\/2019\/may\/documents\/papa-francesco_20190507_macedoniadelnord-giovani.html\" target=\"_blank\" rel=\"noopener\">viagem apost\u00f3lica<\/a> \u00e0 Bulg\u00e1ria e Maced\u00f4nia do Norte. \u201cQual adrenalina \u00e9 maior do que comprometer-se todos os dias, com dedica\u00e7\u00e3o, para ser artes\u00e3os de sonhos, artes\u00e3os de esperan\u00e7a? \u2013 iniciou o Papa -. Os sonhos nos ajudam a manter viva a certeza de que um mundo diferente \u00e9 poss\u00edvel (&#8230;). Os sonhos mais lindos se conquistam com esperan\u00e7a, paci\u00eancia e compromisso\u201d.  Palavras que ressoam no Intituto juvenil. Sim, chegou a hora de sonhar de olhos abertos. Helanio toma a iniciativa. Pega o microfone: \u201csabemos que entre voc\u00eas tem algu\u00e9m que canta&#8230;\u201d. E logo sobem no palco tr\u00eas rapazes, <em>rapper<\/em>. Falam rapidamente com Ygor, da percuss\u00e3o, e com Juan Francisco, da guitarra, e se come\u00e7a com um <em>beat<\/em>, um ritmo improvisado. Os tr\u00eas rapazes, que depois eram quatro, se revesam com estrofes improvisadas em \u00e1rabe, franc\u00eas, italiano e novamente em \u00e1rabe.  O p\u00fablico delira e segue o ritmo batendo as m\u00e3os. E o grande final fica com todos juntos, o Gen Rosso e os <em>rapper<\/em>. Todos s\u00e3o envolvidos: a pol\u00edcia penitenci\u00e1ria, os presos, a dire\u00e7\u00e3o. Dan\u00e7am inclusive os visitantes, aqueles que organizaram a iniciativa: Novos Horizontes, Focolares, Comunidade Emanuel, Fazenda da Esperan\u00e7a, Shalom, Casa do Menor, Miss\u00e3o Bel\u00e9m, as Sentinelas da Manh\u00e3 de P\u00e1scoa, Comunidade Lumen, Comunidade Anspaz, em sinergia com a Diocese de Roma.  \u00c9 evidente, a esperan\u00e7a existe. E tamb\u00e9m os talentos destes jovens.  A diretora, Dra. Maria Vittoria Menenti, sobe ao palco, toma o microfone e agradece aos jovens que est\u00e3o no instituto juvenil e ao Gen Rosso, com a esperan\u00e7a que se possa repetir no futuro.  O tempo voou. \u00c9 preciso ir embora. As despedidas t\u00eam apertos de m\u00e3o, abra\u00e7os, tapinhas nas costas, grandes sorrisos. \u201cVoltem logo!!!\u201d.  Ao sair muitos pensam na frase do Evangelho, <em>\u201conde dois os tr\u00eas est\u00e3o reunidos em meu nome, eu estou no meio deles\u201d (Mt 18,20)<\/em>: quando procuramos nos querer bem a presen\u00e7a de Deus faz acontecer coisas maravilhosas. Ainda mais quando isso \u00e9 vivido num lugar como este, impregnado de sofrimento, de raiva, de desconforto, mas tamb\u00e9m, e principalmente, de esperan\u00e7a.  Os rapazes voltam \u00e0s suas celas. O Gen Rosso retoma mais uma viagem. Cada um leva consigo algo profundo. Todos fortemente recarregados pela mesma fonte inexaur\u00edvel de alegria e de esperan\u00e7a. <\/p>\n<p style=\"text-align: right;\"><em>Lorenzo Russo<\/em><\/p>\n","protected":false},"excerpt":{"rendered":"<p>Uma tarde passada com os jovens do Instituto penal juvenil de Roma, com uma mensagem de esperan\u00e7a e alegria<\/p>\n","protected":false},"author":33,"featured_media":0,"comment_status":"open","ping_status":"open","sticky":false,"template":"","format":"standard","meta":{"give_campaign_id":0,"_seopress_robots_primary_cat":"","_seopress_titles_title":"","_seopress_titles_desc":"","_seopress_robots_index":"","_et_pb_use_builder":"","_et_pb_old_content":"","_et_gb_content_width":"","footnotes":""},"categories":[129],"tags":[],"class_list":["post-319020","post","type-post","status-publish","format-standard","hentry","category-sem-categoria"],"_links":{"self":[{"href":"https:\/\/www.focolare.org\/pt-pt\/wp-json\/wp\/v2\/posts\/319020","targetHints":{"allow":["GET"]}}],"collection":[{"href":"https:\/\/www.focolare.org\/pt-pt\/wp-json\/wp\/v2\/posts"}],"about":[{"href":"https:\/\/www.focolare.org\/pt-pt\/wp-json\/wp\/v2\/types\/post"}],"author":[{"embeddable":true,"href":"https:\/\/www.focolare.org\/pt-pt\/wp-json\/wp\/v2\/users\/33"}],"replies":[{"embeddable":true,"href":"https:\/\/www.focolare.org\/pt-pt\/wp-json\/wp\/v2\/comments?post=319020"}],"version-history":[{"count":0,"href":"https:\/\/www.focolare.org\/pt-pt\/wp-json\/wp\/v2\/posts\/319020\/revisions"}],"wp:attachment":[{"href":"https:\/\/www.focolare.org\/pt-pt\/wp-json\/wp\/v2\/media?parent=319020"}],"wp:term":[{"taxonomy":"category","embeddable":true,"href":"https:\/\/www.focolare.org\/pt-pt\/wp-json\/wp\/v2\/categories?post=319020"},{"taxonomy":"post_tag","embeddable":true,"href":"https:\/\/www.focolare.org\/pt-pt\/wp-json\/wp\/v2\/tags?post=319020"}],"curies":[{"name":"wp","href":"https:\/\/api.w.org\/{rel}","templated":true}]}}