{"id":319038,"date":"2024-01-22T02:45:38","date_gmt":"2024-01-22T01:45:38","guid":{"rendered":"https:\/\/www.focolare.org\/baier-e-kronreif-dialop-e-um-modelo-de-dialogo-nestes-tempos-de-polarizacoes\/"},"modified":"2024-05-15T21:15:06","modified_gmt":"2024-05-15T19:15:06","slug":"baier-e-kronreif-dialop-e-um-modelo-de-dialogo-nestes-tempos-de-polarizacoes","status":"publish","type":"post","link":"https:\/\/www.focolare.org\/pt-pt\/baier-e-kronreif-dialop-e-um-modelo-de-dialogo-nestes-tempos-de-polarizacoes\/","title":{"rendered":"Baier e Kronreif: \u201cDialop \u00e9 um modelo de di\u00e1logo nestes tempos de polariza\u00e7\u00f5es\u201d."},"content":{"rendered":"<p><em>H\u00e1 mais de 10 anos, Walter Baier e Franz Kronreif iniciaram em Viena um caminho entre marxistas e cat\u00f3licos na perspectiva \u2013 ousada na \u00e9poca e ousada hoje \u2013 de elaborar uma \u00e9tica social compartilhada com base em um projeto de di\u00e1logo transversal, denominado Dialop, lan\u00e7ado em 2014. Baier, pol\u00edtico, \u00e9 atualmente presidente da Esquerda Europeia, Kronreif \u00e9 um arquiteto, membro do Movimento dos Focolares.<\/em>  <strong><em>A que resultados se chegou com a Confer\u00eancia dos dias passados no caminho de Dialop?<\/em><\/strong>  <strong>Baier<\/strong>: \u201c\u00c9 dif\u00edcil dar uma resposta agora porque ainda temos que avaliar as coisas entre n\u00f3s. Li v\u00e1rias vezes o discurso que o papa Franscisco fez e descobri novos aspectos. Isso quer dizer que devemos refletir atentamente\u201d. De qualquer jeito, com certeza o encontro com o papa abre um novo cap\u00edtulo entre a Esquerda na Europa e a Igreja Cat\u00f3lica. O papa falou justamente coisas que tamb\u00e9m nos movem, ou seja, dar prefer\u00eancia para os pobres, defender a M\u00e3e-Terra, os direitos dos imigrantes, o direito pela vida\u201d.  <strong>Kronreif<\/strong>: \u201cO que mais me impressionou \u00e9 que o papa realmente quis esse encontro com representantes de Dialop. Desde o in\u00edcio, vimos que se sentia muito bem com o nosso grupo, metade cat\u00f3lico, metade marxista. Falou muito livremente e construiu rela\u00e7\u00f5es acolhendo tamb\u00e9m as perguntas. Ele nos encorajou a prosseguir com o di\u00e1logo, porque o di\u00e1logo \u00e9 fundamental hoje. Tamb\u00e9m destacou a luta contra a corrup\u00e7\u00e3o. E ent\u00e3o nos convidou a sonhar com um futuro melhor, porque com os sonhos podemos conseguir romper os esquemas\u201d.  <strong><img alt=\"\" alt=\"\" loading=\"lazy\" decoding=\"async\" class=\"wp-image-260763 alignright\" src=\"https:\/\/www.focolare.org\/wp-content\/uploads\/2024\/01\/IMG_0467-453x340.jpg\" alt=\"\" width=\"348\" height=\"261\" \/>Baier<\/strong>: \u201cTamb\u00e9m \u00e9 muito importante o que aconteceu no Instituto Universit\u00e1rio Sophia, em Loppiano. Acho que \u00e9 uma nova etapa do di\u00e1logo. Demonstra o quanto \u00e9 rico saber que conseguimos mobilizar. A pr\u00e9-condi\u00e7\u00e3o para isso \u00e9 que conseguimos criar um espa\u00e7o no qual todos os participantes conseguiram se expressar. Do lado marxista, todas as contribui\u00e7\u00f5es foram n\u00e3o-ortodoxas. Se tiv\u00e9ssemos dito essas coisas h\u00e1 dez anos, nossos partidos socialistas ou comunistas teriam nos expulsado\u201d.  <strong><em>Por exemplo?<\/em><\/strong>  <strong>Baier<\/strong>: \u201cComo nos movemos como marxistas com o v\u00e9rtice da Igreja Cat\u00f3lica \u00e9 algo in\u00e9dito. E a autocr\u00edtica que come\u00e7amos a fazer com rela\u00e7\u00e3o a nossas contradi\u00e7\u00f5es. Isso s\u00f3 \u00e9 poss\u00edvel neste tipo de di\u00e1logo que criamos em Sophia. E destaco que, nesta experi\u00eancia de di\u00e1logo, a outra parte consegue ativar a melhor parte de n\u00f3s\u201d.  <strong><em>Quais perspectivas se abriram com essa etapa que se iniciou em 2024?<\/em><\/strong>  <strong>Baier<\/strong>: \u201cPara mim, como pol\u00edtico, \u00e9 importante que consigamos mobilizar a sociedade e a opini\u00e3o p\u00fablica sobre os temas da justi\u00e7a, da ecologia integral, sobretudo da paz. Mesmo que n\u00e3o devamos nos iludir. N\u00e3o se trata tanto de discursos, mas de um confronto com poderes fortes. Isso requer decis\u00f5es democr\u00e1ticas e \u00e9 necess\u00e1rio a maioria sobre tais temas. Acho que devemos desenvolver o nosso di\u00e1logo nessa dire\u00e7\u00e3o\u201d.  <strong>Kronreif<\/strong>: \u201cA perspectiva que surgiu \u00e9 que constatamos que no nosso di\u00e1logo conseguimos dar vida a uma experi\u00eancia de verdadeiro encontro que pode se alargar a outros di\u00e1logos ou integrar outros assuntos no nosso di\u00e1logo. J\u00e1 temos um m\u00e9todo e uma experi\u00eancia t\u00e3o radicada e vivida, que estamos mais abertos a integrar outros componentes. E pode resultar em um m\u00e9todo democr\u00e1tico \u00fatil para como tratar e enfrentar certos temas nos parlamentos, na sociedade e na opini\u00e3o p\u00fablica, na qual agora prevalece uma cis\u00e3o muito forte e uma radicaliza\u00e7\u00e3o sobre posi\u00e7\u00f5es extremas\u201d. <\/p>\n<p style=\"text-align: right;\"><em>Paolo L\u00f2riga<\/em><\/p>\n","protected":false},"excerpt":{"rendered":"<p>H\u00e1 mais de 10 anos, Walter Baier e Franz Kronreif iniciaram em Viena um caminho entre marxistas e cat\u00f3licos na perspectiva \u2013 ousada na \u00e9poca e ousada hoje \u2013 de elaborar uma \u00e9tica social compartilhada com base em um projeto de di\u00e1logo transversal, denominado Dialop, lan\u00e7ado em 2014. Baier, pol\u00edtico, \u00e9 atualmente presidente da Esquerda Europeia, Kronreif \u00e9 um arquiteto, membro do Movimento dos Focolares.<\/p>\n","protected":false},"author":34,"featured_media":0,"comment_status":"open","ping_status":"open","sticky":false,"template":"","format":"standard","meta":{"give_campaign_id":0,"_seopress_robots_primary_cat":"","_seopress_titles_title":"","_seopress_titles_desc":"","_seopress_robots_index":"","_et_pb_use_builder":"","_et_pb_old_content":"","_et_gb_content_width":"","footnotes":""},"categories":[129],"tags":[],"class_list":["post-319038","post","type-post","status-publish","format-standard","hentry","category-sem-categoria"],"_links":{"self":[{"href":"https:\/\/www.focolare.org\/pt-pt\/wp-json\/wp\/v2\/posts\/319038","targetHints":{"allow":["GET"]}}],"collection":[{"href":"https:\/\/www.focolare.org\/pt-pt\/wp-json\/wp\/v2\/posts"}],"about":[{"href":"https:\/\/www.focolare.org\/pt-pt\/wp-json\/wp\/v2\/types\/post"}],"author":[{"embeddable":true,"href":"https:\/\/www.focolare.org\/pt-pt\/wp-json\/wp\/v2\/users\/34"}],"replies":[{"embeddable":true,"href":"https:\/\/www.focolare.org\/pt-pt\/wp-json\/wp\/v2\/comments?post=319038"}],"version-history":[{"count":0,"href":"https:\/\/www.focolare.org\/pt-pt\/wp-json\/wp\/v2\/posts\/319038\/revisions"}],"wp:attachment":[{"href":"https:\/\/www.focolare.org\/pt-pt\/wp-json\/wp\/v2\/media?parent=319038"}],"wp:term":[{"taxonomy":"category","embeddable":true,"href":"https:\/\/www.focolare.org\/pt-pt\/wp-json\/wp\/v2\/categories?post=319038"},{"taxonomy":"post_tag","embeddable":true,"href":"https:\/\/www.focolare.org\/pt-pt\/wp-json\/wp\/v2\/tags?post=319038"}],"curies":[{"name":"wp","href":"https:\/\/api.w.org\/{rel}","templated":true}]}}