{"id":319068,"date":"2024-02-27T17:14:03","date_gmt":"2024-02-27T16:14:03","guid":{"rendered":"https:\/\/www.focolare.org\/evangelho-vivido-e-o-vosso-proceder-seja-todo-inspirado-no-amor-1cor-1614\/"},"modified":"2024-05-15T21:15:14","modified_gmt":"2024-05-15T19:15:14","slug":"evangelho-vivido-e-o-vosso-proceder-seja-todo-inspirado-no-amor-1cor-1614","status":"publish","type":"post","link":"https:\/\/www.focolare.org\/pt-pt\/evangelho-vivido-e-o-vosso-proceder-seja-todo-inspirado-no-amor-1cor-1614\/","title":{"rendered":"Evangelho Vivido: \u201cE o vosso proceder seja todo inspirado no amor.\u201d (1Cor 16,14)"},"content":{"rendered":"<p><em>O amor crist\u00e3o \u00e9 um \u201cAmor\u201d que tem uma forma espec\u00edfica, tang\u00edvel, que pode ser tocado nas a\u00e7\u00f5es, das menores \u00e0s maiores. \u00c9 dar a vida por quem est\u00e1 ao nosso redor, \u00e0 imagem de quem, por primeiro, deu a vida por n\u00f3s, nos amando com um amor imenso.<\/em> <\/p>\n<h3><span style=\"color: #993300;\"><strong>Prova ruim<\/strong><\/span><\/h3>\n<p> Nossa filha havia se preparado com esfor\u00e7o para uma prova, mas voltou para casa chorando porque n\u00e3o tinha ido bem. Depois de conversarmos, meu marido e eu decidimos que o jantar seria uma verdadeira festa, mais do que se a prova tivesse sido \u00f3tima. Os outros filhos tamb\u00e9m gostaram da ideia. Mas o momento realmente emocionante foi quando n\u00f3s, os pais, come\u00e7amos a listar os fracassos da nossa vida e como superamos esses momentos. Com as \u201cconfiss\u00f5es\u201d dos outros, o jantar se transformou em uma comunh\u00e3o profunda, uma oportunidade de crescermos juntos. Nossa filha ficou feliz: \u201cTalvez esse fracasso fosse necess\u00e1rio n\u00e3o somente para mim, mas para toda a fam\u00edlia. Nunca teria pensado que as derrotas poderiam ajudar a crescer e a entender a vida. Estou muito agradecida!\u201d. Ao contar tamb\u00e9m para outros parentes e amigos, o epis\u00f3dio foi reproposto a v\u00e1rios deles, usando qualquer pretexto, para os pr\u00f3prios filhos. No fim, todos concordaram que a fam\u00edlia precisa ir profundamente com as fragilidades de cada um para crescer no amor.  (W.R. \u2013 Holanda) <\/p>\n<h3><span style=\"color: #993300;\"><strong>Amor que vai e volta<\/strong><\/span><\/h3>\n<p> Quando tenho tempo livre, fico como bab\u00e1 de duas meninas, filhas de um casal senegal\u00eas, quando precisam. Os pais ficam sempre muito agradecidos: \u201cSem voc\u00ea, estar\u00edamos perdidos!\u201d, dizem eles. Algumas vezes, ofere\u00e7o ajuda sem esperar que pe\u00e7am. Assim, h\u00e1 alguns dias, avisei o pai sobre a minha disponibilidade para domingo de manh\u00e3. Depois de um tempo, ele me telefonou: \u201cLorenza, voc\u00ea precisa me explicar como faz para adivinhar as nossas necessidades! Chegou no momento certo!\u201d. E eu: \u201c\u00c9 Deus que move os cora\u00e7\u00f5es, Tacko, \u00e9 a ele que devemos agradecer porque nos fez irm\u00e3os e irm\u00e3s\u201d. Gra\u00e7as ao relacionamento de fam\u00edlia com eles, quando, por causa de uma viagem, tive que sair a uma da manh\u00e3, pedi uma carona at\u00e9 a esta\u00e7\u00e3o justamente a ele, para dar a possibilidade de amar tamb\u00e9m. E, com muita aten\u00e7\u00e3o, ficou comigo at\u00e9 a chegada dos outros do meu grupo! H\u00e1 alguns dias, Tacko e sua esposa vieram at\u00e9 a minha casa para trazer uma por\u00e7\u00e3o de arroz e frango preparados do modo deles. \u201cAgora sabemos quais s\u00e3o os seus gostos, afinal, voc\u00ea tamb\u00e9m j\u00e1 \u00e9 um pouco africana.\u201d  (Lorenza \u2013 It\u00e1lia) <\/p>\n<h3><span style=\"color: #993300;\"><strong>Colher a inspira\u00e7\u00e3o<\/strong><\/span><\/h3>\n<p> Em uma reuni\u00e3o da empresa na qual trabalho, tive a oportunidade de ser construtor de paz, por meio do respeito e do di\u00e1logo com quem \u00e9 diferente de n\u00f3s, da nossa cultura ou f\u00e9. O ar estava pesado, o tom da voz estava alto e acusat\u00f3rio. Como contribuir para acalmar os \u00e2nimos? Falar parecia imposs\u00edvel e talvez contraproducente. Eu escutava quem falava, ou gritava, com um ar sereno e procurando entender as suas raz\u00f5es. N\u00e3o era f\u00e1cil. Era um esfor\u00e7o que me deixava exausto. No intervalo, o colega que tinha subido o tom de voz mais do que todos veio at\u00e9 mim me pedindo desculpas por como havia se comportado. Eu o abracei sem dizer nada. E ele, continuando seu desabafo: \u201cMinha mulher soube ontem que est\u00e1 com uma doen\u00e7a incur\u00e1vel. Estou desesperado\u201d. Ent\u00e3o, o aconselhei a procurar um amigo m\u00e9dico e ele ficou muito agradecido. Conclu\u00ed com a promessa de que continuaria ao seu lado. Quando voltamos para a sala, a atmosfera n\u00e3o estava mais como antes. O importante \u00e9 o momento presente para colher a inspira\u00e7\u00e3o que Deus nos d\u00e1 para agir.  (E.J. \u2013 EUA) <\/p>\n<p style=\"text-align: right;\"><em>por Maria Grazia Berretta<\/em><em> (trecho de Il Vangelo del Giorno, Citt\u00e0 Nuova, ano X\u2013 n.1\u00b0 janeiro-fevereiro 2024)<\/em><\/p>\n","protected":false},"excerpt":{"rendered":"<p>O amor crist\u00e3o \u00e9 um \u201cAmor\u201d que tem uma forma espec\u00edfica, tang\u00edvel, que pode ser tocado nas a\u00e7\u00f5es, das menores \u00e0s maiores. \u00c9 dar a vida por quem est\u00e1 ao nosso redor, \u00e0 imagem de quem, por primeiro, deu a vida por n\u00f3s, nos amando com um amor imenso.<\/p>\n","protected":false},"author":34,"featured_media":0,"comment_status":"open","ping_status":"open","sticky":false,"template":"","format":"standard","meta":{"give_campaign_id":0,"_seopress_robots_primary_cat":"","_seopress_titles_title":"","_seopress_titles_desc":"","_seopress_robots_index":"","_et_pb_use_builder":"","_et_pb_old_content":"","_et_gb_content_width":"","footnotes":""},"categories":[129],"tags":[],"class_list":["post-319068","post","type-post","status-publish","format-standard","hentry","category-sem-categoria"],"_links":{"self":[{"href":"https:\/\/www.focolare.org\/pt-pt\/wp-json\/wp\/v2\/posts\/319068","targetHints":{"allow":["GET"]}}],"collection":[{"href":"https:\/\/www.focolare.org\/pt-pt\/wp-json\/wp\/v2\/posts"}],"about":[{"href":"https:\/\/www.focolare.org\/pt-pt\/wp-json\/wp\/v2\/types\/post"}],"author":[{"embeddable":true,"href":"https:\/\/www.focolare.org\/pt-pt\/wp-json\/wp\/v2\/users\/34"}],"replies":[{"embeddable":true,"href":"https:\/\/www.focolare.org\/pt-pt\/wp-json\/wp\/v2\/comments?post=319068"}],"version-history":[{"count":0,"href":"https:\/\/www.focolare.org\/pt-pt\/wp-json\/wp\/v2\/posts\/319068\/revisions"}],"wp:attachment":[{"href":"https:\/\/www.focolare.org\/pt-pt\/wp-json\/wp\/v2\/media?parent=319068"}],"wp:term":[{"taxonomy":"category","embeddable":true,"href":"https:\/\/www.focolare.org\/pt-pt\/wp-json\/wp\/v2\/categories?post=319068"},{"taxonomy":"post_tag","embeddable":true,"href":"https:\/\/www.focolare.org\/pt-pt\/wp-json\/wp\/v2\/tags?post=319068"}],"curies":[{"name":"wp","href":"https:\/\/api.w.org\/{rel}","templated":true}]}}